{"id":37968,"date":"2026-02-20T10:42:04","date_gmt":"2026-02-20T10:42:04","guid":{"rendered":"https:\/\/bihavadis.com\/?p=37968"},"modified":"2026-02-20T10:42:04","modified_gmt":"2026-02-20T10:42:04","slug":"akilli-telefon-pazarinda-kriz-artan-bellek-fiyatlari-uretime-darbe-vuruyor","status":"publish","type":"post","link":"https:\/\/bihavadis.com\/index.php\/2026\/02\/20\/akilli-telefon-pazarinda-kriz-artan-bellek-fiyatlari-uretime-darbe-vuruyor\/","title":{"rendered":"Ak\u0131ll\u0131 telefon pazar\u0131nda kriz: Artan bellek fiyatlar\u0131 \u00fcretime darbe vuruyor"},"content":{"rendered":"<p>TrendForce taraf\u0131ndan yay\u0131nlanan son ara\u015ft\u0131rma raporu, ak\u0131ll\u0131 telefon sekt\u00f6r\u00fcn\u00fc bekleyen zorlu tabloyu g\u00f6zler \u00f6n\u00fcne serdi.<\/p>\n<p>Artan bellek fiyatlar\u0131n\u0131n perakende maliyetlerini yukar\u0131 \u00e7ekmesiyle birlikte, 2026 y\u0131l\u0131nda k\u00fcresel telefon \u00fcretiminde ciddi bir daralma ya\u015fanaca\u011f\u0131 \u00f6ng\u00f6r\u00fcl\u00fcyor.<\/p>\n<p><strong>\u00dcRET\u0130MDE Y\u00dcZDE 15&#8217;E VARAN D\u00dc\u015e\u00dc\u015e R\u0130SK\u0130<\/strong><\/p>\n<p>Rapora g\u00f6re toplam \u00fcretimin, y\u0131ll\u0131k bazda y\u00fczde 10 azalarak 1,135 milyar adede gerilemesi bekleniyor.<\/p>\n<p>En k\u00f6t\u00fc senaryoda ise k\u00fcresel \u00fcretimdeki daralman\u0131n y\u00fczde 15 seviyelerine kadar \u00e7\u0131kabilece\u011fi konusunda uyar\u0131lar yap\u0131l\u0131yor.<\/p>\n<p>Bir ak\u0131ll\u0131 telefonun toplam maliyeti i\u00e7inde eskiden y\u00fczde 10 paya sahip olan bellek bile\u015fenleri, son zamlarla birlikte y\u00fczde 40 seviyesine kadar y\u00fckselmi\u015f durumda.<\/p>\n<p>\u00d6zellikle standart hale gelen 8GB RAM ve 256GB depolama birimlerinin maliyeti, ge\u00e7en y\u0131l\u0131n ayn\u0131 d\u00f6nemine g\u00f6re neredeyse \u00fc\u00e7 kat art\u0131\u015f g\u00f6sterdi.<\/p>\n<p><img decoding=\"async\" src=\"https:\/\/bihavadis.com\/wp-content\/uploads\/2026\/02\/akilli-telefon-pazarinda-kriz-artan-bellek-fiyatlari-uretime-darbe-vuruyor-0-dTCbptLS.jpg\"\/><\/p>\n<p><strong>MARKALAR BU S\u00dcRE\u00c7TEN NASIL ETK\u0130LENECEK<\/strong><\/p>\n<p>Dikey entegrasyon avantaj\u0131na sahip Samsung ve premium segmente hitap eden Apple&#8217;\u0131n, artan maliyetleri y\u00f6netme konusunda di\u011fer markalara g\u00f6re daha avantajl\u0131 oldu\u011fu belirtiliyor.<\/p>\n<p>Buna kar\u015f\u0131n giri\u015f seviyesi modellere odaklanan ve fiyata duyarl\u0131 bir kitleye hitap eden Xiaomi gibi markalar\u0131n krizden daha fazla etkilenece\u011fi tahmin ediliyor.<\/p>\n<p>\u00c7in pazar\u0131nda ise Huawei&#8217;nin g\u00fc\u00e7l\u00fc marka sadakati ve kendi ekosistemi sayesinde genel d\u00fc\u015f\u00fc\u015f trendinin aksine b\u00fcy\u00fcme kaydedebilece\u011fi ifade ediliyor.<\/p>\n<p>Di\u011fer \u00c7inli \u00fcreticilerin ise hem artan maliyetler hem de Huawei rekabeti aras\u0131nda s\u0131k\u0131\u015faca\u011f\u0131 \u00f6ng\u00f6r\u00fcl\u00fcyor.<\/p>\n<p><strong>T\u00dcKET\u0130C\u0130 ALI\u015eKANLIKLARI DE\u011e\u0130\u015e\u0130YOR<\/strong><\/p>\n<p>Uzmanlar, \u00fcretimdeki d\u00fc\u015f\u00fc\u015f\u00fcn sadece fiyat art\u0131\u015flar\u0131ndan de\u011fil, ayn\u0131 zamanda de\u011fi\u015fen t\u00fcketici davran\u0131\u015flar\u0131ndan da kaynakland\u0131\u011f\u0131n\u0131 vurguluyor.<\/p>\n<p>Mevcut telefonlar\u0131n g\u00fcnl\u00fck ihtiya\u00e7lar\u0131 fazlas\u0131yla kar\u015f\u0131lamas\u0131 nedeniyle kullan\u0131c\u0131lar\u0131n cihaz de\u011fi\u015ftirme s\u00fcrelerinin uzad\u0131\u011f\u0131 bilinen bir ger\u00e7ek.<\/p>\n","protected":false},"excerpt":{"rendered":"<p>Bellek maliyetlerindeki a\u015f\u0131r\u0131 art\u0131\u015f nedeniyle 2026 y\u0131l\u0131nda k\u00fcresel ak\u0131ll\u0131 telefon \u00fcretiminin y\u00fczde 15&#8217;e varan oranda d\u00fc\u015fmesi bekleniyor.<\/p>\n","protected":false},"author":1,"featured_media":37969,"comment_status":"open","ping_status":"open","sticky":false,"template":"","format":"standard","meta":{"footnotes":""},"categories":[16],"tags":[],"class_list":["post-37968","post","type-post","status-publish","format-standard","has-post-thumbnail","hentry","category-teknoloji"],"_links":{"self":[{"href":"https:\/\/bihavadis.com\/index.php\/wp-json\/wp\/v2\/posts\/37968","targetHints":{"allow":["GET"]}}],"collection":[{"href":"https:\/\/bihavadis.com\/index.php\/wp-json\/wp\/v2\/posts"}],"about":[{"href":"https:\/\/bihavadis.com\/index.php\/wp-json\/wp\/v2\/types\/post"}],"author":[{"embeddable":true,"href":"https:\/\/bihavadis.com\/index.php\/wp-json\/wp\/v2\/users\/1"}],"replies":[{"embeddable":true,"href":"https:\/\/bihavadis.com\/index.php\/wp-json\/wp\/v2\/comments?post=37968"}],"version-history":[{"count":1,"href":"https:\/\/bihavadis.com\/index.php\/wp-json\/wp\/v2\/posts\/37968\/revisions"}],"predecessor-version":[{"id":37971,"href":"https:\/\/bihavadis.com\/index.php\/wp-json\/wp\/v2\/posts\/37968\/revisions\/37971"}],"wp:featuredmedia":[{"embeddable":true,"href":"https:\/\/bihavadis.com\/index.php\/wp-json\/wp\/v2\/media\/37969"}],"wp:attachment":[{"href":"https:\/\/bihavadis.com\/index.php\/wp-json\/wp\/v2\/media?parent=37968"}],"wp:term":[{"taxonomy":"category","embeddable":true,"href":"https:\/\/bihavadis.com\/index.php\/wp-json\/wp\/v2\/categories?post=37968"},{"taxonomy":"post_tag","embeddable":true,"href":"https:\/\/bihavadis.com\/index.php\/wp-json\/wp\/v2\/tags?post=37968"}],"curies":[{"name":"wp","href":"https:\/\/api.w.org\/{rel}","templated":true}]}}