{"id":38015,"date":"2026-02-20T11:21:08","date_gmt":"2026-02-20T11:21:08","guid":{"rendered":"https:\/\/bihavadis.com\/?p=38015"},"modified":"2026-02-20T11:21:08","modified_gmt":"2026-02-20T11:21:08","slug":"antalyada-yangin-faciasi-92-yasindaki-kadin-hayatini-kaybetti","status":"publish","type":"post","link":"https:\/\/bihavadis.com\/index.php\/2026\/02\/20\/antalyada-yangin-faciasi-92-yasindaki-kadin-hayatini-kaybetti\/","title":{"rendered":"Antalya&#8217;da yang\u0131n facias\u0131: 92 ya\u015f\u0131ndaki kad\u0131n hayat\u0131n\u0131 kaybetti"},"content":{"rendered":"<p>Antalya&#8217;n\u0131n Manavgat il\u00e7esinde, trajik bir yang\u0131n vakas\u0131 ya\u015fand\u0131.<\/p>\n<p>Gebece Mahallesinde 92 ya\u015f\u0131ndaki G\u00fcls\u00fcm Sar\u0131&#8217;ya ait eski ta\u015f ev, alevlere teslim oldu.<\/p>\n<p>Sobadan s\u0131\u00e7rayan k\u0131v\u0131lc\u0131m nedeniyle \u00e7\u0131kt\u0131\u011f\u0131 d\u00fc\u015f\u00fcn\u00fclen yang\u0131na kom\u015fular m\u00fcdahale etti.<\/p>\n<p><strong>YA\u015eLI KADIN A\u011eIR YARALANDI<\/strong><\/p>\n<p>Mahalle sakinleri ve itfaiye ekipleri taraf\u0131ndan yang\u0131n s\u00f6nd\u00fcr\u00fcl\u00fcrken olay an\u0131nda soban\u0131n yak\u0131n\u0131nda uyudu\u011fu \u00f6\u011frenilen 92 ya\u015f\u0131ndaki G\u00fcls\u00fcm Sar\u0131, v\u00fccudundaki yan\u0131klar nedeniyle a\u011f\u0131r yaraland\u0131.<\/p>\n<p>\u0130lk m\u00fcdahalesi olay yerinde bulunan 112 Acil Sa\u011fl\u0131k ekipleri taraf\u0131ndan yap\u0131lan G\u00fcls\u00fcm Sar\u0131, \u00f6nce Manavgat Devlet Hastanesi&#8217;ne ard\u0131ndan da durumunun a\u011f\u0131r olmas\u0131 nedeniyle Antalya \u015eehir Hastanesi&#8217;ne sevk edildi.<\/p>\n<p><img decoding=\"async\" src=\"https:\/\/bihavadis.com\/wp-content\/uploads\/2026\/02\/antalyada-yangin-faciasi-92-yasindaki-kadin-hayatini-kaybetti-0-BQp8mtWg.jpg\"\/><\/p>\n<p><strong>HASTANEDE SON NEFES\u0130N\u0130 VERD\u0130<\/strong><\/p>\n<p>Antalya \u015eehir Hastanesi&#8217;nde tedavi alt\u0131na al\u0131nan ya\u015fl\u0131 kad\u0131n, doktorlar\u0131n t\u00fcm m\u00fcdahalelerine ra\u011fmen kurtar\u0131lamayarak hayat\u0131n\u0131 kaybetti. Kesin \u00f6l\u00fcm nedeninin belirlenmesi i\u00e7in Antalya Adli T\u0131p Kurumu morguna kald\u0131r\u0131lan G\u00fcls\u00fcm Sar\u0131&#8217;n\u0131n cans\u0131z bedeni, yap\u0131lan savc\u0131l\u0131k incelemesi ve otopsi i\u015flemlerinin ard\u0131ndan yak\u0131nlar\u0131 taraf\u0131ndan teslim al\u0131nd\u0131. G\u00fcls\u00fcm Sar\u0131&#8217;n\u0131n cenazesi, topra\u011fa verilmek \u00fczere Manavgat&#8217;\u0131n Gebece Mahallesi&#8217;ne g\u00f6t\u00fcr\u00fcld\u00fc.<\/p>\n<p><img decoding=\"async\" src=\"https:\/\/bihavadis.com\/wp-content\/uploads\/2026\/02\/antalyada-yangin-faciasi-92-yasindaki-kadin-hayatini-kaybetti-1-vH3nv6nB.jpg\"\/><\/p>\n","protected":false},"excerpt":{"rendered":"<p>Manavgat&#8217;ta uyudu\u011fu s\u0131rada sobadan s\u0131\u00e7rayan k\u0131v\u0131lc\u0131m nedeniyle evinde yang\u0131n \u00e7\u0131kan 92 ya\u015f\u0131ndaki G\u00fcls\u00fcm Sar\u0131 a\u011f\u0131r yaraland\u0131. Sar\u0131, ekiplerin t\u00fcm m\u00fcdahalesine ra\u011fmen kurtar\u0131lamad\u0131.<\/p>\n","protected":false},"author":1,"featured_media":38016,"comment_status":"open","ping_status":"open","sticky":false,"template":"","format":"standard","meta":{"footnotes":""},"categories":[4,13],"tags":[5383],"class_list":["post-38015","post","type-post","status-publish","format-standard","has-post-thumbnail","hentry","category-gundem","category-son-dakika","tag-gulsum"],"_links":{"self":[{"href":"https:\/\/bihavadis.com\/index.php\/wp-json\/wp\/v2\/posts\/38015","targetHints":{"allow":["GET"]}}],"collection":[{"href":"https:\/\/bihavadis.com\/index.php\/wp-json\/wp\/v2\/posts"}],"about":[{"href":"https:\/\/bihavadis.com\/index.php\/wp-json\/wp\/v2\/types\/post"}],"author":[{"embeddable":true,"href":"https:\/\/bihavadis.com\/index.php\/wp-json\/wp\/v2\/users\/1"}],"replies":[{"embeddable":true,"href":"https:\/\/bihavadis.com\/index.php\/wp-json\/wp\/v2\/comments?post=38015"}],"version-history":[{"count":1,"href":"https:\/\/bihavadis.com\/index.php\/wp-json\/wp\/v2\/posts\/38015\/revisions"}],"predecessor-version":[{"id":38019,"href":"https:\/\/bihavadis.com\/index.php\/wp-json\/wp\/v2\/posts\/38015\/revisions\/38019"}],"wp:featuredmedia":[{"embeddable":true,"href":"https:\/\/bihavadis.com\/index.php\/wp-json\/wp\/v2\/media\/38016"}],"wp:attachment":[{"href":"https:\/\/bihavadis.com\/index.php\/wp-json\/wp\/v2\/media?parent=38015"}],"wp:term":[{"taxonomy":"category","embeddable":true,"href":"https:\/\/bihavadis.com\/index.php\/wp-json\/wp\/v2\/categories?post=38015"},{"taxonomy":"post_tag","embeddable":true,"href":"https:\/\/bihavadis.com\/index.php\/wp-json\/wp\/v2\/tags?post=38015"}],"curies":[{"name":"wp","href":"https:\/\/api.w.org\/{rel}","templated":true}]}}