{"id":38063,"date":"2026-02-20T11:54:05","date_gmt":"2026-02-20T11:54:05","guid":{"rendered":"https:\/\/bihavadis.com\/?p=38063"},"modified":"2026-02-20T11:54:05","modified_gmt":"2026-02-20T11:54:05","slug":"buca-belediye-baskani-gorkem-dumandan-ankara-cikarmasi","status":"publish","type":"post","link":"https:\/\/bihavadis.com\/index.php\/2026\/02\/20\/buca-belediye-baskani-gorkem-dumandan-ankara-cikarmasi\/","title":{"rendered":"Buca Belediye Ba\u015fkan\u0131 G\u00f6rkem Duman&#8217;dan Ankara \u00e7\u0131karmas\u0131"},"content":{"rendered":"<p>Buca\u2019n\u0131n projeleri Ankara\u2019da g\u00f6r\u00fcc\u00fcye \u00e7\u0131kt\u0131. Buca Belediye Ba\u015fkan\u0131 G\u00f6rkem Duman, CHP Genel Ba\u015fkan\u0131 \u00d6zg\u00fcr \u00d6zel\u2019e il\u00e7edeki de\u011fi\u015fim ve sosyal belediyecilik \u00e7al\u0131\u015fmalar\u0131 hakk\u0131nda kapsaml\u0131 bir sunum yapt\u0131.<\/p>\n<p>Buca Belediye Ba\u015fkan\u0131 G\u00f6rkem Duman, Cumhuriyet Halk Partisi (CHP) Genel Ba\u015fkan\u0131 \u00d6zg\u00fcr \u00d6zel\u2019i Ankara\u2019da, parti genel merkezinde ziyaret etti. Yerel y\u00f6netim \u00e7al\u0131\u015fmalar\u0131 ve Buca\u2019n\u0131n gelecek vizyonunun masaya yat\u0131r\u0131ld\u0131\u011f\u0131 g\u00f6r\u00fc\u015fmede Buca Belediye Ba\u015fkan\u0131 G\u00f6rkem Duman,\u00a0 g\u00f6reve geldi\u011fi g\u00fcnden bu yana Buca\u2019da hayata ge\u00e7irilen projeler ve planlanan yat\u0131r\u0131mlar hakk\u0131nda sunum yapt\u0131. Ba\u015fkan G\u00f6rkem Duman, sunumunda Y\u0131ld\u0131z Mahallesi\u2019nde hizmete a\u00e7t\u0131klar\u0131 ve d\u00fcnyaca \u00fcnl\u00fc T\u00fcrk halterci Naim S\u00fcleymano\u011flu\u2019nun ad\u0131n\u0131 verdikleri Sporium Spor Merkezi\u2019nden S\u00f6\u011f\u00fct mevkisinde ya\u015fama ge\u00e7irdikleri 4 bin metrekarelik seraya, Kent Lokantalar\u0131ndan Ova b\u00f6lgesinde 8 Mart\u2019ta hizmete a\u00e7acaklar\u0131 ve \u015eehzadeler Belediye Ba\u015fkan\u0131 G\u00fcl\u015fah Durbay\u2019\u0131n ismini verecekleri Kad\u0131n Dan\u0131\u015fma Merkezi\u2019ne, nisan ay\u0131nda hizmete a\u00e7acaklar\u0131 so\u011fuk hava deposundan bin \u00f6\u011frenciye hizmet verme kapasitesine sahip Edip Akbayram Et\u00fct Merkezi\u2019ne kadar sosyal belediyecilik vizyonu \u00e7er\u00e7evesinde ger\u00e7ekle\u015ftirdikleri \u00e7al\u0131\u015fmalara yer verdi.<\/p>\n<p>Ba\u015fkan G\u00f6rkem Duman\u2019\u0131n sunumunda ayr\u0131ca S\u00f6\u011f\u00fct mevkisindeki serada \u00fcretilen \u00fcr\u00fcnlerin uygun fiyatlarla sat\u0131\u015fa sunulaca\u011f\u0131 Halk Market \u00e7al\u0131\u015fmas\u0131, il\u00e7enin yol yap\u0131m ve tamir \u00e7al\u0131\u015fmalar\u0131na ivme kazand\u0131rmak \u00fczere belediyeye kazand\u0131r\u0131lan asfalt yama robotu ile \u0130zmir B\u00fcy\u00fck\u015fehir Belediyesi\u2019nin deste\u011fi ile faaliyete ge\u00e7ecek Asfalt Plent Tesisi projeleri de yer ald\u0131.<\/p>\n<p>SOSYAL MEDYASINDAN A\u00c7IKLAMA YAPTI<\/p>\n<p>G\u00f6r\u00fc\u015fmenin ard\u0131ndan sosyal medya hesaplar\u0131ndan payla\u015f\u0131m yapan Buca Belediye Ba\u015fkan\u0131 G\u00f6rkem Duman, \u015fu ifadeleri kulland\u0131:<\/p>\n<p>\u201cBaba oca\u011f\u0131m\u0131zda, Genel Ba\u015fkan\u0131m\u0131z Say\u0131n \u00d6zg\u00fcr \u00d6zel\u2019i ziyaret ettim. Buca\u2019m\u0131z i\u00e7in y\u00fcr\u00fctt\u00fc\u011f\u00fcm\u00fcz \u00e7al\u0131\u015fmalar\u0131m\u0131z ve \u00f6n\u00fcm\u00fczdeki g\u00fcnlerde hayata ge\u00e7irece\u011fimiz projelerimiz hakk\u0131nda bilgileri payla\u015ft\u0131m.<\/p>\n<p>Say\u0131n Genel Ba\u015fkan\u0131m\u0131za, g\u00f6sterdi\u011fi yak\u0131n ilgi ve verdi\u011fi destekler i\u00e7in y\u00fcrekten te\u015fekk\u00fcr ediyorum.\u201d<\/p>\n<p>\u00a0<\/p>\n<p>Kaynak: (BYZHA) Beyaz Haber Ajans\u0131<\/p>\n","protected":false},"excerpt":{"rendered":"<p>Buca\u2019n\u0131n projeleri Ankara\u2019da g\u00f6r\u00fcc\u00fcye \u00e7\u0131kt\u0131. Buca Belediye Ba\u015fkan\u0131 G\u00f6rkem Duman, CHP Genel Ba\u015fkan\u0131 \u00d6zg\u00fcr \u00d6zel\u2019e il\u00e7edeki de\u011fi\u015fim ve sosyal belediyecilik \u00e7al\u0131\u015fmalar\u0131 hakk\u0131nda kapsaml\u0131 bir sunum yapt\u0131.<\/p>\n","protected":false},"author":1,"featured_media":38064,"comment_status":"open","ping_status":"open","sticky":false,"template":"","format":"standard","meta":{"footnotes":""},"categories":[4],"tags":[516,399,1707,5388],"class_list":["post-38063","post","type-post","status-publish","format-standard","has-post-thumbnail","hentry","category-gundem","tag-baskan","tag-belediye-baskani","tag-buca","tag-gorkem-duman"],"_links":{"self":[{"href":"https:\/\/bihavadis.com\/index.php\/wp-json\/wp\/v2\/posts\/38063","targetHints":{"allow":["GET"]}}],"collection":[{"href":"https:\/\/bihavadis.com\/index.php\/wp-json\/wp\/v2\/posts"}],"about":[{"href":"https:\/\/bihavadis.com\/index.php\/wp-json\/wp\/v2\/types\/post"}],"author":[{"embeddable":true,"href":"https:\/\/bihavadis.com\/index.php\/wp-json\/wp\/v2\/users\/1"}],"replies":[{"embeddable":true,"href":"https:\/\/bihavadis.com\/index.php\/wp-json\/wp\/v2\/comments?post=38063"}],"version-history":[{"count":1,"href":"https:\/\/bihavadis.com\/index.php\/wp-json\/wp\/v2\/posts\/38063\/revisions"}],"predecessor-version":[{"id":38065,"href":"https:\/\/bihavadis.com\/index.php\/wp-json\/wp\/v2\/posts\/38063\/revisions\/38065"}],"wp:featuredmedia":[{"embeddable":true,"href":"https:\/\/bihavadis.com\/index.php\/wp-json\/wp\/v2\/media\/38064"}],"wp:attachment":[{"href":"https:\/\/bihavadis.com\/index.php\/wp-json\/wp\/v2\/media?parent=38063"}],"wp:term":[{"taxonomy":"category","embeddable":true,"href":"https:\/\/bihavadis.com\/index.php\/wp-json\/wp\/v2\/categories?post=38063"},{"taxonomy":"post_tag","embeddable":true,"href":"https:\/\/bihavadis.com\/index.php\/wp-json\/wp\/v2\/tags?post=38063"}],"curies":[{"name":"wp","href":"https:\/\/api.w.org\/{rel}","templated":true}]}}