{"id":38248,"date":"2026-02-20T14:09:07","date_gmt":"2026-02-20T14:09:07","guid":{"rendered":"https:\/\/bihavadis.com\/?p=38248"},"modified":"2026-02-20T14:09:07","modified_gmt":"2026-02-20T14:09:07","slug":"adalet-bakani-gurleki-tehdit-eden-chpli-baskan-tutuklandi","status":"publish","type":"post","link":"https:\/\/bihavadis.com\/index.php\/2026\/02\/20\/adalet-bakani-gurleki-tehdit-eden-chpli-baskan-tutuklandi\/","title":{"rendered":"Adalet Bakan\u0131 G\u00fcrlek&#8217;i tehdit eden CHP&#8217;li ba\u015fkan tutukland\u0131"},"content":{"rendered":"<p>Anadolu Cumhuriyet Ba\u015fsavc\u0131l\u0131\u011f\u0131 taraf\u0131ndan ba\u015flat\u0131lan soru\u015fturmada,\u00a0CHP Adalar Gen\u00e7lik Kollar\u0131 Ba\u015fkan\u0131 Ramazan Y\u0131ld\u0131z\u2019\u0131n, Ak\u0131n G\u00fcrlek\u2019in Adalet Bakan\u0131 olarak atand\u0131\u011f\u0131na ili\u015fkin bir haberin alt\u0131na <b><em>\u201cSeni kar\u0131\u015f kar\u0131\u015f oyaca\u011f\u0131z. G\u00fcrlek\u201d<\/em><\/b> \u015feklinde yorum yapt\u0131\u011f\u0131 \u00f6ne s\u00fcr\u00fcld\u00fc.<\/p>\n<p>Payla\u015f\u0131m\u0131n ard\u0131ndan savc\u0131l\u0131k taraf\u0131ndan re\u2019sen soru\u015fturma ba\u015flat\u0131ld\u0131\u011f\u0131 bildirildi.<\/p>\n<p><strong>G\u00d6ZALTINA ALINDI, TUTUKLANDI<\/strong><\/p>\n<p>\u015e\u00fcpheli Ramazan Y\u0131ld\u0131z, soru\u015fturma kapsam\u0131nda d\u00fcn ak\u015fam saatlerinde g\u00f6zalt\u0131na al\u0131nd\u0131. Emniyetteki i\u015flemleri tamamlanan Y\u0131ld\u0131z, Anadolu Adalet Saray\u0131\u2019na sevk edildi.<\/p>\n<p>Savc\u0131l\u0131kta ifadesi al\u0131nan Y\u0131ld\u0131z, \u201cter\u00f6rle m\u00fccadelede g\u00f6rev alm\u0131\u015f ki\u015fileri hedef g\u00f6sterme\u201d su\u00e7lamas\u0131yla tutuklanmas\u0131 talebiyle n\u00f6bet\u00e7i sulh ceza hakimli\u011fine \u00e7\u0131kar\u0131ld\u0131.<\/p>\n<p>Hakimlik, \u015f\u00fcpheli Ramazan Y\u0131ld\u0131z\u2019\u0131n tutuklanmas\u0131na karar verdi.<\/p>\n<p>Soru\u015fturman\u0131n Anadolu Cumhuriyet Ba\u015fsavc\u0131l\u0131\u011f\u0131 taraf\u0131ndan s\u00fcrd\u00fcr\u00fcld\u00fc\u011f\u00fc \u00f6\u011frenildi.<\/p>\n<p><img decoding=\"async\" src=\"https:\/\/bihavadis.com\/wp-content\/uploads\/2026\/02\/adalet-bakani-gurleki-tehdit-eden-chpli-baskan-tutuklandi-0-q2VpPcpU.jpg\"\/><\/p>\n","protected":false},"excerpt":{"rendered":"<p>Adalet Bakan\u0131 Ak\u0131n G\u00fcrlek hakk\u0131nda sosyal medyada tehdit i\u00e7erikli payla\u015f\u0131m yapt\u0131\u011f\u0131 iddias\u0131yla g\u00f6zalt\u0131na al\u0131nan CHP Adalar Gen\u00e7lik Kollar\u0131 Ba\u015fkan\u0131 Ramazan Y\u0131ld\u0131z, tutukland\u0131.<\/p>\n","protected":false},"author":1,"featured_media":38249,"comment_status":"open","ping_status":"open","sticky":false,"template":"","format":"standard","meta":{"footnotes":""},"categories":[4,13],"tags":[],"class_list":["post-38248","post","type-post","status-publish","format-standard","has-post-thumbnail","hentry","category-gundem","category-son-dakika"],"_links":{"self":[{"href":"https:\/\/bihavadis.com\/index.php\/wp-json\/wp\/v2\/posts\/38248","targetHints":{"allow":["GET"]}}],"collection":[{"href":"https:\/\/bihavadis.com\/index.php\/wp-json\/wp\/v2\/posts"}],"about":[{"href":"https:\/\/bihavadis.com\/index.php\/wp-json\/wp\/v2\/types\/post"}],"author":[{"embeddable":true,"href":"https:\/\/bihavadis.com\/index.php\/wp-json\/wp\/v2\/users\/1"}],"replies":[{"embeddable":true,"href":"https:\/\/bihavadis.com\/index.php\/wp-json\/wp\/v2\/comments?post=38248"}],"version-history":[{"count":1,"href":"https:\/\/bihavadis.com\/index.php\/wp-json\/wp\/v2\/posts\/38248\/revisions"}],"predecessor-version":[{"id":38251,"href":"https:\/\/bihavadis.com\/index.php\/wp-json\/wp\/v2\/posts\/38248\/revisions\/38251"}],"wp:featuredmedia":[{"embeddable":true,"href":"https:\/\/bihavadis.com\/index.php\/wp-json\/wp\/v2\/media\/38249"}],"wp:attachment":[{"href":"https:\/\/bihavadis.com\/index.php\/wp-json\/wp\/v2\/media?parent=38248"}],"wp:term":[{"taxonomy":"category","embeddable":true,"href":"https:\/\/bihavadis.com\/index.php\/wp-json\/wp\/v2\/categories?post=38248"},{"taxonomy":"post_tag","embeddable":true,"href":"https:\/\/bihavadis.com\/index.php\/wp-json\/wp\/v2\/tags?post=38248"}],"curies":[{"name":"wp","href":"https:\/\/api.w.org\/{rel}","templated":true}]}}