{"id":38277,"date":"2026-02-20T14:33:06","date_gmt":"2026-02-20T14:33:06","guid":{"rendered":"https:\/\/bihavadis.com\/?p=38277"},"modified":"2026-02-20T14:33:06","modified_gmt":"2026-02-20T14:33:06","slug":"aziz-ihsan-aktas-davasi-devam-ediyor-baki-nugay-savunma-yapti","status":"publish","type":"post","link":"https:\/\/bihavadis.com\/index.php\/2026\/02\/20\/aziz-ihsan-aktas-davasi-devam-ediyor-baki-nugay-savunma-yapti\/","title":{"rendered":"Aziz \u0130hsan Akta\u015f davas\u0131 devam ediyor: Baki Nugay savunma yapt\u0131"},"content":{"rendered":"<p>Aziz \u0130hsan Akta\u015f davas\u0131nda san\u0131klar, savunma yapmaya devam ediyor.<\/p>\n<p>Belediye Ba\u015fkanlar\u0131na r\u00fc\u015fvet vermek ve ihale s\u00fcre\u00e7lerini y\u00f6netmek su\u00e7undan yarg\u0131lanan ve liderli\u011fini Aziz \u0130hsan Akta\u015f&#8217;\u0131n yapt\u0131\u011f\u0131 belirlenen su\u00e7 \u00f6rg\u00fct\u00fcne y\u00f6nelik haz\u0131rlanan iddianamede tutuksuz san\u0131k Baki Nugay savunma ger\u00e7ekle\u015ftirdi.<\/p>\n<p>San\u0131k, <em><b>&#8220;Zeydan Karalar bana, d\u00fczenli \u00f6deme alabilmeye devam edebilmem i\u00e7in belirli bir miktar\u0131n kendilerine \u00f6demem gerekti\u011fini ve bu s\u00fcrecin \u00d6zcan Zenger ile y\u00fcr\u00fct\u00fclmesi gerekti\u011fini s\u00f6yledi. <\/b><\/em><\/p>\n<p><em><b>Bu talebin reddi halinde, \u015firketimizin finansal olarak bunu telafi edemeyece\u011fini s\u00f6yledi. Bu dayatmay\u0131 kabul etmek zorunda kald\u0131m&#8221;<\/b><\/em> dedi.<\/p>\n<p><strong>B\u0130R\u00c7OK BELED\u0130YE BA\u015eKANI G\u00d6REV\u0130NDEN UZAKLA\u015eTIRILDI<\/strong><\/p>\n<p>Liderli\u011fini Aziz \u0130hsan Akta\u015f&#8217;\u0131n yapt\u0131\u011f\u0131 \u00f6ne s\u00fcr\u00fclen \u00e7\u0131kar ama\u00e7l\u0131 su\u00e7 \u00f6rg\u00fct\u00fc taraf\u0131ndan aralar\u0131nda tutuklanmalar\u0131n\u0131n ard\u0131ndan g\u00f6revlerinden uzakla\u015ft\u0131r\u0131lan san\u0131klar Be\u015fikta\u015f Belediye Ba\u015fkan\u0131 R\u0131za Akpolat, Avc\u0131lar Belediye Ba\u015fkan\u0131 Utku Caner \u00c7aykara, Seyhan Belediye Ba\u015fkan\u0131 Oya Tekin, Ceyhan Belediye Ba\u015fkan\u0131 Kadir Aydar, tahliye edilen Adana B\u00fcy\u00fck\u015fehir Belediye Ba\u015fkan\u0131 Zeydan Karalar ile tahliye edilip g\u00f6revine iade edilen Ad\u0131yaman Belediye Ba\u015fkan\u0131 Abdurrahman Tutdere&#8217;nin de bulundu\u011fu belediye ba\u015fkanlar\u0131na r\u00fc\u015fvet verilerek ihale s\u00fcre\u00e7lerinin organize edilmesi iddias\u0131na y\u00f6nelik haz\u0131rlanan iddianame kapsam\u0131nda, 200 san\u0131k 27 Ocak Sal\u0131 g\u00fcn\u00fc ilk kez hakim kar\u015f\u0131s\u0131na \u00e7\u0131km\u0131\u015ft\u0131.<\/p>\n<p>12 \u015eubat&#8217;ta g\u00f6r\u00fclen duru\u015fmada, tutuksuz san\u0131klar\u0131n savunmalar\u0131na ge\u00e7ilmi\u015fti.<\/p>\n<p>Marmara Ceza \u0130nfaz Kurumlar\u0131 Silivri kamp\u00fcs\u00fcnde g\u00f6r\u00fclen duru\u015fmaya, tutuklu ve tutuksuz san\u0131klar ile taraflar\u0131n avukatlar\u0131 haz\u0131r bulundu.<\/p>\n<p><em><b>&#8220;Karalar bana, d\u00fczenli \u00f6deme alabilmem i\u00e7in belirli bir miktar\u0131n kendilerine \u00f6demem gerekti\u011fini, s\u00fcrecin Zenger ile y\u00fcr\u00fct\u00fclmesini s\u00f6yledi&#8221;<\/b><\/em><\/p>\n<p>\u0130ddianamede ismi su\u00e7 \u00f6rg\u00fct\u00fc y\u00f6neticisi olarak ge\u00e7en ve belediyelerde ara\u00e7 kiralama ihalesi yapt\u0131\u011f\u0131 aktar\u0131lan ve 12 A\u011fustos 2025 y\u0131l\u0131nda tahliye edilen tutuksuz san\u0131k Baki Nugay savunma yapt\u0131.<\/p>\n<p><img decoding=\"async\" src=\"https:\/\/bihavadis.com\/wp-content\/uploads\/2026\/02\/aziz-ihsan-aktas-davasi-devam-ediyor-baki-nugay-savunma-yapti-0-p1AyxpeY.jpg\"\/><\/p>\n<p><strong>&#8221;ZEYDAN BANA D\u00dcZENL\u0130 \u00d6DEME ALAB\u0130LMEM \u0130\u00c7\u0130N KEND\u0130LER\u0130NE BEL\u0130RL\u0130 M\u0130KTAR \u00d6DEMEM GEREKT\u0130\u011e\u0130N\u0130 S\u00d6YLED\u0130&#8221;<\/strong><\/p>\n<p>Nugay savunmas\u0131nda, &#8220;<em><b>Biz su\u00e7 kast\u0131yla de\u011fil, kamu g\u00fc\u00e7lerini elinde bulunduranlar\u0131n me\u015fru hak edi\u015flerimizi adeta bir rehin gibi tutmas\u0131 kar\u015f\u0131s\u0131nda, \u015firketin u\u011frayaca\u011f\u0131 telafisi imkans\u0131z zararlar\u0131 \u00f6nlemek ad\u0131na at\u0131lm\u0131\u015f, mecburiyeten at\u0131lan ad\u0131mlard\u0131r. <\/b><\/em><\/p>\n<p><em><b>S\u00f6z konusu \u00f6demeler yeni bir ihale alma veya gayrime\u015fru bir menfaat temin etmek amac\u0131yla de\u011fil, fiilen ger\u00e7ekle\u015ftirilmi\u015f hizmetlerin bedeli olan me\u015fru hakedi\u015flerimizi alabilmek i\u00e7in yap\u0131lm\u0131\u015ft\u0131r. <\/b><\/em><\/p>\n<p><em><b>\u015eayet bu \u00f6demeler iddia edildi\u011fi gibi yeni ihale kazanma amac\u0131 ta\u015f\u0131yor olsayd\u0131, ayn\u0131 idari yap\u0131n\u0131n sonras\u0131nda y\u00f6netiminde bulundu\u011fu Adana B\u00fcy\u00fck\u015fehir Belediyesi&#8217;nden de ihaleler al\u0131nm\u0131\u015f olmas\u0131 gerekirdi. <\/b><\/em><\/p>\n<p><em><b>Oysa tek bir ihale dahi al\u0131nmam\u0131\u015f olmas\u0131, Seyhan&#8217;daki s\u00fcrecin bir ihale ba\u011flama operasyonu de\u011fil, hak edi\u015flerin \u00f6denmemesi tehdidiyle y\u00fcr\u00fct\u00fclen bir irtikap s\u00fcreci oldu\u011funu ve benim bu durumda fail de\u011fil, ma\u011fdur konumunda bulundu\u011fumu kan\u0131tlamaktad\u0131r. <\/b><\/em><\/p>\n<p><em><b>Zeydan Karalar bana, d\u00fczenli \u00f6deme alabilmem i\u00e7in belirli bir miktar\u0131n kendilerine \u00f6demem gerekti\u011fini, s\u00fcrecin \u00d6zcan Zenger ile y\u00fcr\u00fct\u00fclmesini s\u00f6yledi.<\/b><\/em><\/p>\n<p><em><b>Bu talebin reddi halinde, \u015firketimizin finansal olarak bunu telafi edemeyece\u011fini s\u00f6yledi. Bu dayatmay\u0131 kabul etmek zorunda kald\u0131m.<\/b><\/em><\/p>\n<p><img decoding=\"async\" src=\"https:\/\/bihavadis.com\/wp-content\/uploads\/2026\/02\/aziz-ihsan-aktas-davasi-devam-ediyor-baki-nugay-savunma-yapti-1-ny6Ma21e.jpg\"\/><\/p>\n<p><strong>&#8221;ESENYURT VE BE\u015e\u0130KTA\u015e BELED\u0130YELER\u0130N\u0130N \u0130HALELER\u0130NE BAKILMASINI \u0130ST\u0130YORUM&#8221;<\/strong><\/p>\n<p><em>Bu beyanlar\u0131m sadece birer iddiadan ibaret de\u011fildir. Avukat\u0131m taraf\u0131ndan haz\u0131rlat\u0131lan ve mahkemenize sunulan bilirki\u015fi raporu, HTS ve baz kay\u0131tlar\u0131 \u00fczerinden bu s\u00fcreci bilimsel olarak ispatlamaktad\u0131r. \u00d6zcan Zenger, Zeydan Kararlar&#8217;\u0131 arad\u0131, 113 saniye g\u00f6r\u00fc\u015ft\u00fcler&#8221; <\/em>ifadelerini kulland\u0131.<\/p>\n<p><em><b>&#8220;Esenyurt ve Be\u015fikta\u015f Belediyelerinin bizim firmam\u0131zdan \u00f6nce ald\u0131\u011f\u0131 ihalelerine bak\u0131lmas\u0131n\u0131 mahkemeden talep ediyorum, as\u0131l ihaleye fesat kar\u0131\u015ft\u0131rma o k\u0131s\u0131mda&#8221;<\/b><\/em><\/p>\n<p>Savunmas\u0131na devam eden san\u0131k Baki Nugay, \u015fu ifadeleri kulland\u0131.<\/p>\n<p><em><b>&#8220;\u00d6zcan Zenger&#8217;e fiziki olarak hakedi\u015f \u00f6demesi yapt\u0131k. Bu HTS ve baz kay\u0131tlar\u0131nda mevcuttur. Bizim ya\u015fad\u0131\u011f\u0131m\u0131z s\u00fcre\u00e7, bir r\u00fc\u015fvet alma, verme durumu de\u011fil, hakkedi\u015f \u00f6demesi alma m\u00fccadelesidir. <\/b><\/em><\/p>\n<p><em><b>\u0130ddianamede yer alan makinelerin sat\u0131\u015f\u0131n\u0131 engelleyerek, maddi menfaat sa\u011flad\u0131\u011f\u0131m iddias\u0131, i\u015fimin pozisyonundan dolay\u0131 imkans\u0131zd\u0131r.<\/b><\/em><\/p>\n<p><em><b>\u0130ddianamede, ihale s\u00fcre\u00e7lerini organize etti\u011fim ve 15 \u015firketi y\u00f6netti\u011fim \u00f6ne s\u00fcr\u00fcl\u00fcyor. Gizli tan\u0131k bunlar\u0131 s\u00f6yl\u00fcyor. Ancak al\u0131nan bilirki\u015fi raporlar\u0131nda b\u00f6yle bir durumun olmad\u0131\u011f\u0131 kan\u0131tlanm\u0131\u015ft\u0131r. <\/b><\/em><\/p>\n<p><em><b>\u0130ddianamedeki hususlara g\u00f6re ben hayalet bir y\u00f6neticiyim \u00e7\u00fcnk\u00fc iddialar\u0131n hi\u00e7biri kan\u0131tlanmam\u0131\u015ft\u0131r. \u00d6zcan Zenger&#8217;e biz fiziki olarak hakedi\u015f \u00f6demesi yapt\u0131k. Bu durum, HTS ve baz kay\u0131tlar\u0131 ile ge\u00e7erlidir.<\/b><\/em><\/p>\n<p><img decoding=\"async\" src=\"https:\/\/bihavadis.com\/wp-content\/uploads\/2026\/02\/aziz-ihsan-aktas-davasi-devam-ediyor-baki-nugay-savunma-yapti-2-Hal3AYd1.jpg\"\/><\/p>\n<p><strong>&#8221;\u00d6RG\u00dcT Y\u00d6NET\u0130C\u0130L\u0130\u011e\u0130 SU\u00c7LAMLARINI KES\u0130NL\u0130KLE KABUL ETM\u0130YORUM&#8221;<\/strong><\/p>\n<p><em><b>Bizim ya\u015fad\u0131\u011f\u0131m\u0131z s\u00fcre\u00e7 bir r\u00fc\u015fvet alma verme durumu de\u011fil, hakedi\u015f \u00f6demelerimizi alma m\u00fccadelemizdir. \u0130ddianamede yer alan makinelerin sat\u0131\u015f\u0131n\u0131 engelleyerek, maddi menfaat sa\u011flad\u0131\u011f\u0131m iddias\u0131, i\u015fimin pozisyonundan dolay\u0131 imkans\u0131zd\u0131r. <\/b><\/em><\/p>\n<p><em><b>\u00d6rg\u00fct y\u00f6neticili\u011fi su\u00e7lamalar\u0131n\u0131 kesinlikle kabul etmiyorum. \u0130ddianamede, bir gizli tan\u0131k, ihale s\u00fcre\u00e7lerini organize etti\u011fimi ve 15 \u015firketi y\u00f6netti\u011fimi \u00f6ne s\u00fcr\u00fcyor. Ancak bilirki\u015fi raporlar\u0131nda b\u00f6yle bir durumun olmad\u0131\u011f\u0131 kan\u0131tlanm\u0131\u015ft\u0131r. <\/b><\/em><\/p>\n<p><em><b>\u0130ddianamede ki hususlara g\u00f6re ben hayalet bir y\u00f6neticiyim \u00e7\u00fcnk\u00fc iddialar\u0131n hi\u00e7biri kan\u0131tlanmam\u0131\u015ft\u0131r. Esenyurt ve Be\u015fikta\u015f Belediyelerinin bizim firmam\u0131zdan \u00f6nce ald\u0131\u011f\u0131 ihalelerine bak\u0131lmas\u0131n\u0131 mahkemeden talep ediyorum, as\u0131l ihaleye fesat kar\u0131\u015ft\u0131rma o k\u0131s\u0131mda. Bu i\u015flerin i\u00e7erisinde \u00e7ok su\u00e7lu ki\u015filer var, bunlar yapan\u0131n yan\u0131na kar m\u0131 kalacak?&#8221;<\/b><\/em>\u00a0<\/p>\n<p><strong>AZ\u0130Z \u0130HSAN AKTA\u015e&#8217;IN KARDE\u015e\u0130 SAVUNMA YAPACAK<\/strong><\/p>\n<p>Duru\u015fmaya yakla\u015f\u0131k 1 saat ara verildi.<\/p>\n<p>Aran\u0131n ard\u0131ndan, \u00f6rg\u00fct lideri iddias\u0131yla yarg\u0131lanan Aziz \u0130hsan Akta\u015f&#8217;\u0131n erkek karde\u015fi tutuksuz san\u0131k Do\u011fan Akta\u015f&#8217;\u0131n savunmas\u0131 ile yarg\u0131lama devam edecek.<\/p>\n","protected":false},"excerpt":{"rendered":"<p>Belediye ba\u015fkanlar\u0131na r\u00fc\u015fvet vererek ihale s\u00fcre\u00e7lerini organize etti\u011fi iddia edilen ve liderli\u011fini Aziz \u0130hsan Akta\u015f&#8217;\u0131n yapt\u0131\u011f\u0131 \u00f6ne s\u00fcr\u00fclen su\u00e7 \u00f6rg\u00fct\u00fcne y\u00f6nelik haz\u0131rlanan iddianame kapsam\u0131nda 200 san\u0131\u011f\u0131n yarg\u0131land\u0131\u011f\u0131 davada savunma yapan \u00f6rg\u00fct y\u00f6neticisi oldu\u011fu \u00f6ne s\u00fcr\u00fclen tutuksuz san\u0131k Baki Nugay savunmas\u0131n\u0131 ger\u00e7ekle\u015ftirdi.<\/p>\n","protected":false},"author":1,"featured_media":38278,"comment_status":"open","ping_status":"open","sticky":false,"template":"","format":"standard","meta":{"footnotes":""},"categories":[9,13],"tags":[1406,1169,297,736,687],"class_list":["post-38277","post","type-post","status-publish","format-standard","has-post-thumbnail","hentry","category-genel","category-son-dakika","tag-iddia","tag-ihale","tag-kar","tag-odeme","tag-savunma"],"_links":{"self":[{"href":"https:\/\/bihavadis.com\/index.php\/wp-json\/wp\/v2\/posts\/38277","targetHints":{"allow":["GET"]}}],"collection":[{"href":"https:\/\/bihavadis.com\/index.php\/wp-json\/wp\/v2\/posts"}],"about":[{"href":"https:\/\/bihavadis.com\/index.php\/wp-json\/wp\/v2\/types\/post"}],"author":[{"embeddable":true,"href":"https:\/\/bihavadis.com\/index.php\/wp-json\/wp\/v2\/users\/1"}],"replies":[{"embeddable":true,"href":"https:\/\/bihavadis.com\/index.php\/wp-json\/wp\/v2\/comments?post=38277"}],"version-history":[{"count":1,"href":"https:\/\/bihavadis.com\/index.php\/wp-json\/wp\/v2\/posts\/38277\/revisions"}],"predecessor-version":[{"id":38282,"href":"https:\/\/bihavadis.com\/index.php\/wp-json\/wp\/v2\/posts\/38277\/revisions\/38282"}],"wp:featuredmedia":[{"embeddable":true,"href":"https:\/\/bihavadis.com\/index.php\/wp-json\/wp\/v2\/media\/38278"}],"wp:attachment":[{"href":"https:\/\/bihavadis.com\/index.php\/wp-json\/wp\/v2\/media?parent=38277"}],"wp:term":[{"taxonomy":"category","embeddable":true,"href":"https:\/\/bihavadis.com\/index.php\/wp-json\/wp\/v2\/categories?post=38277"},{"taxonomy":"post_tag","embeddable":true,"href":"https:\/\/bihavadis.com\/index.php\/wp-json\/wp\/v2\/tags?post=38277"}],"curies":[{"name":"wp","href":"https:\/\/api.w.org\/{rel}","templated":true}]}}