{"id":38286,"date":"2026-02-20T14:39:06","date_gmt":"2026-02-20T14:39:06","guid":{"rendered":"https:\/\/bihavadis.com\/?p=38286"},"modified":"2026-02-20T14:39:06","modified_gmt":"2026-02-20T14:39:06","slug":"maltepede-genc-darp-olayi","status":"publish","type":"post","link":"https:\/\/bihavadis.com\/index.php\/2026\/02\/20\/maltepede-genc-darp-olayi\/","title":{"rendered":"Maltepe&#8217;de Gen\u00e7 Darp Olay\u0131"},"content":{"rendered":"<p>Maltepe&#8217;de 6 gen\u00e7, 17 ya\u015f\u0131ndaki E.G.&#8217;yi darbedip a\u015fa\u011f\u0131layarak o anlar\u0131 cep telefonu kameras\u0131yla kaydetti. G\u00f6r\u00fcnt\u00fclerin sosyal medyada payla\u015f\u0131lmas\u0131n\u0131n ard\u0131ndan \u015f\u00fcpheliler g\u00f6zalt\u0131na al\u0131nd\u0131.<\/p>\n<p>Olay, Maltepe Esenkent Mahallesi&#8217;nde meydana geldi. \u0130ddiaya g\u00f6re M.P. (20) ile B.D. (17), A.T.K. (17), U.E. (16), B.U. (16) ve Y.Y. (15), 17 ya\u015f\u0131ndaki E.G.&#8217;yi darbederek hakaret etti. \u015e\u00fcpheliler, ya\u015fananlar\u0131 kayda al\u0131p sosyal medya hesaplar\u0131ndan payla\u015ft\u0131. G\u00f6r\u00fcnt\u00fclerin sosyal medyada yay\u0131lmas\u0131 \u00fczerine \u0130stanbul Anadolu Cumhuriyet Ba\u015fsavc\u0131l\u0131\u011f\u0131 taraf\u0131ndan soru\u015fturma ba\u015flat\u0131ld\u0131. Ba\u015fsavc\u0131l\u0131ktan yap\u0131lan yaz\u0131l\u0131 a\u00e7\u0131klamada, \u015f\u00fcpheliler hakk\u0131nda &#8216;kasten yaralama&#8217;, &#8216;hakaret&#8217;, &#8216;ki\u015fiyi h\u00fcrriyetinden yoksun b\u0131rakma&#8217; ve &#8216;tehdit&#8217; su\u00e7lar\u0131ndan g\u00f6zalt\u0131 karar\u0131 verildi\u011fi belirtildi. 6 \u015f\u00fcpheli g\u00f6zalt\u0131na al\u0131nd\u0131. Olayla ilgili soru\u015fturma s\u00fcr\u00fcyor.<\/p>\n","protected":false},"excerpt":{"rendered":"<p>Maltepe&#8217;de 6 gen\u00e7, E.G.&#8217;yi darbedip kaydetti; g\u00f6r\u00fcnt\u00fcler sosyal medyada yay\u0131ld\u0131, g\u00f6zalt\u0131 karar\u0131 verildi.<\/p>\n","protected":false},"author":1,"featured_media":38287,"comment_status":"open","ping_status":"open","sticky":false,"template":"","format":"standard","meta":{"footnotes":""},"categories":[9,4,13],"tags":[],"class_list":["post-38286","post","type-post","status-publish","format-standard","has-post-thumbnail","hentry","category-genel","category-gundem","category-son-dakika"],"_links":{"self":[{"href":"https:\/\/bihavadis.com\/index.php\/wp-json\/wp\/v2\/posts\/38286","targetHints":{"allow":["GET"]}}],"collection":[{"href":"https:\/\/bihavadis.com\/index.php\/wp-json\/wp\/v2\/posts"}],"about":[{"href":"https:\/\/bihavadis.com\/index.php\/wp-json\/wp\/v2\/types\/post"}],"author":[{"embeddable":true,"href":"https:\/\/bihavadis.com\/index.php\/wp-json\/wp\/v2\/users\/1"}],"replies":[{"embeddable":true,"href":"https:\/\/bihavadis.com\/index.php\/wp-json\/wp\/v2\/comments?post=38286"}],"version-history":[{"count":1,"href":"https:\/\/bihavadis.com\/index.php\/wp-json\/wp\/v2\/posts\/38286\/revisions"}],"predecessor-version":[{"id":38288,"href":"https:\/\/bihavadis.com\/index.php\/wp-json\/wp\/v2\/posts\/38286\/revisions\/38288"}],"wp:featuredmedia":[{"embeddable":true,"href":"https:\/\/bihavadis.com\/index.php\/wp-json\/wp\/v2\/media\/38287"}],"wp:attachment":[{"href":"https:\/\/bihavadis.com\/index.php\/wp-json\/wp\/v2\/media?parent=38286"}],"wp:term":[{"taxonomy":"category","embeddable":true,"href":"https:\/\/bihavadis.com\/index.php\/wp-json\/wp\/v2\/categories?post=38286"},{"taxonomy":"post_tag","embeddable":true,"href":"https:\/\/bihavadis.com\/index.php\/wp-json\/wp\/v2\/tags?post=38286"}],"curies":[{"name":"wp","href":"https:\/\/api.w.org\/{rel}","templated":true}]}}