{"id":38289,"date":"2026-02-20T14:42:05","date_gmt":"2026-02-20T14:42:05","guid":{"rendered":"https:\/\/bihavadis.com\/?p=38289"},"modified":"2026-02-20T14:42:05","modified_gmt":"2026-02-20T14:42:05","slug":"gebze-buyuksehirle-ramazana-hazir","status":"publish","type":"post","link":"https:\/\/bihavadis.com\/index.php\/2026\/02\/20\/gebze-buyuksehirle-ramazana-hazir\/","title":{"rendered":"Gebze, B\u00fcy\u00fck\u015fehir&#8217;le Ramazan&#8217;a haz\u0131r"},"content":{"rendered":"<p>Kocaeli B\u00fcy\u00fck\u015fehir Belediyesi, Ramazan ay\u0131n\u0131n manevi atmosferini en g\u00fczel \u015fekilde ya\u015fatmak amac\u0131yla bu y\u0131l da kapsaml\u0131 bir etkinlik program\u0131 haz\u0131rlad\u0131. Etkinliklerin Gebze aya\u011f\u0131nda 18 \u015eubat \u00c7ar\u015famba g\u00fcn\u00fc (yar\u0131n) \u201cRamazan Fener Alay\u0131 Y\u00fcr\u00fcy\u00fc\u015f\u00fc\u201d d\u00fczenlenecek. Kent Meydan\u0131\u2019na kurulan \u00e7ad\u0131r ise 19 \u015eubat Per\u015fembe g\u00fcn\u00fc ilk iftar program\u0131yla kap\u0131lar\u0131n\u0131 vatanda\u015flara a\u00e7acak.<\/p>\n<p><b>BU RAMAZAN\u2019DA GEBZE\u2019DE YOK YOK<\/b><\/p>\n<p>Kocaeli B\u00fcy\u00fck\u015fehir Belediyesi, t\u00fcm kenti Ramazan co\u015fkusuyla bulu\u015fturmaya haz\u0131rlan\u0131yor. Etkinliklerin Gebze aya\u011f\u0131nda her g\u00fcn onlarca program d\u00fczenlenecek. Bu kapsamda Kad\u0131n ve Aile Hizmetleri Dairesi Ba\u015fkanl\u0131\u011f\u0131, Kent Meydan\u0131\u2019na Ramazan \u00c7ad\u0131r\u0131 kuruyor. \u00c7ad\u0131r, 19 \u015eubat Per\u015fembe g\u00fcn\u00fc ilk iftar program\u0131yla kap\u0131lar\u0131n\u0131 vatanda\u015flara a\u00e7acak. Bunun \u00f6ncesinde 18 \u015eubat \u00c7ar\u015famba g\u00fcn\u00fc saat 19.00\u2019da \u201cRamazan Fener Alay\u0131 Y\u00fcr\u00fcy\u00fc\u015f\u00fc\u201d d\u00fczenlenecek.<\/p>\n<p><b>\u00c7OCUKLAR RAMAZAN K\u00dcLT\u00dcR\u00dcN\u00dc TANIYACAK<\/b><\/p>\n<p>Ramazan ay\u0131 boyunca hizmet verecek \u00e7ad\u0131rda her ya\u015ftan vatanda\u015fa hitap eden etkinlikler d\u00fczenlenecek. Tasavvuf m\u00fczi\u011fi dinletileriyle manevi atmosfer g\u00fc\u00e7lendirilecekken, \u00e7ocuklara y\u00f6nelik sahne g\u00f6sterileri, geleneksel Hacivat-Karag\u00f6z oyunlar\u0131 ve \u00e7e\u015fitli k\u00fclt\u00fcrel at\u00f6lyeler yap\u0131lacak. Etkinliklerde \u00e7ocuklar\u0131n Ramazan k\u00fclt\u00fcr\u00fcn\u00fc tan\u0131mas\u0131 ve ya\u015fatmas\u0131 ad\u0131na haz\u0131rlanan i\u00e7erikler yer alacak.<\/p>\n<p><b>\u00c7ADIR \u0130LK \u0130FTARDA KAPILARINI A\u00c7ACAK<\/b><\/p>\n<p>Ramazan \u00c7ad\u0131r\u0131\u2019n\u0131n Gebze Kent Meydan\u0131\u2019nda kurulum \u00e7al\u0131\u015fmalar\u0131 h\u0131zla devam ediyor. 19 \u015eubat Per\u015fembe g\u00fcn\u00fc ilk iftar program\u0131yla kap\u0131lar\u0131n\u0131 vatanda\u015flara a\u00e7acak olan Ramazan \u00c7ad\u0131r\u0131 sadece iftar programlar\u0131na de\u011fil; birlik, beraberlik ve payla\u015fma k\u00fclt\u00fcr\u00fcn\u00fcn peki\u015ftirildi\u011fi sosyal bulu\u015fmalara da ev sahipli\u011fi yapacak.<\/p>\n<p><b>FENER ALAYI \u0130LE RAMAZAN AYI KAR\u015eILANACAK<\/b><\/p>\n<p>Gebze\u2019de yap\u0131lacak Ramazan etkinlikleri 18 \u015eubat \u00c7ar\u015famba g\u00fcn\u00fc yap\u0131lacak \u201cFener Alay\u0131\u201d ile ba\u015flayacak. Aileler ve \u00e7ocuklar y\u00fcr\u00fcy\u00fc\u015fle 11 ay\u0131n sultan\u0131n\u0131 kar\u015f\u0131layacak. Ayn\u0131 g\u00fcn saat 18.00\u2019de \u00e7ocuklar\u0131n yak\u0131ndan tan\u0131d\u0131\u011f\u0131 \u00fcnl\u00fc Youtuber Serta\u00e7 G\u00fcng\u00f6r, Gebze Kent Meydan\u0131\u2019nda \u00e7ocuklar ile bulu\u015facak. 19.00\u2019da ise Eski\u00e7ar\u015f\u0131\u2019n\u0131n ba\u015f\u0131ndan ba\u015flayacak olan \u201cRamazan Fener Alay\u0131 Y\u00fcr\u00fcy\u00fc\u015f\u00fc\u201d, etkinliklerin ger\u00e7ekle\u015fece\u011fi Kent Meydan\u0131\u2019nda son bulacak.<\/p>\n<p><b>ESK\u0130\u00c7AR\u015eI\u2019DA RAMAZAN TEMALI I\u015eIKLANDIRMA<\/b><\/p>\n<p>Kocaeli B\u00fcy\u00fck\u015fehir Belediyesi, Gebze\u2019de Ramazan\u2019a \u00f6zel \u0131\u015f\u0131kland\u0131rma \u00e7al\u0131\u015fmalar\u0131 ger\u00e7ekle\u015ftirildi. Bu kapsamda vatanda\u015flar\u0131n u\u011frak noktas\u0131 olan Eski\u00e7ar\u015f\u0131, Ramazan ay\u0131n\u0131n geli\u015fini simgeleyen \u0131\u015f\u0131k ve fig\u00fcrlerle s\u00fcslendi. Ramazan ak\u015famlar\u0131na renk ve estetik katacak olan \u0131\u015f\u0131kland\u0131rma \u00e7al\u0131\u015fmalar\u0131 Gebzeliler taraf\u0131ndan ilgi ve be\u011feniyle kar\u015f\u0131land\u0131.<\/p>\n<p>\u00a0<\/p>\n<p>Kaynak: (BYZHA) Beyaz Haber Ajans\u0131<\/p>\n","protected":false},"excerpt":{"rendered":"<p>Kocaeli B\u00fcy\u00fck\u015fehir Belediyesi, Ramazan ay\u0131n\u0131n manevi atmosferini en g\u00fczel \u015fekilde ya\u015fatmak amac\u0131yla bu y\u0131l da kapsaml\u0131 bir etkinlik program\u0131 haz\u0131rlad\u0131.<\/p>\n","protected":false},"author":1,"featured_media":38290,"comment_status":"open","ping_status":"open","sticky":false,"template":"","format":"standard","meta":{"footnotes":""},"categories":[4],"tags":[1898,979,1050,2127,2714],"class_list":["post-38289","post","type-post","status-publish","format-standard","has-post-thumbnail","hentry","category-gundem","tag-cadir","tag-etkinlik","tag-gebze","tag-program","tag-ramazan"],"_links":{"self":[{"href":"https:\/\/bihavadis.com\/index.php\/wp-json\/wp\/v2\/posts\/38289","targetHints":{"allow":["GET"]}}],"collection":[{"href":"https:\/\/bihavadis.com\/index.php\/wp-json\/wp\/v2\/posts"}],"about":[{"href":"https:\/\/bihavadis.com\/index.php\/wp-json\/wp\/v2\/types\/post"}],"author":[{"embeddable":true,"href":"https:\/\/bihavadis.com\/index.php\/wp-json\/wp\/v2\/users\/1"}],"replies":[{"embeddable":true,"href":"https:\/\/bihavadis.com\/index.php\/wp-json\/wp\/v2\/comments?post=38289"}],"version-history":[{"count":1,"href":"https:\/\/bihavadis.com\/index.php\/wp-json\/wp\/v2\/posts\/38289\/revisions"}],"predecessor-version":[{"id":38291,"href":"https:\/\/bihavadis.com\/index.php\/wp-json\/wp\/v2\/posts\/38289\/revisions\/38291"}],"wp:featuredmedia":[{"embeddable":true,"href":"https:\/\/bihavadis.com\/index.php\/wp-json\/wp\/v2\/media\/38290"}],"wp:attachment":[{"href":"https:\/\/bihavadis.com\/index.php\/wp-json\/wp\/v2\/media?parent=38289"}],"wp:term":[{"taxonomy":"category","embeddable":true,"href":"https:\/\/bihavadis.com\/index.php\/wp-json\/wp\/v2\/categories?post=38289"},{"taxonomy":"post_tag","embeddable":true,"href":"https:\/\/bihavadis.com\/index.php\/wp-json\/wp\/v2\/tags?post=38289"}],"curies":[{"name":"wp","href":"https:\/\/api.w.org\/{rel}","templated":true}]}}