{"id":38330,"date":"2026-02-20T15:18:04","date_gmt":"2026-02-20T15:18:04","guid":{"rendered":"https:\/\/bihavadis.com\/?p=38330"},"modified":"2026-02-20T15:18:04","modified_gmt":"2026-02-20T15:18:04","slug":"azerbaycanda-dis-destekli-darbe-girisimi-iddiasi-sorusturma-baslatildi","status":"publish","type":"post","link":"https:\/\/bihavadis.com\/index.php\/2026\/02\/20\/azerbaycanda-dis-destekli-darbe-girisimi-iddiasi-sorusturma-baslatildi\/","title":{"rendered":"Azerbaycan&#8217;da d\u0131\u015f destekli darbe giri\u015fimi iddias\u0131: Soru\u015fturma ba\u015flat\u0131ld\u0131"},"content":{"rendered":"<p>Azerbaycan darbe giri\u015fimi iddias\u0131yla \u00e7alkalan\u0131yor.<\/p>\n<p>Azerbaycan Devlet G\u00fcvenlik Servisi (DTX), iddialara y\u00f6nelik harekete ge\u00e7ti.<\/p>\n<p>Bu kapsamda soru\u015fturma ba\u015flat\u0131ld\u0131.<\/p>\n<p>DTX yapt\u0131\u011f\u0131 a\u00e7\u0131klamada, aralar\u0131nda 1995-2019 y\u0131llar\u0131nda cumhurba\u015fkanl\u0131\u011f\u0131 genel sekreterli\u011fi g\u00f6revinde bulunan Ramiz Mehdiyev, 1994-2006 y\u0131llar\u0131nda ba\u015fbakan yard\u0131mc\u0131l\u0131\u011f\u0131 g\u00f6revini \u00fcstlenen Abbas Abbasov ile\u00a0Azerbaycan\u00a0Halk Cephesi Partisi (AHCP) lideri Ali Kerimli&#8217;nin de bulundu\u011fu baz\u0131 ki\u015filere y\u00f6nelik ciddi \u015f\u00fcphelerin oldu\u011fu ifadesine yer verdi.<\/p>\n<p><strong>&#8221;VATANA \u0130HANET&#8221; SU\u00c7LAMALARIYLA YARGILANDIKLARI A\u00c7IKLANDI<\/strong><\/p>\n<p>Bu ki\u015filerin <em><b>&#8220;iktidar\u0131 zorla ele ge\u00e7irme ve anayasal d\u00fczeni de\u011fi\u015ftirmeye y\u00f6nelik eylemler&#8221;<\/b><\/em> ger\u00e7ekle\u015ftirdikleri belirtildi.<\/p>\n<p>A\u00e7\u0131klamada, Mehdiyev\u2019in 2025\u2019te haz\u0131rlad\u0131\u011f\u0131<em><b> &#8220;Devlet y\u00f6netim sisteminin yeniden yap\u0131land\u0131r\u0131lmas\u0131na ili\u015fkin \u00f6neriler&#8221; <\/b><\/em>ba\u015fl\u0131kl\u0131 belgeyi \u00f6nce Kerimli\u2019ye, ard\u0131ndan yabanc\u0131 bir devletin istihbarat yetkililerine iletti\u011finin tespit edildi\u011fi kaydedildi.<\/p>\n<p>Ayr\u0131ca yasa d\u0131\u015f\u0131 yollardan elde etti\u011fi 17 milyon manat\u0131 (10 milyon dolar) aklad\u0131\u011f\u0131 \u00f6ne s\u00fcr\u00fclen Mehdiyev\u2019in, <em><b>&#8220;su\u00e7 yoluyla elde edilmi\u015f b\u00fcy\u00fck miktarda mal varl\u0131\u011f\u0131n\u0131n aklanmas\u0131&#8221;<\/b><\/em> ve<em><b> &#8220;vatana ihanet&#8221; <\/b><\/em>su\u00e7lamalar\u0131yla yarg\u0131land\u0131\u011f\u0131 bildirildi.<\/p>\n<p><strong>\u015e\u00dcPHEL\u0130LER\u0130N, KAMU D\u00dcZEN\u0130N\u0130 BOZMAYI HEDEFLED\u0130KLER\u0130 TESP\u0130T ED\u0130LD\u0130<\/strong><\/p>\n<p>DTX&#8217;in a\u00e7\u0131klamas\u0131nda, 4 Temmuz 2012\u2019de yabanc\u0131 bir \u00fclkede Abbas Abbasov\u2019un kurucular\u0131 aras\u0131nda yer ald\u0131\u011f\u0131 <em><b>&#8220;Milyarderler \u0130ttifak\u0131&#8221; <\/b><\/em>adl\u0131 yap\u0131n\u0131n olu\u015fturuldu\u011fu, Mehdiyev ve Kerimli\u2019nin bu yap\u0131n\u0131n faaliyetlerinde rol ald\u0131klar\u0131,\u00a0Azerbaycan\u2019daki siyasi s\u00fcre\u00e7lere yabanc\u0131 \u00f6zel servisler arac\u0131l\u0131\u011f\u0131yla m\u00fcdahale etmeyi hedefledikleri kaydedildi.<\/p>\n<p>Bu grubun, 2013 Cumhurba\u015fkan\u0131 se\u00e7imleri \u00f6ncesi<em><b> &#8220;Milli \u015eura&#8221;<\/b><\/em> adl\u0131 yap\u0131 kurarak yabanc\u0131 \u00f6zel servislerin maddi ve organizasyonel deste\u011fiyle kitlesel ayaklanmalar d\u00fczenlemeyi, kamu d\u00fczenini bozmay\u0131 ve devlet kurumlar\u0131n\u0131n i\u015fleyi\u015fini sekteye u\u011fratmay\u0131 ama\u00e7lad\u0131\u011f\u0131 belirtildi. Milli \u015eura\u2019n\u0131n Mehdiyev ve Abbasov taraf\u0131ndan finanse edildi\u011fi bildirildi.<\/p>\n<p><strong>YABANCI \u0130ST\u0130HBARAT TEMS\u0130LC\u0130LER\u0130YLE G\u0130ZL\u0130 TEMAS KURDUKLARI A\u00c7IKLANDI<\/strong><\/p>\n<p>A\u00e7\u0131klamada ayr\u0131ca, AHCP \u00fcyesi Ganimet Zay\u0131dov\u2019un 2013\u2019ten itibaren Kerimli ad\u0131na yabanc\u0131 istihbarat temsilcileriyle gizli temaslarda bulundu\u011funu a\u00e7\u0131klad\u0131.<\/p>\n<p>Kerimli\u2019nin iktidara gelmesi kar\u015f\u0131l\u0131\u011f\u0131nda yabanc\u0131 devletin stratejik \u00e7\u0131karlar\u0131n\u0131\u00a0Azerbaycan\u2019da sa\u011flama taahh\u00fcd\u00fcnde bulundu\u011funu bildirdi.<\/p>\n<p>Azerbaycan\u2019\u0131n Kolektif G\u00fcvenlik Antla\u015fmas\u0131 \u00d6rg\u00fct\u00fcne (KGA\u00d6) a\u015famal\u0131 olarak tam \u00fcyeli\u011fi konusunda da mutabakat sa\u011fland\u0131\u011f\u0131 belirtildi.<\/p>\n<p><strong>\u015e\u00dcPHEL\u0130LER HAKKINDA TUTUKLAMA KARARI \u00c7IKTI\u011eI BEL\u0130RT\u0130LD\u0130<\/strong><\/p>\n<p>Soru\u015fturma kapsam\u0131nda Kerimli\u2019nin baz\u0131 parti \u00fcyelerine Temmuz 2020\u2019de Karaba\u011f\u2019daki \u00e7at\u0131\u015fmalara kar\u015f\u0131 d\u00fczenlenen y\u00fcr\u00fcy\u00fc\u015f\u00fc provoke etme ve\u00a0Azerbaycan\u00a0Milli Meclisi ile\u00a0Azerbaycan\u00a0Devlet Televizyonunu ele ge\u00e7irme talimat\u0131n\u0131 verdi\u011fi kaydedildi.<\/p>\n<p>Abbasov, Kerimli ve Zay\u0131dov ile AHCP \u00fcyeleri Fuad Kahramanl\u0131 ve Memmed \u0130brahim\u2019in <em><b>&#8220;iktidar\u0131n zorla ele ge\u00e7irilmesi ve anayasal d\u00fczenin zorla de\u011fi\u015ftirilmesine y\u00f6nelik eylemler&#8221;<\/b><\/em> su\u00e7lamas\u0131yla yarg\u0131land\u0131klar\u0131 ifade edildi.<\/p>\n<p>Yurt d\u0131\u015f\u0131nda bulunan Abbasov, Kahramanl\u0131 ve Zay\u0131dov hakk\u0131nda g\u0131yabi tutuklama karar\u0131n\u0131n \u00e7\u0131kar\u0131ld\u0131\u011f\u0131, soru\u015fturman\u0131n s\u00fcrd\u00fc\u011f\u00fc bildirildi.<\/p>\n","protected":false},"excerpt":{"rendered":"<p>Devlet G\u00fcvenlik Servisi (DTX), yabanc\u0131 \u00f6zel servislerin deste\u011fiyle iktidar\u0131 zorla ele ge\u00e7irmeye ve anayasal d\u00fczeni de\u011fi\u015ftirmeye y\u00f6nelik faaliyetlerde bulunduklar\u0131 tespit edilen ki\u015filere kar\u015f\u0131 geni\u015f kapsaml\u0131 soru\u015fturma y\u00fcr\u00fct\u00fcld\u00fc\u011f\u00fcn\u00fc duyurdu.<\/p>\n","protected":false},"author":1,"featured_media":38331,"comment_status":"open","ping_status":"open","sticky":false,"template":"","format":"standard","meta":{"footnotes":""},"categories":[6],"tags":[5429,1749,1247,4035],"class_list":["post-38330","post","type-post","status-publish","format-standard","has-post-thumbnail","hentry","category-dunya","tag-abbas","tag-azerbaycan","tag-devlet","tag-yabanci"],"_links":{"self":[{"href":"https:\/\/bihavadis.com\/index.php\/wp-json\/wp\/v2\/posts\/38330","targetHints":{"allow":["GET"]}}],"collection":[{"href":"https:\/\/bihavadis.com\/index.php\/wp-json\/wp\/v2\/posts"}],"about":[{"href":"https:\/\/bihavadis.com\/index.php\/wp-json\/wp\/v2\/types\/post"}],"author":[{"embeddable":true,"href":"https:\/\/bihavadis.com\/index.php\/wp-json\/wp\/v2\/users\/1"}],"replies":[{"embeddable":true,"href":"https:\/\/bihavadis.com\/index.php\/wp-json\/wp\/v2\/comments?post=38330"}],"version-history":[{"count":1,"href":"https:\/\/bihavadis.com\/index.php\/wp-json\/wp\/v2\/posts\/38330\/revisions"}],"predecessor-version":[{"id":38332,"href":"https:\/\/bihavadis.com\/index.php\/wp-json\/wp\/v2\/posts\/38330\/revisions\/38332"}],"wp:featuredmedia":[{"embeddable":true,"href":"https:\/\/bihavadis.com\/index.php\/wp-json\/wp\/v2\/media\/38331"}],"wp:attachment":[{"href":"https:\/\/bihavadis.com\/index.php\/wp-json\/wp\/v2\/media?parent=38330"}],"wp:term":[{"taxonomy":"category","embeddable":true,"href":"https:\/\/bihavadis.com\/index.php\/wp-json\/wp\/v2\/categories?post=38330"},{"taxonomy":"post_tag","embeddable":true,"href":"https:\/\/bihavadis.com\/index.php\/wp-json\/wp\/v2\/tags?post=38330"}],"curies":[{"name":"wp","href":"https:\/\/api.w.org\/{rel}","templated":true}]}}