{"id":38375,"date":"2026-02-20T16:00:37","date_gmt":"2026-02-20T16:00:37","guid":{"rendered":"https:\/\/bihavadis.com\/?p=38375"},"modified":"2026-02-20T16:00:37","modified_gmt":"2026-02-20T16:00:37","slug":"simsekten-dezenflasyon-vurgusu","status":"publish","type":"post","link":"https:\/\/bihavadis.com\/index.php\/2026\/02\/20\/simsekten-dezenflasyon-vurgusu\/","title":{"rendered":"\u015eim\u015fek&#8217;ten Dezenflasyon Vurgusu"},"content":{"rendered":"<p>Hazine ve Maliye Bakan\u0131 Mehmet \u015eim\u015fek, &#8220;Ocak ay\u0131na \u00f6zg\u00fc fakt\u00f6rlerin, enflasyonun ana e\u011filimi \u00fczerindeki etkisinin s\u0131n\u0131rl\u0131 kalmas\u0131n\u0131 \u00f6ng\u00f6r\u00fcyoruz. Arz y\u00f6nl\u00fc ad\u0131mlarla desteklenen dezenflasyon politikalar\u0131m\u0131za kararl\u0131l\u0131kla devam edece\u011fiz&#8221; dedi.<\/p>\n<p>Hazine ve Maliye Bakan\u0131 Mehmet \u015eim\u015fek, T\u00fcrkiye \u0130statistik Kurumu (T\u00dc\u0130K) taraf\u0131ndan a\u00e7\u0131klanan ocak ay\u0131 enflasyon verilerine ili\u015fkin sosyal medya hesab\u0131ndan a\u00e7\u0131klamalarda bulundu.<\/p>\n<p>Ocak ay\u0131 enflasyon ger\u00e7ekle\u015fmesinde, olumsuz hava \u015fartlar\u0131n etkisiyle uzun d\u00f6nem ortalamas\u0131n\u0131n olduk\u00e7a \u00fczerinde artan g\u0131da fiyatlar\u0131 ile d\u00f6nemsel unsurlar belirleyici oldu\u011funu belirten \u015eim\u015fek, &#8220;Ayl\u0131k enflasyon, beklentilerin \u00fczerinde ger\u00e7ekle\u015firken y\u0131ll\u0131k enflasyon y\u00fczde 30,7&#8217;ye geriledi. Y\u0131ll\u0131k hizmet enflasyonundaki d\u00fc\u015f\u00fc\u015f 21 ayd\u0131r aral\u0131ks\u0131z devam ederken, temel mal enflasyonu y\u00fczde 17,4 ile \u0131l\u0131ml\u0131 seyrini s\u00fcrd\u00fcrd\u00fc. Y\u0131ll\u0131k kira enflasyonu ise bir \u00f6nceki y\u0131l\u0131n ayn\u0131 ay\u0131na g\u00f6re 44 puan azald\u0131. Ocak ay\u0131na \u00f6zg\u00fc fakt\u00f6rlerin, enflasyonun ana e\u011filimi \u00fczerindeki etkisinin s\u0131n\u0131rl\u0131 kalmas\u0131n\u0131 \u00f6ng\u00f6r\u00fcyoruz. Arz y\u00f6nl\u00fc ad\u0131mlarla desteklenen dezenflasyon politikalar\u0131m\u0131za kararl\u0131l\u0131kla devam edece\u011fiz. B\u00f6ylece enflasyonun ana e\u011filiminin gerilemesini ve fiyatlama davran\u0131\u015flar\u0131ndaki kat\u0131l\u0131klar\u0131n azalmas\u0131n\u0131 bekliyoruz&#8221; ifadelerine yer verdi. &#8211; ANKARA<\/p>\n","protected":false},"excerpt":{"rendered":"<p>Bakan \u015eim\u015fek, ocak enflasyonunun ge\u00e7ici oldu\u011funu, dezenflasyon politikalar\u0131na devam edeceklerini belirtti.<\/p>\n","protected":false},"author":1,"featured_media":38376,"comment_status":"open","ping_status":"open","sticky":false,"template":"","format":"standard","meta":{"footnotes":""},"categories":[8],"tags":[75],"class_list":["post-38375","post","type-post","status-publish","format-standard","has-post-thumbnail","hentry","category-ekonomi","tag-enflasyon"],"_links":{"self":[{"href":"https:\/\/bihavadis.com\/index.php\/wp-json\/wp\/v2\/posts\/38375","targetHints":{"allow":["GET"]}}],"collection":[{"href":"https:\/\/bihavadis.com\/index.php\/wp-json\/wp\/v2\/posts"}],"about":[{"href":"https:\/\/bihavadis.com\/index.php\/wp-json\/wp\/v2\/types\/post"}],"author":[{"embeddable":true,"href":"https:\/\/bihavadis.com\/index.php\/wp-json\/wp\/v2\/users\/1"}],"replies":[{"embeddable":true,"href":"https:\/\/bihavadis.com\/index.php\/wp-json\/wp\/v2\/comments?post=38375"}],"version-history":[{"count":1,"href":"https:\/\/bihavadis.com\/index.php\/wp-json\/wp\/v2\/posts\/38375\/revisions"}],"predecessor-version":[{"id":38377,"href":"https:\/\/bihavadis.com\/index.php\/wp-json\/wp\/v2\/posts\/38375\/revisions\/38377"}],"wp:featuredmedia":[{"embeddable":true,"href":"https:\/\/bihavadis.com\/index.php\/wp-json\/wp\/v2\/media\/38376"}],"wp:attachment":[{"href":"https:\/\/bihavadis.com\/index.php\/wp-json\/wp\/v2\/media?parent=38375"}],"wp:term":[{"taxonomy":"category","embeddable":true,"href":"https:\/\/bihavadis.com\/index.php\/wp-json\/wp\/v2\/categories?post=38375"},{"taxonomy":"post_tag","embeddable":true,"href":"https:\/\/bihavadis.com\/index.php\/wp-json\/wp\/v2\/tags?post=38375"}],"curies":[{"name":"wp","href":"https:\/\/api.w.org\/{rel}","templated":true}]}}