{"id":38396,"date":"2026-02-20T16:21:06","date_gmt":"2026-02-20T16:21:06","guid":{"rendered":"https:\/\/bihavadis.com\/?p=38396"},"modified":"2026-02-20T16:21:06","modified_gmt":"2026-02-20T16:21:06","slug":"zayn-malikten-gigi-hadid-aciklamasi-ona-asik-degildim","status":"publish","type":"post","link":"https:\/\/bihavadis.com\/index.php\/2026\/02\/20\/zayn-malikten-gigi-hadid-aciklamasi-ona-asik-degildim\/","title":{"rendered":"Zayn Malik&#8217;ten Gigi Hadid a\u00e7\u0131klamas\u0131: Ona a\u015f\u0131k de\u011fildim"},"content":{"rendered":"<p>Zayn Malik ve Gigi Hadid 2015\u2019ten 2021\u2019e kadar b\u00fcy\u00fck bir a\u015fk ya\u015fam\u0131\u015f; bu a\u015fk\u0131n meyvesi de 2020\u2019de do\u011fan k\u0131zlar\u0131 Khai olmu\u015ftu.<\/p>\n<p>6 y\u0131ll\u0131k ili\u015fkileri boyunca s\u00fcrekli kavgalar ve ayr\u0131l\u0131klarla g\u00fcndeme gelen \u00e7ift k\u0131zlar\u0131 olduktan ayr\u0131l\u0131k karar\u0131 alm\u0131\u015flard\u0131.<\/p>\n<p>\u00dcnl\u00fc \u015fark\u0131c\u0131 Zayn Malik kat\u0131ld\u0131\u011f\u0131 podcast yay\u0131n\u0131nda Gigi Hadid\u2019le ya\u015fad\u0131\u011f\u0131 ili\u015fkiyi ve bu konuda hissettiklerini a\u00e7\u0131k\u00e7a dile getirdi ve hem kendi hayranlar\u0131n\u0131 hem de Gigi Hadid\u2019inkileri bir hayli \u015fa\u015f\u0131rtt\u0131.<\/p>\n<p><strong>&#8220;A\u015eIK OLMADIM&#8221;<\/strong><\/p>\n<p>Zayn Malik verdi\u011fi son r\u00f6portajda eski sevgilisi Gigi Hadid&#8217;e asla \u201ca\u015f\u0131k\u201d olmad\u0131\u011f\u0131n\u0131 d\u00fc\u015f\u00fcnd\u00fc\u011f\u00fcn\u00fc ve bir daha asla kamuoyunun g\u00f6z\u00fc \u00f6n\u00fcnde bir ili\u015fki ya\u015famayaca\u011f\u0131na yemin etti\u011fini a\u00e7\u0131klad\u0131.<\/p>\n<p>Son r\u00f6portaj\u0131nda Zayn Malik daha \u00f6nceki itiraf\u0131n\u0131 yineleyerek, o zamanlar a\u015f\u0131k oldu\u011funa inand\u0131\u011f\u0131n\u0131 ancak o zamandan beri duygular\u0131n\u0131n d\u00fc\u015f\u00fcnd\u00fc\u011f\u00fc kadar derin olmad\u0131\u011f\u0131n\u0131 fark etti\u011fini s\u00f6yledi.<\/p>\n<p><img decoding=\"async\" src=\"https:\/\/bihavadis.com\/wp-content\/uploads\/2026\/02\/zayn-malikten-gigi-hadid-aciklamasi-ona-asik-degildim-0-krzswOZJ.jpg\"\/><\/p>\n<p><strong>&#8220;YANLI\u015e ANLAMI\u015eIM&#8221;<\/strong><\/p>\n<p>Gigi Hadid\u2019le olan ili\u015fkisine de\u011finen Zayn Malik \u201c<b><em>A\u015fk anlay\u0131\u015f\u0131m s\u00fcrekli geli\u015fiyor. O an a\u015fk oldu\u011funu d\u00fc\u015f\u00fcnm\u00fc\u015f olabilirim, ama ya\u015fland\u0131k\u00e7a belki de \u00f6yle olmad\u0131\u011f\u0131n\u0131 fark ettim. Belki \u015fehvetti. Belki \u015fuydu. Belki buydu. A\u015fk oldu\u011funu d\u00fc\u015f\u00fcnm\u00fcyoruum.<\/em><\/b><\/p>\n<p><img decoding=\"async\" src=\"https:\/\/bihavadis.com\/wp-content\/uploads\/2026\/02\/zayn-malikten-gigi-hadid-aciklamasi-ona-asik-degildim-1-xtdv2BK2.jpg\"\/><\/p>\n<p><strong>&#8220;\u00c7OCU\u011eUMUN ANNES\u0130&#8221;<\/strong><\/p>\n<p><b><em>D\u00fcr\u00fcst olmak gerekirse, bunu kay\u0131tlara ge\u00e7irmek i\u00e7in s\u00f6yl\u00fcyorum, G&#8217;yi her zaman sevece\u011fim \u00e7\u00fcnk\u00fc \u00e7ocu\u011fumun bu d\u00fcnyada olmas\u0131n\u0131n sebebi o ve ona son derece sayg\u0131 duyuyorum. Onu her zaman sevece\u011fim, ama ona a\u015f\u0131k olup olmad\u0131\u011f\u0131m\u0131 bilmiyorum. Onu \u00e7\u0131lg\u0131nca seviyorum, ama hay\u0131r, o noktada ona a\u015f\u0131k oldu\u011fumu sanm\u0131yorum.<\/em><\/b>\u201d<b><em>\u00a0<\/em><\/b>dedi.<\/p>\n<p><img decoding=\"async\" src=\"https:\/\/bihavadis.com\/wp-content\/uploads\/2026\/02\/zayn-malikten-gigi-hadid-aciklamasi-ona-asik-degildim-2-FxgAfPxw.jpg\"\/><\/p>\n","protected":false},"excerpt":{"rendered":"<p>D\u00fcnyaca \u00fcnl\u00fc \u015fark\u0131c\u0131 Zayn Malik, kat\u0131ld\u0131\u011f\u0131 bir podcast yay\u0131n\u0131nda \u00e7ocu\u011funun annesi Gigi Hadid\u2019le ya\u015fad\u0131\u011f\u0131 ili\u015fki hakk\u0131nda samimi a\u00e7\u0131klamalarda bulundu.<\/p>\n","protected":false},"author":1,"featured_media":38397,"comment_status":"open","ping_status":"open","sticky":false,"template":"","format":"standard","meta":{"footnotes":""},"categories":[1],"tags":[5435,5436,5437,5438],"class_list":["post-38396","post","type-post","status-publish","format-standard","has-post-thumbnail","hentry","category-uncategorized","tag-asik","tag-ask","tag-gigi-hadid","tag-zayn-malik"],"_links":{"self":[{"href":"https:\/\/bihavadis.com\/index.php\/wp-json\/wp\/v2\/posts\/38396","targetHints":{"allow":["GET"]}}],"collection":[{"href":"https:\/\/bihavadis.com\/index.php\/wp-json\/wp\/v2\/posts"}],"about":[{"href":"https:\/\/bihavadis.com\/index.php\/wp-json\/wp\/v2\/types\/post"}],"author":[{"embeddable":true,"href":"https:\/\/bihavadis.com\/index.php\/wp-json\/wp\/v2\/users\/1"}],"replies":[{"embeddable":true,"href":"https:\/\/bihavadis.com\/index.php\/wp-json\/wp\/v2\/comments?post=38396"}],"version-history":[{"count":1,"href":"https:\/\/bihavadis.com\/index.php\/wp-json\/wp\/v2\/posts\/38396\/revisions"}],"predecessor-version":[{"id":38401,"href":"https:\/\/bihavadis.com\/index.php\/wp-json\/wp\/v2\/posts\/38396\/revisions\/38401"}],"wp:featuredmedia":[{"embeddable":true,"href":"https:\/\/bihavadis.com\/index.php\/wp-json\/wp\/v2\/media\/38397"}],"wp:attachment":[{"href":"https:\/\/bihavadis.com\/index.php\/wp-json\/wp\/v2\/media?parent=38396"}],"wp:term":[{"taxonomy":"category","embeddable":true,"href":"https:\/\/bihavadis.com\/index.php\/wp-json\/wp\/v2\/categories?post=38396"},{"taxonomy":"post_tag","embeddable":true,"href":"https:\/\/bihavadis.com\/index.php\/wp-json\/wp\/v2\/tags?post=38396"}],"curies":[{"name":"wp","href":"https:\/\/api.w.org\/{rel}","templated":true}]}}