{"id":38408,"date":"2026-02-20T16:30:06","date_gmt":"2026-02-20T16:30:06","guid":{"rendered":"https:\/\/bihavadis.com\/?p=38408"},"modified":"2026-02-20T16:30:06","modified_gmt":"2026-02-20T16:30:06","slug":"goztepe-transfer-hareketliligi-rhaldney-kiralik-olaitan-besiktasa-gitme-asamasinda","status":"publish","type":"post","link":"https:\/\/bihavadis.com\/index.php\/2026\/02\/20\/goztepe-transfer-hareketliligi-rhaldney-kiralik-olaitan-besiktasa-gitme-asamasinda\/","title":{"rendered":"G\u00f6ztepe Transfer Hareketlili\u011fi: Rhaldney Kiral\u0131k, Olaitan Be\u015fikta\u015f&#8217;a Gitme A\u015famas\u0131nda"},"content":{"rendered":"<p>\n<p>TRENDYOL S\u00fcper Lig&#8217;de pazar g\u00fcn\u00fc deplasmanda Konyaspor&#8217;la kar\u015f\u0131 kar\u015f\u0131ya gelecek G\u00f6ztepe&#8217;de ara transfer d\u00f6neminin bitmesine 4 g\u00fcn kala b\u00fcy\u00fck hareketlilik ya\u015famaya ba\u015flad\u0131. D\u0131\u015f transferde Brezilyal\u0131 golc\u00fcler Jeh ve Luiz, \u0130svi\u00e7reli orta saha Antunes ile kaleci \u015eamil&#8217;i renklerine ba\u011flayan sar\u0131-k\u0131rm\u0131z\u0131l\u0131larda orta saha Rhaldney de tak\u0131mdan ayr\u0131ld\u0131. Brezilyal\u0131 oyuncu Portekiz Premier Lig ekibi Alverca&#8217;ya kiraland\u0131. Alverca, Rhaldney transferini resmen duyurdu. <\/p>\n<p>G\u00f6ztepe&#8217;nin Beninli orta saha oyuncusu Olaitan&#8217;\u0131n ise Be\u015fikta\u015f&#8217;la g\u00f6r\u00fc\u015ft\u00fc\u011f\u00fc ve siyah-beyazl\u0131larla anla\u015fma sa\u011flad\u0131\u011f\u0131 belirtildi. Juinor Olaitan ile 2029 y\u0131l\u0131na kadar s\u00f6zle\u015fmesi olan G\u00f6ztepe y\u00f6netiminin ise hen\u00fcz Be\u015fikta\u015f ile anla\u015fma sa\u011flamad\u0131\u011f\u0131, g\u00f6r\u00fc\u015fmelerin s\u00fcrd\u00fc\u011f\u00fc kaydedildi. G\u00f6ztepe&#8217;nin futbol \u015fubesini y\u00f6neterek sezon ba\u015f\u0131nda Brezilyal\u0131 golc\u00fc Romulo&#8217;yu Leipzig&#8217;e 20+5 milyon Euro bedelle satan Sport Republic y\u00f6netiminin Olaitan&#8217;\u0131 da Avrupa yar\u0131\u015f\u0131ndaki rakip Be\u015fikta\u015f&#8217;a y\u00fcksek bedelle sataca\u011f\u0131 \u00f6\u011frenildi. <\/p>\n<p>MOHAMMED TAMAM<\/p>\n<p>Rhaldney&#8217;i g\u00f6nderen, Olaitan&#8217;\u0131 da satma a\u015famas\u0131na gelen G\u00f6ztepe, 1&#8217;inci Lig ekibi Bodrum FK&#8217;n\u0131n Ganal\u0131 orta saha oyuncusu Musah Mohammed&#8217;le ise anla\u015fma sa\u011flad\u0131. Yaz d\u00f6neminden beri 24 ya\u015f\u0131ndaki oyuncuyu kadroya dahil etmek isteyen y\u00f6netimin transferi b\u00fcy\u00fck \u00f6l\u00e7\u00fcde bitirdi\u011fi, Monammed&#8217;in cuma g\u00fcn\u00fcne kadar sa\u011fl\u0131k kontrol\u00fcnden ge\u00e7ip resmi s\u00f6zle\u015fme imzalayaca\u011f\u0131 bildirildi. G\u00f6ztepe&#8217;ye sezon ba\u015f\u0131nda Atletico Goianiense tak\u0131m\u0131ndan gelen Rhaldney, S\u00fcper Lig&#8217;de 18 ma\u00e7a \u00e7\u0131kt\u0131. Toplam bin 94 dakika sahada kalan 27 ya\u015f\u0131ndaki futbolcu 1 gol at\u0131p 1 de asist yapt\u0131. Fransa Lig 2 ekibi Grenoble&#8217;dan tak\u0131ma dahil edilen Olaitan ise 17 ma\u00e7ta g\u00f6rev yapt\u0131. 914 dakika sahada kalan 23 ya\u015f\u0131ndaki futbolcu, 2 golle oynad\u0131. Bodrum FK&#8217;da 2022-2023 sezonunda bu yana forma giyen Mohammed ise bu sezonun ilk yar\u0131s\u0131nda 1&#8217;inci Lig&#8217;de 19 ma\u00e7a \u00e7\u0131k\u0131p 1 gol kaydetti. G\u00f6ztepe&#8217;de ara transfer d\u00f6neminde Ahmet Ild\u0131z ve Ruan da farkl\u0131 kul\u00fcplere transfer olmu\u015ftu.<\/p>\n","protected":false},"excerpt":{"rendered":"<p>G\u00f6ztepe, Rhaldney&#8217;i Alverca&#8217;ya kiralad\u0131, Olaitan ise Be\u015fikta\u015f ile g\u00f6r\u00fc\u015fmelerini s\u00fcrd\u00fcr\u00fcyor.<\/p>\n","protected":false},"author":1,"featured_media":38409,"comment_status":"open","ping_status":"open","sticky":false,"template":"","format":"standard","meta":{"footnotes":""},"categories":[14],"tags":[269,1789,597,2395,404],"class_list":["post-38408","post","type-post","status-publish","format-standard","has-post-thumbnail","hentry","category-spor","tag-gol","tag-goztepe","tag-lig","tag-saha","tag-transfer"],"_links":{"self":[{"href":"https:\/\/bihavadis.com\/index.php\/wp-json\/wp\/v2\/posts\/38408","targetHints":{"allow":["GET"]}}],"collection":[{"href":"https:\/\/bihavadis.com\/index.php\/wp-json\/wp\/v2\/posts"}],"about":[{"href":"https:\/\/bihavadis.com\/index.php\/wp-json\/wp\/v2\/types\/post"}],"author":[{"embeddable":true,"href":"https:\/\/bihavadis.com\/index.php\/wp-json\/wp\/v2\/users\/1"}],"replies":[{"embeddable":true,"href":"https:\/\/bihavadis.com\/index.php\/wp-json\/wp\/v2\/comments?post=38408"}],"version-history":[{"count":1,"href":"https:\/\/bihavadis.com\/index.php\/wp-json\/wp\/v2\/posts\/38408\/revisions"}],"predecessor-version":[{"id":38410,"href":"https:\/\/bihavadis.com\/index.php\/wp-json\/wp\/v2\/posts\/38408\/revisions\/38410"}],"wp:featuredmedia":[{"embeddable":true,"href":"https:\/\/bihavadis.com\/index.php\/wp-json\/wp\/v2\/media\/38409"}],"wp:attachment":[{"href":"https:\/\/bihavadis.com\/index.php\/wp-json\/wp\/v2\/media?parent=38408"}],"wp:term":[{"taxonomy":"category","embeddable":true,"href":"https:\/\/bihavadis.com\/index.php\/wp-json\/wp\/v2\/categories?post=38408"},{"taxonomy":"post_tag","embeddable":true,"href":"https:\/\/bihavadis.com\/index.php\/wp-json\/wp\/v2\/tags?post=38408"}],"curies":[{"name":"wp","href":"https:\/\/api.w.org\/{rel}","templated":true}]}}