{"id":38526,"date":"2026-02-20T18:09:04","date_gmt":"2026-02-20T18:09:04","guid":{"rendered":"https:\/\/bihavadis.com\/?p=38526"},"modified":"2026-02-20T18:09:04","modified_gmt":"2026-02-20T18:09:04","slug":"selcuklunun-basarili-sporculari-baskan-pekyatirmaci-ile-bir-araya-geldi","status":"publish","type":"post","link":"https:\/\/bihavadis.com\/index.php\/2026\/02\/20\/selcuklunun-basarili-sporculari-baskan-pekyatirmaci-ile-bir-araya-geldi\/","title":{"rendered":"Sel\u00e7uklu&#8217;nun Ba\u015far\u0131l\u0131 Sporcular\u0131 Ba\u015fkan Pekyat\u0131rmac\u0131 ile Bir Araya Geldi"},"content":{"rendered":"<p>Sel\u00e7uklu Belediyespor Kul\u00fcb\u00fc Taekwondo, Halter, G\u00fcre\u015f, Kick Boks ve Voleybol sporcular\u0131 2026 y\u0131l\u0131n\u0131n ilk aylar\u0131nda kat\u0131ld\u0131klar\u0131 ulusal ve uluslararas\u0131 \u015fampiyonalarda elde ettikleri derecelerle \u00f6nemli ba\u015far\u0131lara imza att\u0131. Bu kapsamda Sel\u00e7uklu Belediye Ba\u015fkan\u0131 Ahmet Pekyat\u0131rmac\u0131 ba\u015far\u0131lar\u0131 ile ad\u0131ndan s\u00f6z ettiren sporcular\u0131 ve antren\u00f6rlerini a\u011f\u0131rlad\u0131. Ba\u015fkan Ahmet Pekyat\u0131rmac\u0131, sporcularla tek tek ilgilenerek elde edilen ba\u015far\u0131lar\u0131ndan dolay\u0131 sporcular\u0131 ve antren\u00f6rlerini tebrik etti, ba\u015far\u0131lar\u0131n\u0131n devam\u0131n\u0131 diledi.<\/p>\n<p>Ziyarette sporcular\u0131n yan\u0131 s\u0131ra Sel\u00e7uklu Belediyespor Kul\u00fcp Ba\u015fkan\u0131 Mustafa Yavuz Tezcan da yer ald\u0131.<\/p>\n<p><b>Ba\u015fkan Pekyat\u0131rmac\u0131: \u201cElde etti\u011fimiz ba\u015far\u0131lar tesad\u00fcf de\u011fil\u201d<\/b><\/p>\n<p>Sel\u00e7uklu Belediyesi Spor Kul\u00fcb\u00fc olarak t\u00fcm bran\u015flarda \u00e7ok g\u00fczel neticeler ve \u00e7ok b\u00fcy\u00fck ba\u015far\u0131lar elde ettiklerini belirten Sel\u00e7uklu Belediye Ba\u015fkan\u0131 Ahmet Pekyat\u0131rmac\u0131 bu ba\u015far\u0131lardan dolay\u0131 gurur duyduklar\u0131n\u0131 ifade etti. Sporcular\u0131, antren\u00f6rleri ve ba\u015far\u0131larda eme\u011fi olan herkesi tebrik eden Ba\u015fkan Ahmet Pekyat\u0131rmac\u0131, \u201cBu elde etti\u011fimiz ba\u015far\u0131lar tesad\u00fcf de\u011fil. Bu ba\u015far\u0131lar\u0131n hepsinin arkas\u0131nda b\u00fcy\u00fck bir gayret, \u00e7aba, emek, \u00f6zveri, fedakarl\u0131k var. Bu fedakarl\u0131klar ve gayret olmadan bu neticelerin elde edilmesi m\u00fcmk\u00fcn de\u011fil. Sel\u00e7uklu Belediyesi Spor Kul\u00fcb\u00fcm\u00fcz\u00fcn t\u00fcm bran\u015flar\u0131yla gurur duyuyorum. Spor okullar\u0131m\u0131zda gen\u00e7 yetenekleri ke\u015ffediyoruz, bran\u015flara y\u00f6nlendiriyoruz. Sporcular\u0131m\u0131z lisansl\u0131 sporcu oluyor, ondan sonra da elde ettikleri ba\u015far\u0131larla birlikte milli sporcu olarak \u00fclkemizi temsil ediyor. Bu bizim i\u00e7in b\u00fcy\u00fck bir gurur ve bu gururu hep birlikte ya\u015f\u0131yoruz. O y\u00fczden yapt\u0131\u011f\u0131m\u0131z i\u015f, ortaya konan hizmet ve elde etti\u011fimiz netice bizim i\u00e7in \u00e7ok k\u0131ymetli. \u0130n\u015fallah bu ba\u015far\u0131lar artarak devam edecek. \u00c7\u00fcnk\u00fc geldi\u011fimiz nokta \u00e7ok iyi olmas\u0131na ra\u011fmen biz hi\u00e7bir zaman bunu yeterli g\u00f6rm\u00fcyoruz. Mutlaka, her zaman yapabilece\u011fimizin daha iyisini yapmam\u0131z gerekti\u011fini d\u00fc\u015f\u00fcn\u00fcyoruz\u00a0 ve o y\u00f6nde hareket ediyoruz\u201d dedi.<\/p>\n<p><b>\u201cSpora ayr\u0131 bir boyut kazand\u0131raca\u011f\u0131z\u201d<\/b><\/p>\n<p>T\u00fcrkiye&#8217;nin en b\u00fcy\u00fck Sporcu Se\u00e7me Ve Yeti\u015ftirme Merkezi\u2019ni in\u015fa ettiklerini hat\u0131rlatan Ba\u015fkan Pekyat\u0131rmac\u0131, \u201c\u0130n\u015faat \u00e7al\u0131\u015fmalar\u0131 bitmek \u00fczere. \u00d6n\u00fcm\u00fczdeki yaz d\u00f6neminin ba\u015f\u0131nda art\u0131k bu tesisimizi de a\u00e7\u0131p i\u00e7erisinde sporcular\u0131m\u0131zla birlikte vakit ge\u00e7irece\u011fimiz g\u00fcnleri sab\u0131rs\u0131zl\u0131kla bekliyoruz. Yeni Sporcu Se\u00e7me Yeti\u015ftirme Merkezimiz ile birlikte in\u015fallah Konyam\u0131zda, Sel\u00e7uklumuzda spora ayr\u0131 bir\u00a0boyut kazand\u0131raca\u011f\u0131z. \u00c7\u00fcnk\u00fc bu merkezde en ba\u015fta bir \u00f6l\u00e7me de\u011ferlendirme yaparak bu \u00f6l\u00e7me de\u011ferlendirme programlar\u0131n\u0131 da s\u00fcrekli hale getirerek \u00e7ocuklar\u0131m\u0131z\u0131, gen\u00e7lerimizi spor alan\u0131nda do\u011fru bir \u015fekilde bran\u015flara y\u00f6nlendirmeyi hedefliyoruz. Bu y\u00f6nlendirmeyi yapt\u0131ktan sonra da gen\u00e7lerimizi \u00f6zellikle yetenekli olan ve belli bran\u015flarda netice elde edebilece\u011fimiz gen\u00e7lerimize de \u00f6zel bir program uygulayarak olimpiyatlara sporcu yeti\u015ftirece\u011fiz. Sizlerin elde etti\u011fi ba\u015far\u0131lar yeni ba\u015flayan \u00e7ocuklar\u0131m\u0131z i\u00e7in, gen\u00e7lerimiz i\u00e7in \u00f6rnek olacak. Onlar sizleri \u00f6rnek alarak bu yolculu\u011fa \u00e7\u0131kacaklar ve sizlerin \u00f6rnekli\u011finizle birlikte onlar da kendilerine yeni hedefler belirleyecekler\u201d \u015feklinde konu\u015ftu.<\/p>\n<p>Sel\u00e7uklu Belediyespor Kul\u00fcp Ba\u015fkan\u0131 Mustafa Yavuz Tezcan da t\u00fcm sporcular\u0131 ve hocalar\u0131n\u0131 tebrik ederek, ba\u015far\u0131lar\u0131n\u0131n devam\u0131n\u0131 diledi. Tezcan, Sel\u00e7uklu Belediye Ba\u015fkan\u0131 Ahmet Pekyat\u0131rmac\u0131\u2019ya da desteklerinden dolay\u0131 te\u015fekk\u00fcr etti.<\/p>\n<p>Ziyaret sonunda sporcular ve antren\u00f6rler, Sel\u00e7uklu Belediye Ba\u015fkan\u0131 Ahmet Pekyat\u0131rmac\u0131 ile hat\u0131ra foto\u011fraf\u0131 \u00e7ektirirken, g\u00fcn\u00fcn an\u0131s\u0131na sporculara \u00e7e\u015fitli hediyeler takdim edildi.<\/p>\n<p>\u00a0<\/p>\n<p>\u00a0<\/p>\n<p>Kaynak: (BYZHA) Beyaz Haber Ajans\u0131<\/p>\n","protected":false},"excerpt":{"rendered":"<p>Sel\u00e7uklu Belediyespor Kul\u00fcb\u00fc Taekwondo, Halter, G\u00fcre\u015f, Kick Boks ve Voleybol sporcular\u0131 2026 y\u0131l\u0131n\u0131n ilk aylar\u0131nda kat\u0131ld\u0131klar\u0131 ulusal ve uluslararas\u0131 \u015fampiyonalarda elde ettikleri derecelerle \u00f6nemli ba\u015far\u0131lara imza att\u0131.<\/p>\n","protected":false},"author":1,"featured_media":38527,"comment_status":"open","ping_status":"open","sticky":false,"template":"","format":"standard","meta":{"footnotes":""},"categories":[14],"tags":[5450,5334,4757,440,4569],"class_list":["post-38526","post","type-post","status-publish","format-standard","has-post-thumbnail","hentry","category-spor","tag-basarilar","tag-elde","tag-selcuklu-belediye","tag-spor","tag-sporculari"],"_links":{"self":[{"href":"https:\/\/bihavadis.com\/index.php\/wp-json\/wp\/v2\/posts\/38526","targetHints":{"allow":["GET"]}}],"collection":[{"href":"https:\/\/bihavadis.com\/index.php\/wp-json\/wp\/v2\/posts"}],"about":[{"href":"https:\/\/bihavadis.com\/index.php\/wp-json\/wp\/v2\/types\/post"}],"author":[{"embeddable":true,"href":"https:\/\/bihavadis.com\/index.php\/wp-json\/wp\/v2\/users\/1"}],"replies":[{"embeddable":true,"href":"https:\/\/bihavadis.com\/index.php\/wp-json\/wp\/v2\/comments?post=38526"}],"version-history":[{"count":1,"href":"https:\/\/bihavadis.com\/index.php\/wp-json\/wp\/v2\/posts\/38526\/revisions"}],"predecessor-version":[{"id":38528,"href":"https:\/\/bihavadis.com\/index.php\/wp-json\/wp\/v2\/posts\/38526\/revisions\/38528"}],"wp:featuredmedia":[{"embeddable":true,"href":"https:\/\/bihavadis.com\/index.php\/wp-json\/wp\/v2\/media\/38527"}],"wp:attachment":[{"href":"https:\/\/bihavadis.com\/index.php\/wp-json\/wp\/v2\/media?parent=38526"}],"wp:term":[{"taxonomy":"category","embeddable":true,"href":"https:\/\/bihavadis.com\/index.php\/wp-json\/wp\/v2\/categories?post=38526"},{"taxonomy":"post_tag","embeddable":true,"href":"https:\/\/bihavadis.com\/index.php\/wp-json\/wp\/v2\/tags?post=38526"}],"curies":[{"name":"wp","href":"https:\/\/api.w.org\/{rel}","templated":true}]}}