{"id":38537,"date":"2026-02-20T18:18:04","date_gmt":"2026-02-20T18:18:04","guid":{"rendered":"https:\/\/bihavadis.com\/?p=38537"},"modified":"2026-02-20T18:18:04","modified_gmt":"2026-02-20T18:18:04","slug":"miniklere-sifir-atik-farkindaligi","status":"publish","type":"post","link":"https:\/\/bihavadis.com\/index.php\/2026\/02\/20\/miniklere-sifir-atik-farkindaligi\/","title":{"rendered":"Miniklere &#8216;s\u0131f\u0131r at\u0131k&#8217; fark\u0131ndal\u0131\u011f\u0131"},"content":{"rendered":"<p><span><span><span><span>L\u00fcleburgaz Belediyesi <span><span>\u0130klim De\u011fi\u015fikli\u011fi ve S\u0131f\u0131r At\u0131k M\u00fcd\u00fcrl\u00fc\u011f\u00fc<\/span><\/span> ve L\u00fcleburgaz \u0130l\u00e7e Milli E\u011fitim M\u00fcd\u00fcrl\u00fc\u011f\u00fc i\u015fbirli\u011fi ile y\u00fcr\u00fct\u00fclen \u2018Renklerle S\u0131f\u0131r At\u0131k E\u011fitimi\u2019 projesi kapsam\u0131nda \u015eehit Mednan Tuna \u0130lkokulu&#8217;nda etkinlik d\u00fczenlendi. Etkinlikte belediyenin maskotu \u2018Bilge\u00e7\u2019 kukla g\u00f6sterisi sahnelendi.<\/span><\/span><\/span><\/span><\/p>\n<p><span><span><span><span>L\u00fcleburgaz Belediyesi ve \u0130l\u00e7e Milli E\u011fitim i\u015fbirli\u011fi ile y\u00fcr\u00fct\u00fclen \u2018Renklerle S\u0131f\u0131r At\u0131k E\u011fitimi\u2019 projesi s\u00fcr\u00fcyor.<\/span><\/span><\/span><\/span><\/p>\n<p><span><span><span><span><span><span>\u00c7evre bilincinin k\u00fc\u00e7\u00fck ya\u015flarda kazan\u0131lmas\u0131n\u0131n hedeflendi\u011fi proje kapsam\u0131nda \u015eehit Mednan Tuna <\/span><\/span><\/span><\/span><span><span>\u0130lkokulu&#8217;nda sergi ve kukla g\u00f6sterisi etkinli\u011fi d\u00fczenlendi.<\/span><\/span><\/span><\/span><\/p>\n<p><span><span><span><span>Programa L\u00fcleburgaz Kaymakam\u0131 Kemal Y\u0131ld\u0131z, L\u00fcleburgaz Belediye Ba\u015fkan\u0131 Dr. Murat Gerenli, \u0130l\u00e7e Milli E\u011fitim M\u00fcd\u00fcr\u00fc Cihan Erdem, Belediye Ba\u015fkan Yard\u0131mc\u0131lar\u0131 Kemal Pekta\u015f ve Derya Aktan, L\u00fcleburgaz Belediyesi \u0130klim De\u011fi\u015fikli\u011fi ve S\u0131f\u0131r At\u0131k M\u00fcd\u00fcr\u00fc Dilek \u00c7etin \u00c7ivi, K\u00fclt\u00fcr ve Sosyal \u0130\u015fler M\u00fcd\u00fcr Vekili Samet Servet ve anas\u0131n\u0131f\u0131 \u00f6\u011frencileri kat\u0131ld\u0131.<\/span><\/span><\/span><\/span><\/p>\n<p><span><span><span><span>Anas\u0131n\u0131f\u0131 \u00f6\u011frencilerinin at\u0131klardan \u00fcretip yeniden kullan\u0131ma kazand\u0131rd\u0131klar\u0131 \u00fcr\u00fcnlerden olu\u015fan sergiyi gezen protokol \u00fcyeleri, daha sonra \u2018Bilge\u00e7 ve Egemen Abi\u2019 kukla g\u00f6sterisini izledi.<\/span><\/span><\/span><\/span><\/p>\n<p><span><span><span><span>Kukla g\u00f6sterisinde miniklere geri d\u00f6n\u00fc\u015f\u00fcm\u00fcn \u00f6nemi, <span><span>\u00e7evre bilincinin k\u00fc\u00e7\u00fck ya\u015flarda kazand\u0131r\u0131lmas\u0131n\u0131n \u00f6nemi anlat\u0131ld\u0131.<\/span><\/span><\/span><\/span><\/span><\/span><\/p>\n<p><span><span><span><span>Protokol \u00fcyeleri daha sonra miniklerle hat\u0131ra foto\u011fraf\u0131 \u00e7ektirdi.<\/span><\/span><\/span><\/span><\/p>\n<p>\u00a0<\/p>\n<p>Kaynak: (BYZHA) Beyaz Haber Ajans\u0131<\/p>\n","protected":false},"excerpt":{"rendered":"<p>L\u00fcleburgaz Belediyesi \u0130klim De\u011fi\u015fikli\u011fi ve S\u0131f\u0131r At\u0131k M\u00fcd\u00fcrl\u00fc\u011f\u00fc ve L\u00fcleburgaz \u0130l\u00e7e Milli E\u011fitim M\u00fcd\u00fcrl\u00fc\u011f\u00fc i\u015fbirli\u011fi ile y\u00fcr\u00fct\u00fclen \u2018Renklerle S\u0131f\u0131r At\u0131k E\u011fitimi\u2019 projesi kapsam\u0131nda \u015eehit Mednan Tuna \u0130lkokulu&#8217;nda etkinlik d\u00fczenlendi. Etkinlikte belediyenin maskotu \u2018Bilge\u00e7\u2019 kukla g\u00f6sterisi sahnelendi.<\/p>\n","protected":false},"author":1,"featured_media":38538,"comment_status":"open","ping_status":"open","sticky":false,"template":"","format":"standard","meta":{"footnotes":""},"categories":[4],"tags":[2163,372,233,3341,449],"class_list":["post-38537","post","type-post","status-publish","format-standard","has-post-thumbnail","hentry","category-gundem","tag-atik","tag-belediye","tag-egitim","tag-luleburgaz","tag-mudur"],"_links":{"self":[{"href":"https:\/\/bihavadis.com\/index.php\/wp-json\/wp\/v2\/posts\/38537","targetHints":{"allow":["GET"]}}],"collection":[{"href":"https:\/\/bihavadis.com\/index.php\/wp-json\/wp\/v2\/posts"}],"about":[{"href":"https:\/\/bihavadis.com\/index.php\/wp-json\/wp\/v2\/types\/post"}],"author":[{"embeddable":true,"href":"https:\/\/bihavadis.com\/index.php\/wp-json\/wp\/v2\/users\/1"}],"replies":[{"embeddable":true,"href":"https:\/\/bihavadis.com\/index.php\/wp-json\/wp\/v2\/comments?post=38537"}],"version-history":[{"count":1,"href":"https:\/\/bihavadis.com\/index.php\/wp-json\/wp\/v2\/posts\/38537\/revisions"}],"predecessor-version":[{"id":38539,"href":"https:\/\/bihavadis.com\/index.php\/wp-json\/wp\/v2\/posts\/38537\/revisions\/38539"}],"wp:featuredmedia":[{"embeddable":true,"href":"https:\/\/bihavadis.com\/index.php\/wp-json\/wp\/v2\/media\/38538"}],"wp:attachment":[{"href":"https:\/\/bihavadis.com\/index.php\/wp-json\/wp\/v2\/media?parent=38537"}],"wp:term":[{"taxonomy":"category","embeddable":true,"href":"https:\/\/bihavadis.com\/index.php\/wp-json\/wp\/v2\/categories?post=38537"},{"taxonomy":"post_tag","embeddable":true,"href":"https:\/\/bihavadis.com\/index.php\/wp-json\/wp\/v2\/tags?post=38537"}],"curies":[{"name":"wp","href":"https:\/\/api.w.org\/{rel}","templated":true}]}}