{"id":38577,"date":"2026-02-20T18:51:04","date_gmt":"2026-02-20T18:51:04","guid":{"rendered":"https:\/\/bihavadis.com\/?p=38577"},"modified":"2026-02-20T18:51:04","modified_gmt":"2026-02-20T18:51:04","slug":"arjantinde-orman-yanginlari-50-bin-hektar-alani-kul-etti","status":"publish","type":"post","link":"https:\/\/bihavadis.com\/index.php\/2026\/02\/20\/arjantinde-orman-yanginlari-50-bin-hektar-alani-kul-etti\/","title":{"rendered":"Arjantin&#8217;de Orman Yang\u0131nlar\u0131 50 Bin Hektar Alan\u0131 K\u00fcl Etti"},"content":{"rendered":"<p> Arjantin&#8217;in Patagonya b\u00f6lgesindeki Chubut eyaletinde devam eden orman yang\u0131nlar\u0131nda \u015fu ana kadar 50 bin hektarl\u0131k alan k\u00fcle d\u00f6nd\u00fc.<\/p>\n<p>Arjantin&#8217;in son y\u0131llarda kurakl\u0131ktan etkilenen Patagonya b\u00f6lgesindeki Chubut, Rio Negro, Neuquen ve Santa Cruz eyaletlerinde orman yang\u0131nlar\u0131yla m\u00fccadele ediliyor. Yang\u0131ndan en \u00e7ok etkilenen Chubut eyaletinde alevler, UNESCO D\u00fcnya Miras\u0131 listesinde yer alan ve 2 bin 600 y\u0131ll\u0131k alerce a\u011fa\u00e7lar\u0131yla \u00fcnl\u00fc Los Alerces Milli Park\u0131&#8217;nda yay\u0131lmaya devam ediyor. Eyaletteki yang\u0131nlarda \u015fu ana kadar 50 bin hektarl\u0131k alan k\u00fcle d\u00f6nerken, itfaiye ekiplerinin \u00e7al\u0131\u015fmalar\u0131 helikopterlerin deste\u011fiyle s\u00fcr\u00fcyor.<\/p>\n<p>Milei&#8217;nin kemer s\u0131kma politikas\u0131 tepki \u00e7ekiyor<\/p>\n<p>Arjantin ekonomisini y\u0131llarca s\u00fcren a\u011f\u0131r bor\u00e7 y\u00fck\u00fcnden kurtarma vaadiyle g\u00f6reve gelen Devlet Ba\u015fkan\u0131 Javier Milei, 2024 y\u0131l\u0131nda Ulusal Yang\u0131n Y\u00f6netim Servisi&#8217;ne yap\u0131lan harcamalar\u0131 bir \u00f6nceki y\u0131la g\u00f6re y\u00fczde 80 oran\u0131nda azaltm\u0131\u015f, itfaiye ekiplerini y\u00f6neten, hava tankerlerinin bak\u0131m\u0131n\u0131 yapan, ek ekipman sat\u0131n almaktan ve tehlikeleri takip etmekten sorumlu olan itfaiye kurumunu b\u00fcy\u00fck \u00f6l\u00e7\u00fcde zay\u0131flatm\u0131\u015ft\u0131. Yerel sivil toplum kurulu\u015fu FARN&#8217;a g\u00f6re Arjantin&#8217;in 2026 b\u00fct\u00e7esinde ise Ulusal Yang\u0131n Y\u00f6netim Servisi&#8217;ne ayr\u0131lan fonlar, 2025&#8217;e g\u00f6re y\u00fczde 71 oran\u0131nda azalt\u0131ld\u0131. S\u00f6nd\u00fcr\u00fclemeyen ve a\u011f\u0131r hasara yol a\u00e7an yang\u0131nlar\u0131, Devlet Ba\u015fkan\u0131 Javier Milei&#8217;nin yard\u0131m kaynaklar\u0131n\u0131 \u00f6nemli \u00f6l\u00e7\u00fcde azaltan kemer s\u0131kma politikalar\u0131na y\u00f6nelik ele\u015ftirileri art\u0131rd\u0131. &#8211; SANTA CRUZ<\/p>\n","protected":false},"excerpt":{"rendered":"<p>Chubut eyaletindeki yang\u0131nlar s\u00fcrerken, Devlet Ba\u015fkan\u0131 Milei&#8217;nin kesintileri ele\u015ftiriliyor.<\/p>\n","protected":false},"author":1,"featured_media":38578,"comment_status":"open","ping_status":"open","sticky":false,"template":"","format":"standard","meta":{"footnotes":""},"categories":[8],"tags":[600],"class_list":["post-38577","post","type-post","status-publish","format-standard","has-post-thumbnail","hentry","category-ekonomi","tag-yangin"],"_links":{"self":[{"href":"https:\/\/bihavadis.com\/index.php\/wp-json\/wp\/v2\/posts\/38577","targetHints":{"allow":["GET"]}}],"collection":[{"href":"https:\/\/bihavadis.com\/index.php\/wp-json\/wp\/v2\/posts"}],"about":[{"href":"https:\/\/bihavadis.com\/index.php\/wp-json\/wp\/v2\/types\/post"}],"author":[{"embeddable":true,"href":"https:\/\/bihavadis.com\/index.php\/wp-json\/wp\/v2\/users\/1"}],"replies":[{"embeddable":true,"href":"https:\/\/bihavadis.com\/index.php\/wp-json\/wp\/v2\/comments?post=38577"}],"version-history":[{"count":1,"href":"https:\/\/bihavadis.com\/index.php\/wp-json\/wp\/v2\/posts\/38577\/revisions"}],"predecessor-version":[{"id":38579,"href":"https:\/\/bihavadis.com\/index.php\/wp-json\/wp\/v2\/posts\/38577\/revisions\/38579"}],"wp:featuredmedia":[{"embeddable":true,"href":"https:\/\/bihavadis.com\/index.php\/wp-json\/wp\/v2\/media\/38578"}],"wp:attachment":[{"href":"https:\/\/bihavadis.com\/index.php\/wp-json\/wp\/v2\/media?parent=38577"}],"wp:term":[{"taxonomy":"category","embeddable":true,"href":"https:\/\/bihavadis.com\/index.php\/wp-json\/wp\/v2\/categories?post=38577"},{"taxonomy":"post_tag","embeddable":true,"href":"https:\/\/bihavadis.com\/index.php\/wp-json\/wp\/v2\/tags?post=38577"}],"curies":[{"name":"wp","href":"https:\/\/api.w.org\/{rel}","templated":true}]}}