{"id":38697,"date":"2026-02-20T20:21:07","date_gmt":"2026-02-20T20:21:07","guid":{"rendered":"https:\/\/bihavadis.com\/?p=38697"},"modified":"2026-02-20T20:21:07","modified_gmt":"2026-02-20T20:21:07","slug":"serdal-adali-yeni-transferi-ohhh-diyerek-tanitti","status":"publish","type":"post","link":"https:\/\/bihavadis.com\/index.php\/2026\/02\/20\/serdal-adali-yeni-transferi-ohhh-diyerek-tanitti\/","title":{"rendered":"Serdal Adal\u0131 yeni transferi &#8221;Ohhh&#8221; diyerek tan\u0131tt\u0131"},"content":{"rendered":"<p>Be\u015fikta\u015f Ba\u015fkan\u0131 Serdal Adal\u0131, G\u00fcney Koreli yeni transfer Hyeon-gyu Oh&#8217;u tan\u0131t\u0131rken verdi\u011fi tepkiyle sosyal medyada g\u00fcndem oldu.<\/p>\n<p>Siyah-beyazl\u0131 kul\u00fcb\u00fcn yeni transferi Hyeon-gyu Oh&#8217;un imza t\u00f6reninde konu\u015fan Serdal Adal\u0131, oyuncunun soyad\u0131na g\u00f6nderme yaparak &#8220;Ohhh&#8221; ifadesini kulland\u0131.\u00a0<\/p>\n<p>O anlar kameralara yans\u0131d\u0131.<\/p>\n<p><strong>BA\u015eKAN ADALI ESPR\u0130L\u0130 TANITTI: OH&#8217;UN TEPK\u0130S\u0130 D\u0130KKAT \u00c7EKT\u0130<\/strong><\/p>\n<p>Adal\u0131&#8217;n\u0131n bu s\u00f6zleri sonras\u0131 Hyeon-gyu Oh&#8217;un verdi\u011fi tepki dikkat \u00e7ekti.<\/p>\n<p>G\u00fcney Koreli futbolcu, ya\u015fanan anlara \u015fa\u015fk\u0131nl\u0131kla g\u00fcl\u00fcmseyerek kar\u015f\u0131l\u0131k verdi.<\/p>\n<p>G\u00f6r\u00fcnt\u00fcler k\u0131sa s\u00fcrede sosyal medyada viral oldu.<\/p>\n<p>\u0130\u015fte o anlar&#8230;<\/p>\n<p><img decoding=\"async\" src=\"https:\/\/bihavadis.com\/wp-content\/uploads\/2026\/02\/serdal-adali-yeni-transferi-ohhh-diyerek-tanitti-0-vzKbBdB9.jpg\"\/><\/p>\n<p><img decoding=\"async\" src=\"https:\/\/bihavadis.com\/wp-content\/uploads\/2026\/02\/serdal-adali-yeni-transferi-ohhh-diyerek-tanitti-1-IcxAwiKR.jpg\"\/><\/p>\n","protected":false},"excerpt":{"rendered":"<p>Be\u015fikta\u015f Ba\u015fkan\u0131 Serdal Adal\u0131, Hyeon-gyu Oh&#8217;u &#8220;Ohhh&#8221; diyerek tan\u0131tt\u0131. Y\u0131ld\u0131z futbolcunun \u015fa\u015fk\u0131n ve tebess\u00fcml\u00fc tepkisi sosyal medyada g\u00fcndem oldu.<\/p>\n","protected":false},"author":1,"featured_media":38698,"comment_status":"open","ping_status":"open","sticky":false,"template":"","format":"standard","meta":{"footnotes":""},"categories":[14],"tags":[],"class_list":["post-38697","post","type-post","status-publish","format-standard","has-post-thumbnail","hentry","category-spor"],"_links":{"self":[{"href":"https:\/\/bihavadis.com\/index.php\/wp-json\/wp\/v2\/posts\/38697","targetHints":{"allow":["GET"]}}],"collection":[{"href":"https:\/\/bihavadis.com\/index.php\/wp-json\/wp\/v2\/posts"}],"about":[{"href":"https:\/\/bihavadis.com\/index.php\/wp-json\/wp\/v2\/types\/post"}],"author":[{"embeddable":true,"href":"https:\/\/bihavadis.com\/index.php\/wp-json\/wp\/v2\/users\/1"}],"replies":[{"embeddable":true,"href":"https:\/\/bihavadis.com\/index.php\/wp-json\/wp\/v2\/comments?post=38697"}],"version-history":[{"count":1,"href":"https:\/\/bihavadis.com\/index.php\/wp-json\/wp\/v2\/posts\/38697\/revisions"}],"predecessor-version":[{"id":38701,"href":"https:\/\/bihavadis.com\/index.php\/wp-json\/wp\/v2\/posts\/38697\/revisions\/38701"}],"wp:featuredmedia":[{"embeddable":true,"href":"https:\/\/bihavadis.com\/index.php\/wp-json\/wp\/v2\/media\/38698"}],"wp:attachment":[{"href":"https:\/\/bihavadis.com\/index.php\/wp-json\/wp\/v2\/media?parent=38697"}],"wp:term":[{"taxonomy":"category","embeddable":true,"href":"https:\/\/bihavadis.com\/index.php\/wp-json\/wp\/v2\/categories?post=38697"},{"taxonomy":"post_tag","embeddable":true,"href":"https:\/\/bihavadis.com\/index.php\/wp-json\/wp\/v2\/tags?post=38697"}],"curies":[{"name":"wp","href":"https:\/\/api.w.org\/{rel}","templated":true}]}}