{"id":38743,"date":"2026-02-20T20:57:08","date_gmt":"2026-02-20T20:57:08","guid":{"rendered":"https:\/\/bihavadis.com\/?p=38743"},"modified":"2026-02-20T20:57:08","modified_gmt":"2026-02-20T20:57:08","slug":"seyfettin-arac-edebiyat-ve-aktivizm-bir-arada","status":"publish","type":"post","link":"https:\/\/bihavadis.com\/index.php\/2026\/02\/20\/seyfettin-arac-edebiyat-ve-aktivizm-bir-arada\/","title":{"rendered":"Seyfettin Ara\u00e7: Edebiyat ve Aktivizm Bir Arada"},"content":{"rendered":"<p>&#8220;Unutulmu\u015f Topraklar&#8221;, &#8220;Sevgili Yaln\u0131zl\u0131k&#8221;, &#8220;Kent \u015eiirleri&#8221; ve &#8220;Zaman\u0131 Tanr\u0131 Ya\u015far&#8221; adl\u0131 eserleri kaleme alan \u015fair ve yazar Seyfettin Ara\u00e7, &#8220;Yaz\u0131 yazmak, edebiyat yapmak, romanlar \u00e7\u0131karmak, \u015fiirler yazmak, eserler ortaya koymak benim mesle\u011fimin bana getirdi\u011fi bir mecburiyet, a\u015fk, mutluluk. Fakat bunun d\u0131\u015f\u0131nda insanlar\u0131n \u00e7ekti\u011fi ac\u0131lar\u0131, g\u00f6rd\u00fc\u011f\u00fcm\u00fcz zul\u00fcmleri, yap\u0131lan haks\u0131zl\u0131klar\u0131 dile getirmek de benim k\u00fclt\u00fcr\u00fcm\u00fcn, insanl\u0131\u011f\u0131m\u0131n bir gere\u011fi.&#8221; dedi.<\/p>\n<p>Mardin&#8217;de 1982&#8217;de d\u00fcnyaya gelen Ara\u00e7, Bah\u00e7e\u015fehir \u00dcniversitesi \u0130leti\u015fim Fak\u00fcltesi Radyo Sinema Televizyon b\u00f6l\u00fcm\u00fcnden mezun oldu.<\/p>\n<p>PEN T\u00fcrkiye \u00fcyesi olan Ara\u00e7&#8217;\u0131n &#8220;Unutulmu\u015f Topraklar&#8221; adl\u0131 eseri de Frans\u0131zcaya \u00e7evrildi. Bir\u00e7ok dergiye denemeler, \u00f6yk\u00fcler ve \u015fiirler yazan Ara\u00e7&#8217;\u0131n ilk kitab\u0131 &#8220;Kent \u015eiirleri&#8221; ise 2020 y\u0131l\u0131nda yay\u0131mland\u0131.<\/p>\n<p>&#8220;\u0130nsanlar\u0131n i\u00e7 sesini romanlar\u0131ma yans\u0131tarak farkl\u0131 eserler yazmaya \u00e7al\u0131\u015f\u0131yorum&#8221;<\/p>\n<p>AA muhabirine yazarl\u0131\u011fa bak\u0131\u015f\u0131n\u0131 ve edebiyat ser\u00fcvenini anlatan Ara\u00e7, kendisini yazarl\u0131k ve aktivistlik aras\u0131nda dengede tutmaya \u00e7al\u0131\u015ft\u0131\u011f\u0131n\u0131, hem edebiyat\u00e7\u0131 oldu\u011funu hem de etraf\u0131nda, \u00fclkesinde, co\u011frafyas\u0131nda olan bitenden de uzak durmak istemedi\u011fini s\u00f6yledi.<\/p>\n<p>Seyfettin Ara\u00e7, ya\u015fan\u0131lan her \u015feyin bir kar\u015f\u0131l\u0131\u011f\u0131 oldu\u011funu hissetti\u011fini aktararak, &#8220;K\u00f6t\u00fc olan b\u00fct\u00fcn olaylar\u0131n kar\u015f\u0131s\u0131nda durmaya \u00e7al\u0131\u015ft\u0131\u011f\u0131m\u0131z i\u00e7in &#8216;aktivistlik&#8217; kimli\u011fini bize yak\u0131\u015ft\u0131r\u0131yorlar. Asl\u0131nda bu bir insanl\u0131k, vicdan gere\u011fi. Ben \u00f6yle g\u00f6r\u00fcyorum. Kitaplar, romanlar yaz\u0131yorum, edebiyat\u00e7\u0131y\u0131m, \u00f6\u011fretim g\u00f6revlili\u011fi yap\u0131yorum.&#8221; diye konu\u015ftu.<\/p>\n<p>Yazar olabilmek i\u00e7in her \u015feyden \u00f6nce vicdanl\u0131 bir insan olmak gerekti\u011finin alt\u0131n\u0131 \u00e7izen Ara\u00e7, &#8220;Merhametli ve insanlar\u0131 seven biri olman\u0131z gerekiyor. Aksi halde roman, \u015fiir yazma \u015fans\u0131n\u0131z pek m\u00fcmk\u00fcn de\u011fil. Benim edebiyat\u0131mda da insan ruhunun derinliklerini anlatt\u0131\u011f\u0131m romanlar mevcut.&#8221; ifadelerini kulland\u0131.<\/p>\n<p>Ara\u00e7, kendisini modern \u00e7a\u011f edebiyat\u0131n\u0131n son temsilcilerinden biri olarak g\u00f6rd\u00fc\u011f\u00fcn\u00fc s\u00f6yleyerek, \u015f\u00f6yle devam etti: <\/p>\n<p>&#8220;Bizim yaratt\u0131\u011f\u0131m\u0131z edebiyat\u0131n, sanat\u0131n, bizden \u00f6nceki ustalar\u0131m\u0131z\u0131n \u00e7ok d\u0131\u015f\u0131nda bir edebiyat oldu\u011funu g\u00f6stermeye \u00e7al\u0131\u015f\u0131yoruz. O y\u00fczden Fransa&#8217;da &#8216;y\u0131l\u0131n kitab\u0131&#8217; se\u00e7ilip Frans\u0131zcaya \u00e7evriliyoruz. \u0130nsanlar, T\u00fcrkiye&#8217;de olup biteni, roman sanat\u0131na d\u00f6k\u00fclen hikayeleri merak ediyorlar. Benim edebiyat\u0131m tam olarak budur. Daha \u00f6nce yap\u0131lmayan\u0131 yapmaya \u00e7al\u0131\u015fan bir edebiyat, roman tarz\u0131. Kendimi biraz burada sorumlu olarak g\u00f6r\u00fcyorum. Benden \u00f6nceki yazarlar &#8216;etliye s\u00fctl\u00fcye \u00e7ok kar\u0131\u015fmadan&#8217; romanlar yazmaya \u00e7al\u0131\u015ft\u0131lar. Benim \u00f6yle bir amac\u0131m yok. Ben etliye de s\u00fctl\u00fcye de kar\u0131\u015farak, b\u00fct\u00fcn derdimi anlatarak, insanlar\u0131n i\u00e7 sesini romanlar\u0131ma yans\u0131tarak farkl\u0131 ve daha \u00f6nce yaz\u0131lmam\u0131\u015f eserler yazmaya \u00e7al\u0131\u015f\u0131yorum.&#8221;<\/p>\n<p>&#8220;D\u00fcnyan\u0131n her yerindeki haks\u0131zl\u0131klara, zul\u00fcmlere, ac\u0131lara ses \u00e7\u0131karmak zorunday\u0131m&#8221;<\/p>\n<p>Son d\u00f6nemde d\u00fcnyada ya\u015fanan insanl\u0131k krizlerine ili\u015fkin konu\u015fan Ara\u00e7, \u015funlar\u0131 kaydetti: <\/p>\n<p>&#8220;\u0130nsanlar\u0131n suspus olmas\u0131, hi\u00e7bir \u015fey yapmamas\u0131, sadece kendi cenah\u0131ndan bir \u015feyler oldu\u011funda ses \u00e7\u0131karmas\u0131 bana \u00e7ok insani, mant\u0131kl\u0131, vicdani gelmiyor. Ben d\u00fcnyan\u0131n her yerindeki haks\u0131zl\u0131klara, zul\u00fcmlere, ac\u0131lara ses \u00e7\u0131karmak zorunday\u0131m. Bu benim hem sanat\u0131m\u0131n hem yapt\u0131\u011f\u0131m i\u015fin hem de insanl\u0131\u011f\u0131m\u0131n gere\u011fi. Biz Anadolu co\u011frafyas\u0131nda do\u011fduk b\u00fcy\u00fcd\u00fck, devlet paras\u0131z yat\u0131l\u0131 okullarda e\u011fitimler g\u00f6rd\u00fck. &#8216;Misak-\u0131 Milli s\u0131n\u0131rlar\u0131 i\u00e7inde olan bizi ilgilendirir, d\u0131\u015f\u0131ndaki bizi ilgilendirmez&#8217; dedi\u011fimiz zaman, ald\u0131\u011f\u0131m\u0131z e\u011fitimin, \u00f6\u011fretimin, k\u00fclt\u00fcr\u00fcn, aile terbiyemizin, dinimizin gere\u011fi, bir\u00e7ok alanda bakt\u0131\u011f\u0131n\u0131zda yanl\u0131\u015f yapm\u0131\u015f oluruz. Bu benim i\u00e7in yaz\u0131 sanat\u0131n\u0131n kutsall\u0131\u011f\u0131ndan daha kutsal bir durum. Yaz\u0131 yazmak, edebiyat yapmak, romanlar \u00e7\u0131karmak, \u015fiirler yazmak, eserler ortaya koymak benim mesle\u011fimin bana getirdi\u011fi bir mecburiyet, a\u015fk, mutluluk. Fakat bunun d\u0131\u015f\u0131nda insanlar\u0131n \u00e7ekti\u011fi ac\u0131lar\u0131, g\u00f6rd\u00fc\u011f\u00fcm\u00fcz zul\u00fcmleri, yap\u0131lan haks\u0131zl\u0131klar\u0131 dile getirmek de benim k\u00fclt\u00fcr\u00fcm\u00fcn, insanl\u0131\u011f\u0131m\u0131n bir gere\u011fi.&#8221;<\/p>\n<p>Seyfettin Ara\u00e7, sanat\u0131n ve edebiyat\u0131n g\u00fcc\u00fcne dair de &#8220;Kitaplar\u0131m yabanc\u0131 dillere \u00e7evriliyor ve biz konferanslara, s\u00f6yle\u015filere gidiyoruz, oturumlar planlan\u0131yor. Ben PEN T\u00fcrkiye Denetleme Kurulu \u00fcyesiyim. PEN ad\u0131na gitmek zorunda oldu\u011fum yerler oluyor ve biz oralarda \u00e7ok sorular soruyoruz. T\u00fcrkiye ile ilgili bir haks\u0131zl\u0131k oldu\u011funda yazd\u0131\u011f\u0131m\u0131z\u0131 g\u00f6r\u00fcyorlar. Filistin ile ilgili bir durum oldu\u011funda yazd\u0131\u011f\u0131m\u0131z\u0131 ya da sesimizi \u00e7\u0131kard\u0131\u011f\u0131m\u0131z\u0131 g\u00f6r\u00fcyorlar. Edebiyat her yeri, her alan\u0131 kapsamayabilir ama insanl\u0131k, vicdan, merhamet ve g\u00f6rd\u00fc\u011f\u00fcm\u00fcz k\u00fclt\u00fcr, ahlak\u0131m\u0131z b\u00fct\u00fcn d\u00fcnyay\u0131 kaps\u0131yor. O y\u00fczden edebiyat ve yaz\u0131 sanat\u0131n\u0131n bu konularda \u00e7ok \u00f6nemli bir yer tuttu\u011funu d\u00fc\u015f\u00fcn\u00fcyorum.&#8221; g\u00f6r\u00fc\u015f\u00fcn\u00fc payla\u015ft\u0131.<\/p>\n<p>&#8220;Fatih Sultan Mehmet&#8217;in o\u011flu Bayezid ile ilgili bir roman tasla\u011f\u0131m var&#8221;<\/p>\n<p>\u015eimdiye dek d\u00f6rt kitap kaleme ald\u0131\u011f\u0131n\u0131 ve beklemedi\u011fi bir tevecc\u00fch ile kar\u015f\u0131la\u015ft\u0131\u011f\u0131n\u0131 s\u00f6yleyen Ara\u00e7, &#8220;Bu beni \u00e7ok mutlu ediyor. \u0130lk roman\u0131m\u0131z &#8216;Sevgili Yaln\u0131zl\u0131k&#8217;\u0131 \u00fc\u00e7ledik ve mart ayn\u0131n ortalar\u0131 gibi \u00e7\u0131karmay\u0131 planl\u0131yoruz. \u00c7ok u\u011fra\u015ft\u0131m, \u00e7abalad\u0131m. Daha \u00f6nce T\u00fcrkiye&#8217;de yaz\u0131lmam\u0131\u015f t\u00fcrleri yaz\u0131yorum. Daha \u00f6nce hi\u00e7bir yazar\u0131n asl\u0131nda girmedi\u011fi alanlara, sokaklara, dalmad\u0131\u011f\u0131 dehlizlere dal\u0131yorum.&#8221; dedi.<\/p>\n<p>Ara\u00e7, yazmay\u0131 planlad\u0131\u011f\u0131 eserler hakk\u0131nda ise &#8220;Fatih Sultan Mehmet&#8217;in o\u011flu Bayezid ile ilgili bir roman tasla\u011f\u0131m, \u00fc\u00e7l\u00fc bir set hayalim var. Yapabilirsem 2030&#8217;a kadar onu yeti\u015ftirmek istiyorum. Daha \u00f6nce hi\u00e7 bilinmeyen, konu\u015fulmayan detaylar\u0131 yazmak istiyorum.Avrupa okurlar\u0131na da en az\u0131ndan 5-6 dile \u00e7evrilecek \u015fekilde sunmak istiyorum.&#8221; diye konu\u015ftu.<\/p>\n<p>Bir edebiyat\u00e7\u0131n\u0131n sokaklara inmesini, toplumla i\u00e7 i\u00e7e olmas\u0131n\u0131 zorunluluk olarak g\u00f6rd\u00fc\u011f\u00fcn\u00fc belirten Ara\u00e7, s\u00f6zlerini \u015f\u00f6yle s\u00fcrd\u00fcrd\u00fc: <\/p>\n<p>&#8220;Tercih yazma \u015feklinde olur ama yaratma s\u00fcrecinde zorunluluktur. \u00c7\u00fcnk\u00fc sokaklardan, insanlardan, milletten, lokantalardan, kafelerden, k\u0131raathanelerden, mahallelerden, caddelerden kopuk bir insan\u0131n o \u00fclkeyi, insan\u0131, durumu anlatmas\u0131 gibi bir \u015fey s\u00f6z konusu de\u011fildir. Buna inanm\u0131yorum, b\u00f6yle bir \u015fey m\u00fcmk\u00fcn de\u011fildir.&#8221;<\/p>\n","protected":false},"excerpt":{"rendered":"<p>\u015eair Seyfettin Ara\u00e7, yazarl\u0131k ve aktivizmi birle\u015ftirerek insanl\u0131k haks\u0131zl\u0131klar\u0131na dikkat \u00e7ekiyor.<\/p>\n","protected":false},"author":1,"featured_media":38744,"comment_status":"open","ping_status":"open","sticky":false,"template":"","format":"standard","meta":{"footnotes":""},"categories":[9,4,13],"tags":[581,1859,4630,706,5474],"class_list":["post-38743","post","type-post","status-publish","format-standard","has-post-thumbnail","hentry","category-genel","category-gundem","category-son-dakika","tag-arac","tag-benim","tag-edebiyat","tag-insan","tag-yazma"],"_links":{"self":[{"href":"https:\/\/bihavadis.com\/index.php\/wp-json\/wp\/v2\/posts\/38743","targetHints":{"allow":["GET"]}}],"collection":[{"href":"https:\/\/bihavadis.com\/index.php\/wp-json\/wp\/v2\/posts"}],"about":[{"href":"https:\/\/bihavadis.com\/index.php\/wp-json\/wp\/v2\/types\/post"}],"author":[{"embeddable":true,"href":"https:\/\/bihavadis.com\/index.php\/wp-json\/wp\/v2\/users\/1"}],"replies":[{"embeddable":true,"href":"https:\/\/bihavadis.com\/index.php\/wp-json\/wp\/v2\/comments?post=38743"}],"version-history":[{"count":1,"href":"https:\/\/bihavadis.com\/index.php\/wp-json\/wp\/v2\/posts\/38743\/revisions"}],"predecessor-version":[{"id":38745,"href":"https:\/\/bihavadis.com\/index.php\/wp-json\/wp\/v2\/posts\/38743\/revisions\/38745"}],"wp:featuredmedia":[{"embeddable":true,"href":"https:\/\/bihavadis.com\/index.php\/wp-json\/wp\/v2\/media\/38744"}],"wp:attachment":[{"href":"https:\/\/bihavadis.com\/index.php\/wp-json\/wp\/v2\/media?parent=38743"}],"wp:term":[{"taxonomy":"category","embeddable":true,"href":"https:\/\/bihavadis.com\/index.php\/wp-json\/wp\/v2\/categories?post=38743"},{"taxonomy":"post_tag","embeddable":true,"href":"https:\/\/bihavadis.com\/index.php\/wp-json\/wp\/v2\/tags?post=38743"}],"curies":[{"name":"wp","href":"https:\/\/api.w.org\/{rel}","templated":true}]}}