{"id":38754,"date":"2026-02-20T21:06:07","date_gmt":"2026-02-20T21:06:07","guid":{"rendered":"https:\/\/bihavadis.com\/?p=38754"},"modified":"2026-02-20T21:06:07","modified_gmt":"2026-02-20T21:06:07","slug":"batida-akademik-cevrelerdeki-siyonist-baski-mesru-elestiri-hakkinin-kullanilmasini-dahi-engelliyor","status":"publish","type":"post","link":"https:\/\/bihavadis.com\/index.php\/2026\/02\/20\/batida-akademik-cevrelerdeki-siyonist-baski-mesru-elestiri-hakkinin-kullanilmasini-dahi-engelliyor\/","title":{"rendered":"Bat\u0131&#8217;da akademik \u00e7evrelerdeki siyonist bask\u0131 me\u015fru ele\u015ftiri hakk\u0131n\u0131n kullan\u0131lmas\u0131n\u0131 dahi engelliyor"},"content":{"rendered":"<p>\u0130slam \u00dclkeleri Akademisyen ve Yazarlar Birli\u011fi (AYB\u0130R) Ba\u015fkan\u0131 Prof. Dr. Ebubekir Ceylan, Bat\u0131l\u0131 \u00fclkelerde akademik camiaya y\u00f6nelik siyonist bask\u0131n\u0131n, \u00f6zg\u00fcr d\u00fc\u015f\u00fcnceyi ve me\u015fru ele\u015ftiri hakk\u0131n\u0131 tehdit eden ciddi bir risk olu\u015fturdu\u011funu belirtti.<\/p>\n<p>Ceylan, AA muhabirine yapt\u0131\u011f\u0131 de\u011ferlendirmede, Bat\u0131 akademisinde \u0130srail yanl\u0131s\u0131 bask\u0131 mekanizmalar\u0131n\u0131 ele ald\u0131.<\/p>\n<p>\u00dcniversiteler ve akademik ortamlar\u0131n ifade \u00f6zg\u00fcrl\u00fc\u011f\u00fcn\u00fcn en \u00f6nemli merkezleri olmas\u0131 gerekti\u011fini vurgulayan Ceylan, ancak Bat\u0131l\u0131 \u00fclkelerde \u00f6zellikle \u0130srail konusunda ifade \u00f6zg\u00fcrl\u00fc\u011f\u00fcn\u00fcn tan\u0131nmad\u0131\u011f\u0131 ve her t\u00fcrl\u00fc k\u0131s\u0131tlaman\u0131n yap\u0131ld\u0131\u011f\u0131n\u0131 s\u00f6yledi.<\/p>\n<p>Akademik d\u00fcnyada, \u0130srail&#8217;in Filistin&#8217;i i\u015fgaline ve soyk\u0131r\u0131m\u0131na kar\u015f\u0131 duran gerek \u00f6\u011frencilerin gerekse akademisyenlerin ifade \u00f6zg\u00fcrl\u00fc\u011f\u00fcn\u00fc bask\u0131lamak amac\u0131yla farkl\u0131 mekanizmalar\u0131n kullan\u0131ld\u0131\u011f\u0131n\u0131n alt\u0131n\u0131 \u00e7izen Ceylan, Gazze&#8217;de ya\u015fanan insanl\u0131k dram\u0131n\u0131n ve \u00f6zellikle soyk\u0131r\u0131m\u0131n, antisemitizm kavram\u0131n\u0131n bir silah olarak kullan\u0131lmas\u0131n\u0131 da b\u00fcy\u00fck \u00f6l\u00e7\u00fcde etkisizle\u015ftirdi\u011fini aktard\u0131.<\/p>\n<p>Ceylan, \u015funlar\u0131 kaydetti: <\/p>\n<p>&#8220;\u0130srail ve Yahudi lobisi bug\u00fcne kadar b\u00fcy\u00fck bir anlat\u0131 olu\u015fturarak, \u0130srail istisnac\u0131l\u0131\u011f\u0131 ve &#8216;se\u00e7ilmi\u015f millet&#8217; kavram\u0131 \u00fczerinden Filistin&#8217;deki i\u015fgaline y\u00f6nelik alg\u0131lar\u0131 y\u00f6netebildi. Gazze&#8217;deki soyk\u0131r\u0131m bu maskeyi b\u00fcy\u00fck \u00f6l\u00e7\u00fcde d\u00fc\u015f\u00fcrd\u00fc. Art\u0131k m\u0131zrak \u00e7uvala s\u0131\u011fm\u0131yor. Bir\u00e7ok Bat\u0131 \u00fclkesinde me\u015fru ele\u015ftiri hakk\u0131n\u0131z\u0131 bile kullanam\u0131yorsunuz. \u0130srail&#8217;in yapt\u0131\u011f\u0131 sava\u015f su\u00e7lar\u0131na kar\u015f\u0131, insanl\u0131k su\u00e7lar\u0131na kar\u015f\u0131, soyk\u0131r\u0131m su\u00e7una kar\u015f\u0131 herhangi bir \u015fiddet i\u00e7ermeyen, \u015fiddete \u00e7a\u011fr\u0131 olmayan \u00e7ok masum ele\u015ftirileri bile insanlar dile getirmekten korkuyorlar.&#8221;<\/p>\n<p>Bug\u00fcn gelinen noktada Bat\u0131&#8217;daki \u00fcniversitelerde \u00f6\u011frenci ve akademisyenlerin bask\u0131 ve cezaland\u0131r\u0131lmay\u0131 g\u00f6ze alarak Filistin halk\u0131n\u0131n yan\u0131nda durdu\u011funa dikkati \u00e7eken Ceylan, \u00f6\u011frenci kul\u00fcp ba\u015fkanlar\u0131na mobbing yap\u0131lmas\u0131, \u00f6\u011frenci vizelerini iptal etme giri\u015fimi gibi pek \u00e7ok bask\u0131 mekanizmas\u0131n\u0131n Filistin destek\u00e7isi \u00f6\u011frencilere kar\u015f\u0131 kullan\u0131ld\u0131\u011f\u0131n\u0131 an\u0131msatt\u0131.<\/p>\n<p>Ceylan, baz\u0131 \u00fclkelerde Filistin lehine yap\u0131lan her t\u00fcrl\u00fc eylemin ve hatta Filistin bayra\u011f\u0131 a\u00e7man\u0131n bile yasaklanmas\u0131n\u0131n ifade \u00f6zg\u00fcrl\u00fc\u011f\u00fcne y\u00f6nelik bir sald\u0131r\u0131 oldu\u011funu belirterek, &#8220;Bir\u00e7ok mekanizmayla bir bast\u0131rma ve sindirme s\u00f6z konusu. S\u00fcrecin ba\u015f\u0131nda ABD&#8217;nin en prestijli \u00fcniversitelerinde \u00f6\u011frenci ve akademisyenlerin maruz kald\u0131\u011f\u0131 muameleyi \u015fa\u015fk\u0131nl\u0131kla izledik.&#8221; diye konu\u015ftu.<\/p>\n<p>?Akademisyenler ve rekt\u00f6rler sorguya \u00e7ekildi<\/p>\n<p>Bat\u0131l\u0131 akademisyenlerin \u0130srail yanl\u0131s\u0131 bask\u0131 dolay\u0131s\u0131yla susturuldu\u011fu veya ma\u011fdur edildi\u011fini ve bunun en prestijli \u00fcniversitelerde ya\u015fand\u0131\u011f\u0131n\u0131 kaydeden Ceylan, yak\u0131n zamanda Emory \u00dcniversitesi Felsefe B\u00f6l\u00fcm Ba\u015fkan\u0131 Prof. Dr. Noelle McAffe&#8217;nin ilerlemi\u015f ya\u015f\u0131na ra\u011fmen polis taraf\u0131ndan tartaklanarak g\u00f6zalt\u0131na al\u0131nd\u0131\u011f\u0131n\u0131 hat\u0131rlatt\u0131.<\/p>\n<p>Ceylan, ABD&#8217;de \u00fcniversitelere devlet mekanizmalar\u0131 kullan\u0131larak bask\u0131 yap\u0131ld\u0131\u011f\u0131n\u0131, baz\u0131 \u00fcniversite rekt\u00f6rlerinin senat\u00f6rlerin huzurunda &#8220;yes-no question&#8221; tarz\u0131nda sorguya \u00e7ekilmesini ve istenilen cevab\u0131 vermeye nas\u0131l zorland\u0131klar\u0131n\u0131 b\u00fct\u00fcn akademik d\u00fcnyan\u0131n hayretle izledi\u011fini aktard\u0131.<\/p>\n<p>Harvard \u00dcniversitesi gibi prestijli okullar\u0131n \u0130srail&#8217;e destek vermemeleri nedeniyle fonlar\u0131n\u0131n kesilmesiyle tehdit edildi\u011fini dile getiren Ceylan, bu cezaland\u0131rman\u0131n ise \u00f6zg\u00fcr d\u00fc\u015f\u00fcnce bahanesiyle verildi\u011fine dikkati \u00e7ekti.<\/p>\n<p>Ceylan, \u00fcniversitelere ve akademik d\u00fcnyan\u0131n \u00f6nemli unsurlar\u0131 olan \u00f6\u011frenci ile \u00f6\u011fretim g\u00f6revlilerine y\u00f6nelik bask\u0131lar\u0131n, ABD&#8217;deki \u00fcniversite sistemini sarsabilecek bir d\u00f6n\u00fcm noktas\u0131 olabilece\u011fini vurgulayarak, \u015funlar\u0131 s\u00f6yledi: <\/p>\n<p>&#8220;\u0130ki taraftan da sanki bilin\u00e7li tercihler s\u00f6z konusu. Bat\u0131&#8217;da bir yandan devlet eliyle yap\u0131lan bask\u0131lar, di\u011fer yandan \u00f6\u011frencilerin bu bask\u0131ya ra\u011fmen Filistin&#8217;in yan\u0131nda durmas\u0131. Ger\u00e7ekten bilin\u00e7li tercihler. Filistin davas\u0131na sahip \u00e7\u0131k\u0131lmas\u0131 ba\u011flam\u0131nda, Bat\u0131 kamp\u00fcslerindeki \u00f6\u011frenci etkinlikleri T\u00fcrkiye&#8217;deki kamp\u00fcslere nazaran \u00e7ok daha renkli ve dinamikti. Hat\u0131rlarsan\u0131z \u0130ngiltere&#8217;den Amerika&#8217;ya kadar kamp\u00fcslerde \u00e7ad\u0131rlar kuruldu, kamplar kuruldu. \u00c7ok diri bir kamp\u00fcs havas\u0131 vard\u0131. Harvard ve benzeri \u00fcniversitelerde, Gazze&#8217;de \u015fehit edilen insanlar\u0131n isimlerinin metrelerce uzun ka\u011f\u0131tlara yaz\u0131lmas\u0131 gibi \u00e7ok etkili protesto mekanizmalar\u0131na, g\u00fcn\u00fcm\u00fcz gen\u00e7li\u011finin yarat\u0131c\u0131 zihniyetiyle \u00f6rt\u00fc\u015fen eylemlere \u015fahit olduk. Ama ABD, bu konuyu \u00e7ok net bir \u015fekilde bir k\u0131rm\u0131z\u0131 \u00e7izgi olarak g\u00f6rd\u00fc\u011f\u00fc i\u00e7in \u00e7ad\u0131rlar, kamplar da\u011f\u0131t\u0131ld\u0131, \u00f6\u011frenciler kelep\u00e7elendi, vizeler iptal edildi.&#8221;<\/p>\n<p>Gazze&#8217;de ya\u015fananlar\u0131 tarih kitaplar\u0131na farkl\u0131 ge\u00e7irmek istiyorlar<\/p>\n<p>Bat\u0131&#8217;daki siyonist bask\u0131 nedeniyle ma\u011fduriyet ya\u015fayanlar aras\u0131nda T\u00fcrk vatanda\u015flar\u0131n\u0131n da bulundu\u011funu kaydeden Ceylan, Massachusetts eyaletindeki Tufts \u00dcniversitesi&#8217;nde doktora e\u011fitimi alan T\u00fcrk \u00f6\u011frenci R\u00fcmeysa \u00d6zt\u00fcrk&#8217;\u00fcn adeta bir su\u00e7 i\u015flemi\u015f gibi y\u00fczleri maskeli 6 ICE g\u00f6revlisi taraf\u0131ndan g\u00f6zalt\u0131na al\u0131n\u0131\u015f \u015feklinin T\u00fcrk kamuoyunda da b\u00fcy\u00fck infiale neden oldu\u011funu hat\u0131rlatt\u0131.<\/p>\n<p>Ceylan, Harvard&#8217;da Orta Do\u011fu \u00c7al\u0131\u015fmalar\u0131 Merkezi&#8217;nin direkt\u00f6r\u00fc olarak g\u00f6rev yapan \u00fcnl\u00fc Osmanl\u0131 tarih\u00e7isi Prof. Dr. Cemal Kafadar&#8217;\u0131n, \u0130srail&#8217;i destekleyen a\u00e7\u0131klamalar yapmad\u0131\u011f\u0131 gerek\u00e7esiyle idari g\u00f6revlerinden uzakla\u015ft\u0131r\u0131ld\u0131\u011f\u0131n\u0131n alt\u0131n\u0131 \u00e7izerek, \u015f\u00f6yle devam etti: <\/p>\n<p>&#8220;Gazze lehine bir ifadesi dahi olmamas\u0131na ra\u011fmen \u00f6nemli bir tarih\u00e7iye sadece \u0130srail&#8217;i desteklemedi\u011fi i\u00e7in bu yap\u0131ld\u0131. Bir ba\u015fka \u00f6rnek de m\u00fchendislik ve kriptoloji alan\u0131nda d\u00fcnyadaki say\u0131l\u0131 isimlerden birisi olan \u00c7etin Kaya Ko\u00e7. Filistin lehine yapt\u0131\u011f\u0131 bir payla\u015f\u0131mdan dolay\u0131 kurucusu oldu\u011fu akademik derginin y\u00f6netiminden \u00e7\u0131kar\u0131ld\u0131. Bu \u00f6rnekler bize yaln\u0131zla\u015ft\u0131rma, marjinalle\u015ftirme ve ifade \u00f6zg\u00fcrl\u00fc\u011f\u00fcn\u00fc tamamen k\u0131s\u0131tlama mekanizmalar\u0131n\u0131n nas\u0131l i\u015fledi\u011fini g\u00f6steriyor.&#8221;<\/p>\n<p>Eski ABD D\u0131\u015fi\u015fleri Bakan\u0131 Mike Pompeo&#8217;nun, Gazze kurbanlar\u0131n\u0131n tarihte yer almamas\u0131 gerekti\u011fini ve \u0130srail yanl\u0131s\u0131 bir tarih yaz\u0131m\u0131 yap\u0131lmas\u0131 gerekti\u011fini a\u00e7\u0131k\u00e7a s\u00f6yledi\u011fini an\u0131msatan Ceylan, b\u00f6lgeyi y\u00fczy\u0131llar boyunca y\u00f6netmi\u015f bir millet olarak T\u00fcrkiye&#8217;de ya\u015fayan akademisyenlerin, siyonist tarih yaz\u0131m\u0131n\u0131n kavramlar\u0131yla de\u011fil, kendi kavramlar\u0131yla bir anlat\u0131 \u00fcretme sorumlulu\u011fu bulundu\u011funu kaydetti.<\/p>\n","protected":false},"excerpt":{"rendered":"<p>\u0130slam \u00dclkeleri Akademisyen ve Yazarlar Birli\u011fi (AYB\u0130R) Ba\u015fkan\u0131 Prof. Dr. Ebubekir Ceylan, Bat\u0131l\u0131 \u00fclkelerde akademik camiaya y\u00f6nelik siyonist bask\u0131n\u0131n, \u00f6zg\u00fcr d\u00fc\u015f\u00fcnceyi ve me\u015fru ele\u015ftiri hakk\u0131n\u0131 tehdit eden ciddi bir risk olu\u015fturdu\u011funu belirtti.<\/p>\n","protected":false},"author":1,"featured_media":38755,"comment_status":"open","ping_status":"open","sticky":false,"template":"","format":"standard","meta":{"footnotes":""},"categories":[9,4,13],"tags":[2004,1360,5475,792,973],"class_list":["post-38754","post","type-post","status-publish","format-standard","has-post-thumbnail","hentry","category-genel","category-gundem","category-son-dakika","tag-baski","tag-bati","tag-ceylan","tag-israil","tag-ogrenci"],"_links":{"self":[{"href":"https:\/\/bihavadis.com\/index.php\/wp-json\/wp\/v2\/posts\/38754","targetHints":{"allow":["GET"]}}],"collection":[{"href":"https:\/\/bihavadis.com\/index.php\/wp-json\/wp\/v2\/posts"}],"about":[{"href":"https:\/\/bihavadis.com\/index.php\/wp-json\/wp\/v2\/types\/post"}],"author":[{"embeddable":true,"href":"https:\/\/bihavadis.com\/index.php\/wp-json\/wp\/v2\/users\/1"}],"replies":[{"embeddable":true,"href":"https:\/\/bihavadis.com\/index.php\/wp-json\/wp\/v2\/comments?post=38754"}],"version-history":[{"count":1,"href":"https:\/\/bihavadis.com\/index.php\/wp-json\/wp\/v2\/posts\/38754\/revisions"}],"predecessor-version":[{"id":38756,"href":"https:\/\/bihavadis.com\/index.php\/wp-json\/wp\/v2\/posts\/38754\/revisions\/38756"}],"wp:featuredmedia":[{"embeddable":true,"href":"https:\/\/bihavadis.com\/index.php\/wp-json\/wp\/v2\/media\/38755"}],"wp:attachment":[{"href":"https:\/\/bihavadis.com\/index.php\/wp-json\/wp\/v2\/media?parent=38754"}],"wp:term":[{"taxonomy":"category","embeddable":true,"href":"https:\/\/bihavadis.com\/index.php\/wp-json\/wp\/v2\/categories?post=38754"},{"taxonomy":"post_tag","embeddable":true,"href":"https:\/\/bihavadis.com\/index.php\/wp-json\/wp\/v2\/tags?post=38754"}],"curies":[{"name":"wp","href":"https:\/\/api.w.org\/{rel}","templated":true}]}}