{"id":38762,"date":"2026-02-20T21:12:09","date_gmt":"2026-02-20T21:12:09","guid":{"rendered":"https:\/\/bihavadis.com\/?p=38762"},"modified":"2026-02-20T21:12:09","modified_gmt":"2026-02-20T21:12:09","slug":"bursada-kiraci-sorunu-ev-cop-eve-dondu","status":"publish","type":"post","link":"https:\/\/bihavadis.com\/index.php\/2026\/02\/20\/bursada-kiraci-sorunu-ev-cop-eve-dondu\/","title":{"rendered":"Bursa&#8217;da Kirac\u0131 Sorunu: Ev \u00c7\u00f6p Eve D\u00f6nd\u00fc"},"content":{"rendered":"<p>\n<p>BURSA&#8217;da ya\u015fayan Erol \u00dcnveren (65), dairesini 1,5 y\u0131l \u00f6nce 6 ayl\u0131\u011f\u0131na kiralad\u0131\u011f\u0131 K.K.&#8217;den 8 ayd\u0131r \u00f6deme alamad\u0131\u011f\u0131 gerek\u00e7esiyle tahliyesi davas\u0131 a\u00e7t\u0131. \u0130cra takibi i\u00e7in eve giden avukat\u0131n \u00e7ekti\u011fi foto\u011fraf ve g\u00f6r\u00fcnt\u00fclerde duvarlar\u0131 soyulan, parke ve fayans olan zemininde sigara s\u00f6nd\u00fcr\u00fclen dairenin \u00e7\u00f6p y\u0131\u011f\u0131nlar\u0131yla dolu oldu\u011fu g\u00f6r\u00fcld\u00fc.<\/p>\n<p>Osmangazi il\u00e7esinde ya\u015fayan Erol \u00dcnveren, dairesini 1,5 y\u0131l \u00f6nce K.K.&#8217;ye 6 ayl\u0131\u011f\u0131na kiralad\u0131. M\u00fcteahhide ev yapt\u0131rd\u0131\u011f\u0131n\u0131 ve 6 ay i\u00e7erisinde evinin haz\u0131r olaca\u011f\u0131n\u0131 s\u00f6yleyen K.K., ilk aylarda kiras\u0131n\u0131 d\u00fczenli olarak \u00f6dedi. Verdi\u011fi s\u00fcre i\u00e7inde evden \u00e7\u0131kmayan K.K., 8 ayd\u0131r kiras\u0131n\u0131 \u00f6demedi. Ayl\u0131k 16 bin 500 TL olan kiras\u0131n\u0131 alamay\u0131p, kirac\u0131s\u0131n\u0131n telefonlar\u0131n\u0131 ve kap\u0131s\u0131n\u0131 a\u00e7mad\u0131\u011f\u0131 \u00dcnveren, evin tahliyesi i\u00e7in dava a\u00e7t\u0131. \u00dcnveren, icra takibi i\u00e7in eve giden avukat\u0131n\u0131n \u00e7ekti\u011fi foto\u011fraf ve g\u00f6r\u00fcnt\u00fclerle ise b\u00fcy\u00fck \u00fcz\u00fcnt\u00fc ya\u015fad\u0131\u011f\u0131n\u0131 belirtti. G\u00f6r\u00fcnt\u00fclerde duvarlar\u0131 soyulan, parke ve fayans olan zemininde sigara s\u00f6nd\u00fcr\u00fclen dairenin odalar\u0131n\u0131n ise \u00e7\u00f6p y\u0131\u011f\u0131nlar\u0131yla dolu oldu\u011fu g\u00f6r\u00fcld\u00fc.<\/p>\n<p>&#8216;EV\u0130M\u0130N EN AZ 200 B\u0130N L\u0130RA MASRAFI VAR&#8217;<\/p>\n<p>Kira harici, evindeki zarar\u0131n en az 200 bin lira oldu\u011funu s\u00f6yleyen Erol \u00dcnveren, &#8220;Konutumu \u00e7\u00f6p eve \u00e7evirdi. B\u00fct\u00fcn kom\u015fular \u015fikayet\u00e7i. Her g\u00fcn beni rahats\u0131z ediyorlar. Bu evden bunlar\u0131n \u00e7\u0131kar\u0131lmas\u0131 i\u00e7in kap\u0131lar\u0131na \u00e7ok defa gittim. Kap\u0131lar\u0131n\u0131 a\u00e7may\u0131p, \u00e7e\u015fitli hakaretlerde bulundular. Evimin en az 200 bin lira masraf\u0131 var&#8221; dedi.<\/p>\n<p>&#8216;2 \u00c7OCUK UYGUNSUZ KO\u015eULLARDA B\u00dcY\u00dcYOR&#8217;<\/p>\n<p>\u00c7\u00f6p eve d\u00f6nen dairesinde 2 \u00e7ocu\u011fun da ya\u015fad\u0131\u011f\u0131na dikkat \u00e7eken \u00dcnveren, &#8220;Bir an evvel evden \u00e7\u0131kar\u0131lmas\u0131n\u0131 istiyorum. Bu evde ya\u015fayan iki tane de k\u00fc\u00e7\u00fck \u00e7ocuk var. \u00c7\u00f6p eve d\u00f6nen dairemde onlar\u0131n da sa\u011fl\u0131\u011f\u0131ndan endi\u015fe ediyorum. Sa\u011fl\u0131ks\u0131z ko\u015fullarda ya\u015f\u0131yor. Aile ve Sosyal Hizmetler Bakanl\u0131\u011f\u0131&#8217;na sesleniyorum. Bu \u00e7ocuklar devlet korumas\u0131na al\u0131ns\u0131n. Osmangazi Belediyesi de evi temizlesin. Evi \u00e7\u00f6p ev haline getirdiler. Evimi peri\u015fan ettiler. \u015eu anda ald\u0131\u011f\u0131m kiran\u0131n hi\u00e7 de\u011feri yok. Ben bu ma\u011fduriyetimin kar\u015f\u0131lanmas\u0131n\u0131 istiyorum&#8221; diye konu\u015ftu. <\/p>\n","protected":false},"excerpt":{"rendered":"<p>Erol \u00dcnveren, kirac\u0131s\u0131 8 ayd\u0131r kira \u00f6demedi\u011fi i\u00e7in tahliye davas\u0131 a\u00e7t\u0131. Ev \u00e7\u00f6pl\u00fck haline geldi.<\/p>\n","protected":false},"author":1,"featured_media":38763,"comment_status":"open","ping_status":"open","sticky":false,"template":"","format":"standard","meta":{"footnotes":""},"categories":[9,4,13],"tags":[3309,1809,842],"class_list":["post-38762","post","type-post","status-publish","format-standard","has-post-thumbnail","hentry","category-genel","category-gundem","category-son-dakika","tag-cop","tag-eve","tag-kira"],"_links":{"self":[{"href":"https:\/\/bihavadis.com\/index.php\/wp-json\/wp\/v2\/posts\/38762","targetHints":{"allow":["GET"]}}],"collection":[{"href":"https:\/\/bihavadis.com\/index.php\/wp-json\/wp\/v2\/posts"}],"about":[{"href":"https:\/\/bihavadis.com\/index.php\/wp-json\/wp\/v2\/types\/post"}],"author":[{"embeddable":true,"href":"https:\/\/bihavadis.com\/index.php\/wp-json\/wp\/v2\/users\/1"}],"replies":[{"embeddable":true,"href":"https:\/\/bihavadis.com\/index.php\/wp-json\/wp\/v2\/comments?post=38762"}],"version-history":[{"count":1,"href":"https:\/\/bihavadis.com\/index.php\/wp-json\/wp\/v2\/posts\/38762\/revisions"}],"predecessor-version":[{"id":38764,"href":"https:\/\/bihavadis.com\/index.php\/wp-json\/wp\/v2\/posts\/38762\/revisions\/38764"}],"wp:featuredmedia":[{"embeddable":true,"href":"https:\/\/bihavadis.com\/index.php\/wp-json\/wp\/v2\/media\/38763"}],"wp:attachment":[{"href":"https:\/\/bihavadis.com\/index.php\/wp-json\/wp\/v2\/media?parent=38762"}],"wp:term":[{"taxonomy":"category","embeddable":true,"href":"https:\/\/bihavadis.com\/index.php\/wp-json\/wp\/v2\/categories?post=38762"},{"taxonomy":"post_tag","embeddable":true,"href":"https:\/\/bihavadis.com\/index.php\/wp-json\/wp\/v2\/tags?post=38762"}],"curies":[{"name":"wp","href":"https:\/\/api.w.org\/{rel}","templated":true}]}}