{"id":38781,"date":"2026-02-20T21:30:04","date_gmt":"2026-02-20T21:30:04","guid":{"rendered":"https:\/\/bihavadis.com\/?p=38781"},"modified":"2026-02-20T21:30:04","modified_gmt":"2026-02-20T21:30:04","slug":"bakan-kurum-konyada-toki-konutlari-ve-yeni-sanayi-sitesi-3-etabin-kura-cekim-programina-katildi","status":"publish","type":"post","link":"https:\/\/bihavadis.com\/index.php\/2026\/02\/20\/bakan-kurum-konyada-toki-konutlari-ve-yeni-sanayi-sitesi-3-etabin-kura-cekim-programina-katildi\/","title":{"rendered":"Bakan Kurum Konya&#8217;da TOK\u0130 Konutlar\u0131 ve Yeni Sanayi Sitesi 3. Etab\u0131n Kura \u00c7ekim Program\u0131na Kat\u0131ld\u0131"},"content":{"rendered":"<p><strong>Y\u00fczy\u0131l\u0131n Konut Projesi kapsam\u0131nda Konya\u2019da yap\u0131lacak 15 bin 200 konutun ve Yeni Motorlu K\u00fc\u00e7\u00fck Sanayi Sitesi 3. etaptaki 568 d\u00fckkan\u0131n kura \u00e7ekimi \u00c7evre, \u015eehircilik ve \u0130klim De\u011fi\u015fikli\u011fi Bakan\u0131 Murat Kurum\u2019un kat\u0131ld\u0131\u011f\u0131 t\u00f6renle ger\u00e7ekle\u015ftirildi. Programda konu\u015fan Konya B\u00fcy\u00fck\u015fehir Belediye Ba\u015fkan\u0131 U\u011fur \u0130brahim Altay, 500 bin konut projesinin Konya etab\u0131nda ger\u00e7ekle\u015ftirilecek kura \u00e7ekiminin ve Yeni Sanayi Sitesi 3. Etap kura \u00e7ekiminin \u015fehir ad\u0131na \u00e7ok k\u0131ymetli oldu\u011funu belirterek, \u201cBa\u015fta bug\u00fcn kura \u00e7ekimini ger\u00e7ekle\u015ftirdi\u011fimiz Yeni Sanayi Projemiz ve TOK\u0130 konutlar\u0131m\u0131z olmak \u00fczere, kentsel d\u00f6n\u00fc\u015f\u00fcm ve \u00e7evre projeleri d\u00e2hil, \u015fehrimizin her noktas\u0131nda bir\u00e7ok projede sizlerin eme\u011fi var. Ben tekrar, hem sizlere hem de sizlerin \u015fahs\u0131nda t\u00fcm ekibinize te\u015fekk\u00fcr etmek istiyorum. \u00dclkemizdeki bu b\u00fcy\u00fck at\u0131l\u0131m\u0131n lideri, milletimizin umudu olan Cumhurba\u015fkan\u0131m\u0131z Say\u0131n Recep Tayyip Erdo\u011fan\u2019a t\u00fcm hem\u015fehrilerim ad\u0131na \u015f\u00fckranlar\u0131m\u0131 sunuyorum\u201d dedi. \u00c7evre, \u015eehircilik ve \u0130klim De\u011fi\u015fikli\u011fi Bakan\u0131 Murat Kurum, Konya\u2019n\u0131n iki b\u00fcy\u00fck hayali ger\u00e7e\u011fe d\u00f6n\u00fc\u015ft\u00fcrd\u00fcklerini belirterek, \u201cKonya\u2019n\u0131n her il\u00e7esini heyecana sevk eden 15 bin 200 yeni yuvan\u0131n kuralar\u0131n\u0131 \u00e7ekece\u011fiz. 2.548 d\u00fckk\u00e2n ve i\u015fyeriyle, Konya tarihinin en b\u00fcy\u00fck projesinin, her noktas\u0131nda uygulanan \u2018S\u0131f\u0131r At\u0131k\u2019 konseptiyle d\u00fcnyaya \u00f6rnek olacak Konya Yeni Motorlu K\u00fc\u00e7\u00fck Sanayi Sitesinin kura co\u015fkusunu da ya\u015f\u0131yoruz. Yeni yuva heyecan\u0131 ya\u015fayan on binlerce Konyal\u0131 karde\u015fime; binlerce aileye r\u0131z\u0131k kap\u0131s\u0131 olacak d\u00fckkanlar\u0131na kavu\u015facak \u2018al\u0131n teri kahramanlar\u0131na, Ahilik ruhunun bug\u00fcnk\u00fc temsilcisi olan Konya esnaf\u0131na\u2019 hay\u0131rl\u0131 olsun\u201d dedi. Biz deprem b\u00f6lgesinde Konya\u2019n\u0131n laf \u00fcretmedi\u011fini, y\u00fck ald\u0131\u011f\u0131n\u0131 vurgulayan Bakan Kurum, \u201cSadece Konya B\u00fcy\u00fck\u015fehir Belediyemiz konteyner kentler kurdu, i\u00e7me suyu hatt\u0131 d\u00f6\u015fedi, binlerce metre kanalizasyon altyap\u0131s\u0131 yapt\u0131. Habib-i Neccar Camii\u2019nin restorasyonunu \u00fcstlendi. Gidin Hatay\u2019a bir bak\u0131n. Onlar temelini bile atamadan biz anahtarlar\u0131 veririz; onlar \u00e7\u00f6p konteyneri sayarken, biz teslim etti\u011fimiz o yuvaya girer, o \u00e7ay\u0131 i\u00e7er, o duay\u0131 al\u0131r\u0131z!\u201d diye konu\u015ftu.<\/strong><\/p>\n<hr\/>\n<p>\u00c7evre, \u015eehircilik ve \u0130klim De\u011fi\u015fikli\u011fi Bakan\u0131 Murat Kurum\u2019un kat\u0131l\u0131m\u0131yla &#8220;Y\u00fczy\u0131l\u0131n Konut Projesi&#8221; kapsam\u0131nda Konya\u2019da yap\u0131lacak 15 bin 200 konut ile Yeni Motorlu K\u00fc\u00e7\u00fck Sanayi Sitesi 3. Etab\u0131ndaki 568 d\u00fckkan\u0131n kura \u00e7ekim t\u00f6reni yap\u0131ld\u0131.<\/p>\n<p><strong>CUMHURBA\u015eKANI ERDO\u011eAN\u2019IN MESAJI OKUNDU<\/strong><\/p>\n<p>Sel\u00e7uklu Kongre Merkezi\u2019nde d\u00fczenlenen programda ilk olarak Cumhurba\u015fkan\u0131 Erdo\u011fan taraf\u0131ndan g\u00f6nderilen mesaj okundu. Y\u00fczy\u0131l\u0131n Konut Projesi ile 81 ilin tamam\u0131nda 500 bin dar gelirli vatanda\u015f\u0131n ev sahibi olmas\u0131n\u0131 hedeflediklerini belirten Cumhurba\u015fkan\u0131 Erdo\u011fan, \u201cYapamazs\u0131n\u0131z diyenlere ald\u0131rmadan daha \u00f6nceki t\u00fcm projelerimiz gibi in\u015fallah bunu da belirlenen takvim i\u00e7erisinde hayata ge\u00e7irece\u011fiz. Bug\u00fcn ger\u00e7ekle\u015ftirilen kura \u00e7ekiminin ev sahibi olmaya hak kazanan karde\u015flerimiz i\u00e7in yeni bir ba\u015flang\u0131\u00e7 olmas\u0131n\u0131, hen\u00fcz hak kazanamayan vatanda\u015flar\u0131m\u0131z i\u00e7in ise umutlar\u0131n\u0131 canl\u0131 tutan bir s\u00fcrecin devam\u0131 olmas\u0131n\u0131 temenni ediyorum\u201d ifadelerini kulland\u0131.\u00a0<\/p>\n<p><strong>\u201cDAR GEL\u0130RL\u0130 VATANDA\u015eLARIMIZ \u0130\u00c7\u0130N KAL\u0130TEL\u0130, G\u00dcVENL\u0130 KONUTLAR \u0130N\u015eA EDECE\u011e\u0130Z\u201d<\/strong><\/p>\n<p>Program\u0131n a\u00e7\u0131l\u0131\u015f\u00a0konu\u015fmas\u0131n\u0131 yapan TOK\u0130 Ba\u015fkan\u0131 Mustafa Levent Sungur, \u201cKonya\u2019da, konutu olmayan dar gelirli vatanda\u015flar\u0131m\u0131z i\u00e7in kaliteli, g\u00fcvenli ve yatay mimariyi esas alan; okulu, camisi, \u00e7ar\u015f\u0131s\u0131 ve sosyal donat\u0131lar\u0131 bulunan 15.200 konut in\u015fa edece\u011fiz. Bug\u00fcn ayr\u0131ca Konya&#8217;m\u0131zda ba\u015fka bir mutlulu\u011fu daha ya\u015fayaca\u011f\u0131z. Motorlu sanayicilerimiz i\u00e7in in\u015fa edilen yeni sanayi sitemizin ilk etab\u0131 olan 568 i\u015f yerinin kuralar\u0131 \u00e7ekilecek. Bu eserlerin manevi mimar\u0131 olan Say\u0131n Cumhurba\u015fkan\u0131m\u0131za, gece g\u00fcnd\u00fcz demeden \u00e7al\u0131\u015fan, \u00fclkemize y\u00fczy\u0131l\u0131n en b\u00fcy\u00fck \u015fehircilik hamlelerini kazand\u0131ran \u00c7evre, \u015eehircilik ve \u0130klim De\u011fi\u015fikli\u011fi Bakan\u0131m\u0131z Say\u0131n Murat Kurum&#8217;a, Say\u0131n Valimize, milletvekillerimize, projelerin uygulanmas\u0131nda deste\u011fini esirgemeyen B\u00fcy\u00fck\u015fehir Belediye Ba\u015fkan\u0131m\u0131za, il\u00e7e Ba\u015fkanlar\u0131m\u0131za ve eme\u011fi ge\u00e7en t\u00fcm \u00e7al\u0131\u015fma arkada\u015flar\u0131ma \u015f\u00fckranlar\u0131m\u0131 sunuyorum\u201d diye konu\u015ftu.<\/p>\n<p><strong>\u201cDEVLET\u0130M\u0130Z \u00c7EYREK ASIRDIR SOSYAL KONUTTA B\u0130R SEFERBERL\u0130K RUHUYLA \u00c7ALI\u015eIYOR\u201d<\/strong><\/p>\n<p>AK Parti Konya \u0130l Ba\u015fkan\u0131 Fatih \u00d6zg\u00f6k\u00e7en, \u00e7ok \u00f6zel bir ana \u015fahitlik ettiklerini dile getirerek, \u201c\u015eimdiden hak sahibi olacak t\u00fcm Konyal\u0131 hem\u015fehrilerime hay\u0131rl\u0131 olsun diyorum. Devletimiz nas\u0131l ki deprem b\u00f6lgesinde bir \u015fehircilik destan\u0131 yazd\u0131ysa \u00e7eyrek as\u0131rd\u0131r sosyal konutta da bir seferberlik ruhuyla \u00e7al\u0131\u015f\u0131yor. \u0130\u015fte bu kararl\u0131l\u0131kla TOK\u0130\u2019miz t\u00fcm T\u00fcrkiye\u2019de 1 milyon 750 bin konutu sosyal donat\u0131lar\u0131yla birlikte in\u015fa etmi\u015ftir. 5 milyondan fazla dar gelirli vatanda\u015f\u0131m\u0131z\u0131 yeni yuvalar\u0131na kavu\u015fturmu\u015ftur. Bug\u00fcn de durmam\u0131\u015f bu seferberlik anlay\u0131\u015f\u0131yla 81 ilimizin tamam\u0131nda 500 bin sosyal konut projesini ba\u015flatm\u0131\u015ft\u0131r. Bug\u00fcn de Konya\u2019m\u0131zda bu heyecan\u0131 sizlerle payla\u015f\u0131yoruz\u201d dedi.<\/p>\n<p><strong>BA\u015eKAN ALTAY BAKAN KURUM\u2019A KONYA\u2019YA KAZANDIRILAN ESERLER \u0130\u00c7\u0130N TE\u015eEKK\u00dcR ETT\u0130<\/strong><\/p>\n<p>Konya B\u00fcy\u00fck\u015fehir Belediye Ba\u015fkan\u0131 U\u011fur \u0130brahim Altay, \u00f6nemli ve anlaml\u0131 bir g\u00fcnde Konya\u2019da bulunan Bakan Kurum\u2019a te\u015fekk\u00fcr ederek, \u201c\u00dclkemiz i\u00e7in gecesini g\u00fcnd\u00fcz\u00fcne katarak canla ba\u015fla \u00e7al\u0131\u015fan Say\u0131n Bakan\u0131m\u0131z; Konya\u2019m\u0131z\u0131n 31 il\u00e7esinde hayata ge\u00e7mesine vesile oldu\u011fu y\u00fczlerce eserle de sadece binalar de\u011fil, adeta umut in\u015fa etmi\u015ftir. Say\u0131n Bakan\u0131m, \u015fehrimize g\u00f6sterdi\u011finiz ilgi, verdi\u011finiz destek ve \u00fclkemiz i\u00e7in ortaya koydu\u011funuz vizyon i\u00e7in sizlere \u015f\u00fckranlar\u0131m\u0131z\u0131 sunuyoruz\u201d ifadelerine yer verdi.<\/p>\n<p>Cumhurba\u015fkan\u0131 Recep Tayyip Erdo\u011fan\u2019\u0131n Y\u00fczy\u0131l\u0131n Konut Projesi kapsam\u0131nda duyurdu\u011fu 500 bin konutun Konya etab\u0131n\u0131n kura \u00e7ekimi ile Yeni Sanayi Sitesi\u2019nin 3. Etap Kura \u00c7ekimini ger\u00e7ekle\u015ftireceklerini kaydeden Ba\u015fkan Altay, \u201cBu iki ba\u015fl\u0131k, asl\u0131nda tek bir c\u00fcmlede birle\u015fiyor: G\u00fcvenli bir yuva, g\u00fc\u00e7l\u00fc bir gelecek. Bu sebeple sosyal konut hamleleri; sosyal adaletin, insan onurunun ve g\u00fc\u00e7l\u00fc bir gelece\u011fin en \u00f6nemli ifadesidir\u201d de\u011ferlendirmesini yapt\u0131.<\/p>\n<p><strong>\u201cT\u00dcRK\u0130YE ZOR ZAMANDA KENETLENEN, YARASINI HIZLA SARAN B\u00dcY\u00dcK B\u0130R DEVLETT\u0130R\u201d<\/strong><\/p>\n<p>Kahramanmara\u015f merkezli 6 \u015eubat 2023 depremlerine de\u011finen Ba\u015fkan Altay, \u201cBinlerce can\u0131m\u0131z\u0131 topra\u011fa verdik, yuvalar yerle bir oldu. Ama o b\u00fcy\u00fck ac\u0131n\u0131n ard\u0131ndan devletimiz, ilk andan itibaren, tarihte e\u015fi benzeri g\u00f6r\u00fclmemi\u015f bir h\u0131zla deprem b\u00f6lgesinde kal\u0131c\u0131 konutlar\u0131 y\u00fckseltmeye, yuvalar\u0131 yeniden kurmaya ba\u015flad\u0131. Sadece 3 y\u0131l gibi k\u0131sa bir s\u00fcrede 455 bin ba\u011f\u0131ms\u0131z b\u00f6l\u00fcm\u00fcn tamamlanmas\u0131, rakamlar\u0131n \u00e7ok daha \u00f6tesinde; devlet-millet dayan\u0131\u015fmas\u0131n\u0131n kudretini ve T\u00fcrkiye\u2019nin kriz an\u0131nda nas\u0131l aya\u011fa kalkt\u0131\u011f\u0131n\u0131 g\u00f6steren bir ba\u015far\u0131 \u00f6yk\u00fcs\u00fcd\u00fcr. Bu s\u00fcre\u00e7te g\u00fc\u00e7l\u00fc liderli\u011fi ve kararl\u0131 duru\u015fuyla Cumhurba\u015fkan\u0131m\u0131z Say\u0131n Recep Tayyip Erdo\u011fan\u2019a, sahadaki b\u00fcy\u00fck gayreti i\u00e7in \u00c7evre, \u015eehircilik ve \u0130klim De\u011fi\u015fikli\u011fi Bakan\u0131m\u0131z Say\u0131n Murat Kurum\u2019a ve eme\u011fi ge\u00e7en herkese bir kez daha \u015f\u00fckranlar\u0131m\u0131 sunuyorum\u201d diye konu\u015ftu.<\/p>\n<p><strong>\u201c15 B\u0130N 200 KONUT A\u0130LE SICAKLI\u011eININ \u00c7ATISI OLACAKTIR\u201d<\/strong><\/p>\n<p>Ba\u015fkan Altay, 500 bin konut projesinin Konya etab\u0131nda ger\u00e7ekle\u015ftirilecek kura \u00e7ekiminin \u015fehrin ad\u0131na \u00e7ok k\u0131ymetli bir ad\u0131m oldu\u011funu vurgulayarak, konu\u015fmas\u0131na \u015f\u00f6yle devam etti:<\/p>\n<p>\u201cBu proje kapsam\u0131nda in\u015fa edilecek 15 bin 200 konut, aile s\u0131cakl\u0131\u011f\u0131n\u0131n \u00e7at\u0131s\u0131 olacakt\u0131r. Ailelerimiz heyecanla bu an\u0131 bekliyor. Yeni Sanayi Sitemizin 3. Etab\u0131n\u0131n da kura \u00e7ekimi de esnaflar\u0131m\u0131z\u0131 mutlu edecek, y\u00fczlerini g\u00fcld\u00fcrecek \u00e7ok \u00f6nemli bir geli\u015fmedir. Bildi\u011finiz gibi, Eski Sanayi Sitesi ve Karatay Sanayi Sitesi, y\u0131llar i\u00e7inde artan ihtiya\u00e7lar, de\u011fi\u015fen \u015fehirle\u015fme \u015fartlar\u0131 ve yo\u011funluk sebebiyle art\u0131k hem esnaf\u0131m\u0131z\u0131n faaliyetlerini hem de \u015fehrimizin yo\u011funlu\u011funu ta\u015f\u0131yamayan bir noktaya gelmi\u015fti. Yakla\u015f\u0131k 1 milyon metrekarelik b\u00f6lgede; sanayi ve ticaret alanlar\u0131, yollar ve di\u011fer kullan\u0131m alanlar\u0131yla birlikte b\u00fcy\u00fck bir d\u00f6n\u00fc\u015f\u00fcm ihtiyac\u0131 olu\u015fmu\u015ftu. Bizler de Bakanl\u0131\u011f\u0131m\u0131z ve TOK\u0130 ile i\u015f birli\u011fi i\u00e7inde bu konuda \u00e7ok \u00f6nemli bir d\u00f6n\u00fc\u015f\u00fcm ba\u015flatt\u0131k. Bu d\u00f6n\u00fc\u015f\u00fcmle, esnaf\u0131m\u0131z\u0131n daha g\u00fcvenli, daha verimli bir ortamda \u00e7al\u0131\u015fmas\u0131n\u0131 sa\u011flamay\u0131; ayn\u0131 zamanda mevcut alan\u0131 da \u015fehrimize yak\u0131\u015f\u0131r \u015fekilde planlamay\u0131 hedefliyoruz.\u201d<\/p>\n<p>Konu\u015fmas\u0131n\u0131n sonunda Bakan Kurum\u2019a t\u00fcm Konyal\u0131lar ad\u0131na te\u015fekk\u00fcr eden Ba\u015fkan Altay, \u201cBa\u015fta bug\u00fcn kura \u00e7ekimini ger\u00e7ekle\u015ftirdi\u011fimiz Yeni Sanayi Projemiz ve TOK\u0130 konutlar\u0131m\u0131z olmak \u00fczere, kentsel d\u00f6n\u00fc\u015f\u00fcm ve \u00e7evre projeleri d\u00e2hil, \u015fehrimizin her noktas\u0131nda bir\u00e7ok projede sizlerin eme\u011fi var. Ben tekrar, hem sizlere hem de sizlerin \u015fahs\u0131nda t\u00fcm ekibinize te\u015fekk\u00fcr etmek istiyorum. \u00dclkemizdeki bu b\u00fcy\u00fck at\u0131l\u0131m\u0131n lideri, milletimizin umudu olan Cumhurba\u015fkan\u0131m\u0131z Say\u0131n Recep Tayyip Erdo\u011fan\u2019a t\u00fcm hem\u015fehrilerim ad\u0131na \u015f\u00fckranlar\u0131m\u0131 sunuyorum\u201d dedi.\u00a0<\/p>\n<p><strong>\u201cS\u0130Z BUG\u00dcN\u00dcN TAR\u0130H YAPICILARINDANSINIZ\u201d<\/strong><\/p>\n<p>AK Parti Konya Milletvekili Mehmet Baykan, kura \u00e7ekiminin hay\u0131rl\u0131 olmas\u0131n\u0131 dileyerek, \u201c\u015e\u00f6yle bir ger\u00e7ek var ki, tarih ya\u015fan\u0131rken bilinmez. Tarihi sonra tarih\u00e7iler yazar. Ama tarihi icraat sahipleri, devlet adamlar\u0131, g\u00f6n\u00fcl insanlar\u0131 i\u015fini iyi bilenler yapar. Siz bug\u00fcn\u00fcn tarih yap\u0131c\u0131lar\u0131ndans\u0131n\u0131z. Say\u0131n Cumhurba\u015fkan\u0131m\u0131z\u0131n liderli\u011finde \u00fclkemizin sosyal anlamda bay\u0131nd\u0131rl\u0131k, imar anlam\u0131nda, sa\u011fl\u0131k, ula\u015f\u0131m anlam\u0131nda d\u0131\u015f politika anlam\u0131nda att\u0131\u011f\u0131 ad\u0131mlarda i\u015fte onun birlikte \u00e7al\u0131\u015ft\u0131\u011f\u0131 yol arkada\u015flar\u0131n\u0131n \u00f6nemi burada ortaya \u00e7\u0131kar. Ba\u015fta deprem b\u00f6lgesinde her bir ailenin karde\u015fi, abisi, evlad\u0131 olmu\u015f Murat Kurum Bakan\u0131m\u0131z olmak \u00fczere Cumhurba\u015fkan\u0131m\u0131za omuz veren, Cumhurba\u015fkan\u0131m\u0131z\u0131n y\u00fck\u00fcn\u00fc alan her bir bakan\u0131m\u0131z\u0131, her bir genel m\u00fcd\u00fcr\u00fcm\u00fcz\u00fc, her bir kamu y\u00f6netim tebrik etmek istiyorum. Ayr\u0131ca AK Parti\u2019ye ak oylar\u0131yla, Cumhurba\u015fkan\u0131m\u0131za ve AK Parti&#8217;mize bu hizmetleri yerine getirmek i\u00e7in g\u00fc\u00e7 veren, kuvvet veren vatanda\u015flar\u0131m\u0131za ayr\u0131ca te\u015fekk\u00fcr etmek istiyorum\u201d diye konu\u015ftu.<\/p>\n<p><strong>\u201cKONYA\u2019YA VERD\u0130\u011e\u0130M\u0130Z \u0130K\u0130 B\u00dcY\u00dcK HAYAL\u0130 GER\u00c7E\u011eE D\u00d6N\u00dc\u015eT\u00dcR\u00dcYORUZ\u201d<\/strong><\/p>\n<p>\u00c7evre, \u015eehircilik ve \u0130klim De\u011fi\u015fikli\u011fi Bakan\u0131 Murat Kurum ise, ekme\u011fiyle, suyuyla b\u00fcy\u00fcd\u00fc\u011f\u00fc, hizmetinde bulunmaktan \u015feref duydu\u011fu Konya i\u00e7in tarihi bir g\u00fcne \u015fahitlik ettiklerini ifade ederek, Konya\u2019ya verdikleri iki b\u00fcy\u00fck s\u00f6z\u00fc, iki b\u00fcy\u00fck hayali ger\u00e7e\u011fe d\u00f6n\u00fc\u015ft\u00fcrd\u00fcklerini s\u00f6yledi.<\/p>\n<p>Konya\u2019n\u0131n her il\u00e7esini heyecana sevk eden yeni yuvalar\u0131n kuralar\u0131n\u0131 \u00e7ekeceklerini kaydeden Bakan Kurum, \u201c2.548 d\u00fckk\u00e2n ve i\u015fyeriyle, Konya tarihinin en b\u00fcy\u00fck projesinin, her noktas\u0131nda uygulanan \u2018S\u0131f\u0131r At\u0131k\u2019 konseptiyle d\u00fcnyaya \u00f6rnek olacak Konya Yeni Motorlu K\u00fc\u00e7\u00fck Sanayi Sitesinin kura co\u015fkusunu ya\u015f\u0131yoruz. Ben yeni yuva heyecan\u0131 ya\u015fayan on binlerce Konyal\u0131 karde\u015fime; binlerce aileye r\u0131z\u0131k kap\u0131s\u0131 olacak d\u00fckkanlar\u0131na kavu\u015facak \u2018al\u0131n teri kahramanlar\u0131na, Ahilik ruhunun bug\u00fcnk\u00fc temsilcisi olan Konya esnaf\u0131na\u2019 hay\u0131rl\u0131 olsun\u201d a\u00e7\u0131klamas\u0131n\u0131 yapt\u0131.<\/p>\n<p><strong>\u201cKONYA\u2019YA YAKI\u015eIR H\u0130ZMETLER\u0130 HEP B\u0130RL\u0130KTE B\u00dcY\u00dcT\u00dcYORUZ\u201d<\/strong><\/p>\n<p>\u201c\u0130nan\u0131n, \u015fu eserleri yaparken; g\u00fcc\u00fcm\u00fcz\u00fc, azmimizi, heyecan\u0131m\u0131z\u0131; sizin yan\u0131n\u0131zda b\u00fcy\u00fcmenin \u015ferefinden, sizden g\u00f6rd\u00fc\u011f\u00fcm bu karde\u015flikten al\u0131yoruz. O g\u00fc\u00e7le \u00e7al\u0131\u015f\u0131yor, o g\u00fc\u00e7le \u00fcretiyor, o g\u00fc\u00e7le Konya\u2019ya de\u011fer kat\u0131yoruz\u201d diye ekleyen Bakan Kurum, \u201c\u0130stiyoruz ki Sel\u00e7uklu\u2019nun emanetini y\u00fcre\u011finde ta\u015f\u0131yan Konya\u2019m\u0131z; ilmiyle, irfan\u0131yla, g\u00fczelli\u011fiyle bilinsin. Gen\u00e7lerimiz k\u00fct\u00fcphanelerinde ilimle bulu\u015fsun, parklar\u0131nda nefes als\u0131n, k\u00fclt\u00fcrle, sporla b\u00fcy\u00fcs\u00fcn.<br \/>Ortaya koydu\u011fumuz her eserle bu hayale biraz daha yakla\u015f\u0131yor; tar\u0131mdan ula\u015f\u0131ma her alanda Konya\u2019ya yak\u0131\u015f\u0131r hizmetleri hep birlikte b\u00fcy\u00fct\u00fcyoruz. \u0130nsan\u0131m\u0131z nefes als\u0131n, \u00e7ocuklar\u0131m\u0131z g\u00fcvenle oynas\u0131n, gen\u00e7lerimiz huzurla vakit ge\u00e7irsin diye; 14 il\u00e7emizde 2,5 milyon metrekarelik ye\u015fil alan\u0131, 16 Millet Bah\u00e7esini Konya\u2019ya kazand\u0131rd\u0131k\u201d dedi.<\/p>\n<p><strong>\u201cBU YUVALAR TAMAMLANDI\u011eINDA KONYA\u2019DAK\u0130 K\u0130RA F\u0130YATLARI HIZLA D\u00dc\u015eECEK\u201d<\/strong><\/p>\n<p>Konyal\u0131lar i\u00e7in ne kadar hizmet etseler yeterli gelmeyece\u011fini aktaran Bakan Kurum, \u201cO y\u00fczden durmuyoruz. Konya\u2019m\u0131za yeni eserler vermek i\u00e7in canla ba\u015fla m\u00fccadele etmeye devam ediyoruz. \u0130\u015fte birazdan, \u2018Ev Sahibi T\u00fcrkiye\u2019 projemiz kapsam\u0131nda \u015fehrimize kazand\u0131raca\u011f\u0131m\u0131z 15 bin 200 yeni yuvan\u0131n kuralar\u0131n\u0131 \u00e7ekece\u011fiz. Ak\u015fehir&#8217;den Ere\u011fli&#8217;ye, Seydi\u015fehir&#8217;den Karap\u0131nar&#8217;a kadar Konya\u2019m\u0131z\u0131n her il\u00e7esine toplam 15.200 konut kazand\u0131r\u0131yoruz. Kuraca\u011f\u0131m\u0131z mahalle konaklar\u0131yla mahalle k\u00fclt\u00fcr\u00fcn\u00fc yeniden canland\u0131r\u0131yoruz.\u00a0Bu yuvalar tamamland\u0131\u011f\u0131nda, sizler o yuvalara girdi\u011finizde; Konya\u2019daki kira fiyatlar\u0131 h\u0131zla d\u00fc\u015fecek, konut sat\u0131\u015f fiyatlar\u0131 olabilecek en a\u015fa\u011f\u0131 seviyeye inecek. Ve tecr\u00fcbeyle biliyorum ki; Konya\u2019da yeni bir yuvaya dair umudu olmayan tek bir hem\u015ferim kalmayacak\u201d de\u011ferlendirmesini yapt\u0131.<\/p>\n<p><strong>\u201cESK\u0130 SANAY\u0130 ALANINI KONYA\u2019NIN \u015eANINA, TAR\u0130H\u0130NE, DO\u011eASINA YAKI\u015eIR B\u0130R G\u00d6R\u00dcN\u00dcME KAVU\u015eTURACA\u011eIZ\u201d<\/strong><br \/>\u00a0<br \/>Bir yandan konutlar\u0131 yaparken bir yandan o evlere girecek r\u0131zk\u0131n kazan\u0131labilece\u011fi i\u015f yerleri in\u015fa ettiklerini vurgulayan Bakan Kurum, konu\u015fmas\u0131na \u015f\u00f6yle devam etti:<\/p>\n<p>\u201cHat\u0131rlay\u0131n. 2019 y\u0131l\u0131nda, Konya\u2019m\u0131zda esnaf\u0131m\u0131zla bulu\u015fmu\u015f, dertle\u015fmi\u015f, gelece\u011fi konu\u015fmu\u015ftuk. Eski Sanayi ve Karatay Sanayi\u2019ne gitmi\u015f, oradaki d\u00fckk\u00e2nlar\u0131n durumunu dikkatle incelemi\u015ftik. Ye\u015fil alan\u0131 olmayan, otopark\u0131 olmayan, harap halde duran o siteleri Konya\u2019m\u0131za yak\u0131\u015ft\u0131ramad\u0131k. Bulundu\u011fu yerde trafi\u011fi s\u0131k\u0131\u015ft\u0131ran, \u00e7evre kirlili\u011fi bar\u0131nd\u0131ran o d\u00fckk\u00e2nlar\u0131 kald\u0131r\u0131p yerine yeni sosyal alanlar, ye\u015fil alanlar yapaca\u011f\u0131m\u0131za, esnaf\u0131m\u0131z\u0131 da yeni bir sanayi alan\u0131na ta\u015f\u0131yaca\u011f\u0131m\u0131za s\u00f6z verdik. Elhamd\u00fclillah ahdimize sad\u0131k olduk. Ve i\u015fte T\u00fcrkiye\u2019de ilk kez \u2018S\u0131f\u0131r At\u0131k\u2019 konseptiyle tasarlad\u0131\u011f\u0131m\u0131z, otopark alanlar\u0131, ye\u015fil alanlar\u0131, sosyal tesisleriyle T\u00fcrkiye\u2019nin en g\u00fczel, 2 bin 500 ba\u011f\u0131ms\u0131z b\u00f6l\u00fcml\u00fc sanayi sitesini kurduk; bug\u00fcn de 568 d\u00fckk\u00e2n\u0131m\u0131z\u0131n kuralar\u0131n\u0131 \u00e7ekiyoruz.\u201d\u00a0<\/p>\n<p>Esnaf\u0131n yeni d\u00fckk\u00e2nlar\u0131na ge\u00e7er ge\u00e7mez Eski Sanayi b\u00f6lgesinde h\u0131zl\u0131 \u015fekilde y\u0131k\u0131m ve temizleme \u00e7al\u0131\u015fmalar\u0131na ba\u015flayacaklar\u0131n\u0131 belirten Bakan Kurum, \u201cK\u00f6hne yap\u0131lar\u0131 ortadan kald\u0131raca\u011f\u0131z, bu alan\u0131 Konya\u2019ya \u015fan\u0131na, tarihine, do\u011fas\u0131na yak\u0131\u015f\u0131r bir g\u00f6r\u00fcn\u00fcme kavu\u015fturaca\u011f\u0131z. Hem eskiyi d\u00f6n\u00fc\u015ft\u00fcr\u00fcp, hem de yeniyi tamamlad\u0131\u011f\u0131m\u0131zda; esnaf\u0131m\u0131z\u0131n y\u00fcz\u00fcn\u00fc g\u00fcld\u00fcrecek, Konya\u2019n\u0131n \u00fcretim g\u00fcc\u00fcn\u00fc yeni bir safhaya ta\u015f\u0131yacak, Konya\u2019n\u0131n refah dolu gelece\u011fine, bereket dolu istikbaline katk\u0131 sunaca\u011f\u0131z.\u201d<\/p>\n<p><strong>\u201cBAK KONYA LAF \u00dcRETMED\u0130; Y\u00dcK ALDI\u201d<\/strong><\/p>\n<p>\u201cBiz deprem b\u00f6lgesinde 455 bin yuvay\u0131 teslim etmek i\u00e7in gece g\u00fcnd\u00fcz \u00e7al\u0131\u015f\u0131rken, biz 500 bin sosyal konut seferberli\u011fini ba\u015flat\u0131rken, maalesef birileri yine trib\u00fcnden konu\u015fmay\u0131 tercih etti\u201d diyen Bakan Kurum, \u201cOnlar laf \u00fcretti, biz eser \u00fcrettik. Onlar alg\u0131 operasyonlar\u0131 yapt\u0131, biz \u015fehirlerimizi kurduk. \u201cBedava ev\u201d diye umut tacirli\u011fi yapt\u0131lar, tek bir \u00e7ivi dahi \u00e7akmad\u0131lar. Yap\u0131lan her i\u015fi g\u00f6lgelemeye \u00e7al\u0131\u015ft\u0131lar. Bak Konya laf \u00fcretmedi; y\u00fck ald\u0131. Sadece Konya B\u00fcy\u00fck\u015fehir Belediyemiz konteyner kentler kurdu, i\u00e7me suyu hatt\u0131 d\u00f6\u015fedi, binlerce metre kanalizasyon altyap\u0131s\u0131 yapt\u0131. Habib-i Neccar Camii\u2019nin restorasyonunu \u00fcstlendi. Gidin Hatay\u2019a bir bak\u0131n. Bir Habib-i Neccar Camii\u2019ne bak\u0131n, bir de CHP\u2019nin yap\u0131m\u0131n\u0131 \u00fcstlendi\u011fi Ulu Camii\u2019ne bak\u0131n. Konya B\u00fcy\u00fck\u015fehir, Habibi Neccar\u2019\u0131n restorasyonunu yapm\u0131\u015f bitirmi\u015f, ibadete a\u00e7m\u0131\u015f. CHP\u2019li Bursa B\u00fcy\u00fck\u015fehir\u2019in sorumlulu\u011fundaki Ulu Cami daha temelde. AK Parti ile CHP aras\u0131ndaki fark budur! Onlar temelini bile atamadan biz anahtarlar\u0131 veririz; onlar \u00e7\u00f6p konteyneri sayarken, biz teslim etti\u011fimiz o yuvaya girer, o \u00e7ay\u0131 i\u00e7er, o duay\u0131 al\u0131r\u0131z! Biz lafla de\u011fil, eserle konu\u015fuyoruz. Biz tart\u0131\u015fmayla de\u011fil, projelerimizle yol al\u0131yoruz. D\u00fcn nas\u0131l milletimizin yan\u0131nda olduysak, bug\u00fcn de oraday\u0131z. \u015eehirlerimizi g\u00fcvenli hale getirmekten, milletimizin refah\u0131n\u0131 art\u0131rmaktan bir ad\u0131m geri atmayaca\u011f\u0131z\u201d diyerek konu\u015fmas\u0131n\u0131 tamamlad\u0131.\u00a0<\/p>\n<p>Konya \u0130l M\u00fcft\u00fcs\u00fc Ali \u00d6ge\u2019nin yapt\u0131\u011f\u0131 duan\u0131n ard\u0131ndan TOK\u0130 taraf\u0131ndan Konya\u2019da yap\u0131lacak 15 bin 200 konut ile Yeni Motorlu K\u00fc\u00e7\u00fck Sanayi Sitesi 3. Etab\u0131ndaki 568 d\u00fckkan\u0131n hak sahipleri \u00e7ekilen kurayla belirlendi.<\/p>\n<p>\u00a0<\/p>\n<p>\u00a0<\/p>\n<p>Kaynak: (BYZHA) Beyaz Haber Ajans\u0131<\/p>\n","protected":false},"excerpt":{"rendered":"<p>Y\u00fczy\u0131l\u0131n Konut Projesi kapsam\u0131nda Konya\u2019da yap\u0131lacak 15 bin 200 konutun ve Yeni Motorlu K\u00fc\u00e7\u00fck Sanayi Sitesi 3. etaptaki 568 d\u00fckkan\u0131n kura \u00e7ekimi \u00c7evre, \u015eehircilik ve \u0130klim De\u011fi\u015fikli\u011fi Bakan\u0131 Murat Kurum\u2019un kat\u0131ld\u0131\u011f\u0131 t\u00f6renle ger\u00e7ekle\u015ftirildi.<\/p>\n","protected":false},"author":1,"featured_media":38782,"comment_status":"open","ping_status":"open","sticky":false,"template":"","format":"standard","meta":{"footnotes":""},"categories":[4],"tags":[395,818,426,374,188],"class_list":["post-38781","post","type-post","status-publish","format-standard","has-post-thumbnail","hentry","category-gundem","tag-is","tag-konut","tag-konya","tag-sanayi","tag-tarih"],"_links":{"self":[{"href":"https:\/\/bihavadis.com\/index.php\/wp-json\/wp\/v2\/posts\/38781","targetHints":{"allow":["GET"]}}],"collection":[{"href":"https:\/\/bihavadis.com\/index.php\/wp-json\/wp\/v2\/posts"}],"about":[{"href":"https:\/\/bihavadis.com\/index.php\/wp-json\/wp\/v2\/types\/post"}],"author":[{"embeddable":true,"href":"https:\/\/bihavadis.com\/index.php\/wp-json\/wp\/v2\/users\/1"}],"replies":[{"embeddable":true,"href":"https:\/\/bihavadis.com\/index.php\/wp-json\/wp\/v2\/comments?post=38781"}],"version-history":[{"count":1,"href":"https:\/\/bihavadis.com\/index.php\/wp-json\/wp\/v2\/posts\/38781\/revisions"}],"predecessor-version":[{"id":38783,"href":"https:\/\/bihavadis.com\/index.php\/wp-json\/wp\/v2\/posts\/38781\/revisions\/38783"}],"wp:featuredmedia":[{"embeddable":true,"href":"https:\/\/bihavadis.com\/index.php\/wp-json\/wp\/v2\/media\/38782"}],"wp:attachment":[{"href":"https:\/\/bihavadis.com\/index.php\/wp-json\/wp\/v2\/media?parent=38781"}],"wp:term":[{"taxonomy":"category","embeddable":true,"href":"https:\/\/bihavadis.com\/index.php\/wp-json\/wp\/v2\/categories?post=38781"},{"taxonomy":"post_tag","embeddable":true,"href":"https:\/\/bihavadis.com\/index.php\/wp-json\/wp\/v2\/tags?post=38781"}],"curies":[{"name":"wp","href":"https:\/\/api.w.org\/{rel}","templated":true}]}}