{"id":38856,"date":"2026-02-20T22:21:08","date_gmt":"2026-02-20T22:21:08","guid":{"rendered":"https:\/\/bihavadis.com\/?p=38856"},"modified":"2026-02-20T22:21:08","modified_gmt":"2026-02-20T22:21:08","slug":"murat-kurum-cop31i-yalnizca-bir-konferans-olarak-gormuyoruz","status":"publish","type":"post","link":"https:\/\/bihavadis.com\/index.php\/2026\/02\/20\/murat-kurum-cop31i-yalnizca-bir-konferans-olarak-gormuyoruz\/","title":{"rendered":"Murat Kurum: COP31\u2019i yaln\u0131zca bir konferans olarak g\u00f6rm\u00fcyoruz"},"content":{"rendered":"<p>\u00c7evre, \u015eehircilik ve \u0130klim De\u011fi\u015fikli\u011fi Bakan\u0131 Murat Kurum, BM \u0130klim De\u011fi\u015fikli\u011fi \u00c7er\u00e7eve S\u00f6zle\u015fmesi (UNFCCC) \u0130cra Sekreteri Simon Stiell ile \u0130stanbul\u2019da d\u00fczenledi\u011fi ortak bas\u0131n toplant\u0131s\u0131nda, T\u00fcrkiye\u2019nin COP31 ba\u015fkanl\u0131\u011f\u0131na y\u00f6nelik vizyonunu a\u00e7\u0131klad\u0131.\u00a0<\/p>\n<p>COP31 haz\u0131rl\u0131klar\u0131na ili\u015fkin de\u011ferlendirmelerde bulunan Kurum, zirveyi sonu\u00e7 odakl\u0131 bir anlay\u0131\u015fla ele ald\u0131klar\u0131n\u0131 belirterek,<b><em> \u201cCOP31 ger\u00e7ekten ba\u015far\u0131l\u0131 olsun istiyoruz. Bu ba\u015far\u0131y\u0131 sa\u011flamak amac\u0131yla T\u00fcrkiye ve Avustralya olarak isti\u015fare ve i\u015f birli\u011fine dayal\u0131 bir anlay\u0131\u015fla tek v\u00fccut halinde \u00e7al\u0131\u015faca\u011f\u0131z\u201d <\/em><\/b>dedi.<\/p>\n<p><strong>&#8220;COP31 YALNIZCA B\u0130R KONFERANS DE\u011e\u0130L&#8221;<\/strong><\/p>\n<p>Zirveye y\u00f6nelik k\u00fcresel beklentinin y\u00fcksek oldu\u011funa dikkat \u00e7eken Kurum, T\u00fcrkiye\u2019nin sorumlulu\u011funun bu beklentileri do\u011fru okumak ve taraflar aras\u0131nda g\u00fcven tesis etmek oldu\u011funu vurgulad\u0131. <b><em>\u201cBizim sorumlulu\u011fumuz beklentileri do\u011fru analiz etmek, taraflar aras\u0131nda g\u00fcven in\u015fa etmek ve somut sonu\u00e7lar \u00fcretmektir. Biz COP31\u2019i yaln\u0131zca bir konferans olarak g\u00f6rm\u00fcyoruz\u201d<\/em><\/b> ifadelerini kulland\u0131.<\/p>\n<p>T\u00fcrkiye\u2019nin COP31 s\u00fcrecine yakla\u015f\u0131m\u0131n\u0131n net oldu\u011funu belirten Kurum, stratejiyi \u015fu s\u00f6zlerle \u00f6zetledi:<\/p>\n<p>Tek ses de\u011fil diyalog i\u00e7inde olaca\u011f\u0131z, ayr\u0131l\u0131k de\u011fil uzla\u015f\u0131yla hareket edece\u011fiz ve dura\u011fanl\u0131k de\u011fil aksiyonu tercih edece\u011fiz.<\/p>\n<p>Bakan Kurum\u2019un a\u00e7\u0131klamalar\u0131, T\u00fcrkiye\u2019nin iklim diplomasisinde daha aktif ve \u00e7\u00f6z\u00fcm odakl\u0131 bir rol \u00fcstlenme hedefini ortaya koydu. COP31 s\u00fcrecinde taraflar aras\u0131 i\u015f birli\u011finin g\u00fc\u00e7lendirilmesi ve somut ad\u0131mlar\u0131n at\u0131lmas\u0131 \u00f6ncelikli ba\u015fl\u0131klar aras\u0131nda yer alacak.<\/p>\n<p><img decoding=\"async\" src=\"https:\/\/bihavadis.com\/wp-content\/uploads\/2026\/02\/murat-kurum-cop31i-yalnizca-bir-konferans-olarak-gormuyoruz-0-B394nMYT.jpg\"\/><\/p>\n<p><img decoding=\"async\" src=\"https:\/\/bihavadis.com\/wp-content\/uploads\/2026\/02\/murat-kurum-cop31i-yalnizca-bir-konferans-olarak-gormuyoruz-1-wckRdvTz.jpg\"\/><\/p>\n<p><img decoding=\"async\" src=\"https:\/\/bihavadis.com\/wp-content\/uploads\/2026\/02\/murat-kurum-cop31i-yalnizca-bir-konferans-olarak-gormuyoruz-2-CNK2cHJY.jpg\"\/><\/p>\n","protected":false},"excerpt":{"rendered":"<p>\u00c7evre ve \u015eehircilik Murat Kurum, BM \u0130klim De\u011fi\u015fikli\u011fi \u00c7er\u00e7eve S\u00f6zle\u015fmesi \u0130cra Sekreteri Simon Stiell ile \u0130stanbul\u2019da d\u00fczenledi\u011fi ortak bas\u0131n toplant\u0131s\u0131nda, konu\u015ftu. Kurum, s\u00fcrecin \u201cdiyalog, uzla\u015f\u0131 ve aksiyon\u201d temelinde y\u00fcr\u00fct\u00fclece\u011fini s\u00f6yledi.<\/p>\n","protected":false},"author":1,"featured_media":38857,"comment_status":"open","ping_status":"open","sticky":false,"template":"","format":"standard","meta":{"footnotes":""},"categories":[9,13],"tags":[4751,197],"class_list":["post-38856","post","type-post","status-publish","format-standard","has-post-thumbnail","hentry","category-genel","category-son-dakika","tag-cop31","tag-turkiye"],"_links":{"self":[{"href":"https:\/\/bihavadis.com\/index.php\/wp-json\/wp\/v2\/posts\/38856","targetHints":{"allow":["GET"]}}],"collection":[{"href":"https:\/\/bihavadis.com\/index.php\/wp-json\/wp\/v2\/posts"}],"about":[{"href":"https:\/\/bihavadis.com\/index.php\/wp-json\/wp\/v2\/types\/post"}],"author":[{"embeddable":true,"href":"https:\/\/bihavadis.com\/index.php\/wp-json\/wp\/v2\/users\/1"}],"replies":[{"embeddable":true,"href":"https:\/\/bihavadis.com\/index.php\/wp-json\/wp\/v2\/comments?post=38856"}],"version-history":[{"count":1,"href":"https:\/\/bihavadis.com\/index.php\/wp-json\/wp\/v2\/posts\/38856\/revisions"}],"predecessor-version":[{"id":38861,"href":"https:\/\/bihavadis.com\/index.php\/wp-json\/wp\/v2\/posts\/38856\/revisions\/38861"}],"wp:featuredmedia":[{"embeddable":true,"href":"https:\/\/bihavadis.com\/index.php\/wp-json\/wp\/v2\/media\/38857"}],"wp:attachment":[{"href":"https:\/\/bihavadis.com\/index.php\/wp-json\/wp\/v2\/media?parent=38856"}],"wp:term":[{"taxonomy":"category","embeddable":true,"href":"https:\/\/bihavadis.com\/index.php\/wp-json\/wp\/v2\/categories?post=38856"},{"taxonomy":"post_tag","embeddable":true,"href":"https:\/\/bihavadis.com\/index.php\/wp-json\/wp\/v2\/tags?post=38856"}],"curies":[{"name":"wp","href":"https:\/\/api.w.org\/{rel}","templated":true}]}}