{"id":38907,"date":"2026-02-20T23:03:12","date_gmt":"2026-02-20T23:03:12","guid":{"rendered":"https:\/\/bihavadis.com\/?p=38907"},"modified":"2026-02-20T23:03:12","modified_gmt":"2026-02-20T23:03:12","slug":"abdulkadir-uraloglundan-filistine-destek-mesaji-her-turlu-destegi-vermeliyiz","status":"publish","type":"post","link":"https:\/\/bihavadis.com\/index.php\/2026\/02\/20\/abdulkadir-uraloglundan-filistine-destek-mesaji-her-turlu-destegi-vermeliyiz\/","title":{"rendered":"Abdulkadir Uralo\u011flu&#8217;ndan Filistin&#8217;e destek mesaj\u0131: Her t\u00fcrl\u00fc deste\u011fi vermeliyiz"},"content":{"rendered":"<p>Ula\u015ft\u0131rma ve Altyap\u0131 Bakan\u0131 Abdulkadir Uralo\u011flu, \u0130slam \u0130\u015fbirli\u011fi Te\u015fkilat\u0131 2. Ula\u015ft\u0131rma Bakanlar\u0131 Konferans\u0131 Kapan\u0131\u015f Oturumu\u2019nda konu\u015ftu.<\/p>\n<p>T\u00fcrkiye\u2019nin d\u00f6nem ba\u015fkanl\u0131\u011f\u0131n\u0131 yapt\u0131\u011f\u0131 konferans kapsam\u0131nda a\u00e7\u0131klamada bulunan Bakan Uralo\u011flu, K\u0131demli Memurlar Toplant\u0131s\u0131\u2019nda ortaya konulan \u00e7al\u0131\u015fmalar\u0131n ve bakanlar d\u00fczeyinde y\u00fcr\u00fct\u00fclen m\u00fczakerelerin, konferans\u0131n \u00e7\u0131kt\u0131lar\u0131n\u0131n niteli\u011fini \u00f6nemli \u00f6l\u00e7\u00fcde g\u00fc\u00e7lendirdi\u011fine inand\u0131\u011f\u0131n\u0131 dile getirdi.<\/p>\n<p>Bakan Uralo\u011flu, <em><b>\u201cBug\u00fcn kabul edilen kararlar\u0131n, \u0130slam \u0130\u015fbirli\u011fi Te\u015fkilat\u0131 \u00fcyesi \u00fclkeler aras\u0131nda ula\u015ft\u0131rma alan\u0131nda i\u015fbirli\u011fini daha somut, daha planl\u0131 ve daha s\u00fcrd\u00fcr\u00fclebilir bir zemine ta\u015f\u0131yaca\u011f\u0131na olan inanc\u0131m\u0131 peki\u015ftirmi\u015f durumday\u0131m.\u201d <\/b><\/em>dedi.<\/p>\n<p><strong>HEDEF KES\u0130NT\u0130S\u0130Z VE G\u00dcVEN\u0130L\u0130R A\u011eLAR OLU\u015eTURMAK<\/strong><\/p>\n<p>Uralo\u011flu, toplant\u0131 s\u00fcresince s\u00f6z alan bakanlar\u0131n ve kat\u0131l\u0131mc\u0131lar\u0131n \u00fclkelerindeki ula\u015ft\u0131rma modlar\u0131nda \u00f6ncelik verdi\u011fi projeleri payla\u015f\u0131rken, ayn\u0131 zamanda bu projelerin b\u00f6lgesel ve k\u0131tasal ba\u011flant\u0131sall\u0131\u011f\u0131na olan katk\u0131lar\u0131n\u0131 da ortaya koyduklar\u0131n\u0131 ifade etti. Uralo\u011flu, a\u00e7\u0131klamas\u0131nda \u015fu ifadelere yer verdi:<\/p>\n<p>Konu\u015fmalar\u0131n\u0131zda da vurgulad\u0131\u011f\u0131n\u0131z \u00fczere, demiryollar\u0131ndan limanlara, karayollar\u0131ndan \u00e7ok modlu koridorlara uzanan yat\u0131r\u0131mlar\u0131n ortak hedefi kesintisiz ve g\u00fcvenilir a\u011flar olu\u015fturmakt\u0131r. Ayn\u0131 zamanda bu hedefe ula\u015fmak yolunda \u0130slam \u0130\u015fbirli\u011fi Te\u015fkilat\u0131 \u00e7at\u0131s\u0131 alt\u0131ndaki kurulu\u015flar\u0131n \u00f6nemi \u00f6zellikle sizler taraf\u0131ndan da dile getirilmi\u015ftir. Ayr\u0131ca k\u0131ymetli kat\u0131l\u0131mc\u0131lar\u0131m\u0131z\u0131n konu\u015fmalar\u0131nda, T\u00fcrkiye&#8217;nin k\u00fcresel ula\u015ft\u0131rma sisteminde kara ula\u015ft\u0131rmac\u0131l\u0131\u011f\u0131na verdi\u011fi \u00f6nemin somut bir g\u00f6stergesi olan ve ilk toplant\u0131m\u0131zda kararla\u015ft\u0131rd\u0131\u011f\u0131m\u0131z Kara Ula\u015ft\u0131rma Merkezi&#8217;ne ev sahipli\u011fimiz hususunda ifade ettikleri destekler i\u00e7in \u015f\u00fckranlar\u0131m\u0131 arz ediyorum. \u00dclkemiz, kara ula\u015ft\u0131rmas\u0131 alan\u0131ndaki kurumsal bo\u015fluklar\u0131n giderilmesi ve uluslararas\u0131 i\u015fbirli\u011finin g\u00fc\u00e7lendirilmesi y\u00f6n\u00fcnde her platformda \u00f6nc\u00fc bir rol \u00fcstlenmeye gayret g\u00f6stermektedir. Bu s\u00fcre\u00e7te sizlerle yak\u0131n i\u015fbirli\u011fi ve e\u015fg\u00fcd\u00fcm i\u00e7erisinde hareket etme arzumuzu bir kez daha \u00f6zellikle vurgulamak istiyorum.<\/p>\n<p>Bakan Uralo\u011flu, bu \u00e7er\u00e7evede ula\u015ft\u0131rma ba\u011flant\u0131sall\u0131\u011f\u0131n\u0131n g\u00fc\u00e7lendirilmesi, ula\u015ft\u0131rma koridorlar\u0131n\u0131n \u00e7e\u015fitlendirilmesi, s\u0131n\u0131r ge\u00e7i\u015flerinin kolayla\u015ft\u0131r\u0131lmas\u0131 ve dijital \u00e7\u00f6z\u00fcmlerin yayg\u0131nla\u015ft\u0131r\u0131lmas\u0131 y\u00f6n\u00fcndeki ortak iradenin konferans\u0131n en \u00f6nemli kazan\u0131mlar\u0131 aras\u0131nda yer ald\u0131\u011f\u0131n\u0131 vurgulad\u0131.<\/p>\n<p>Uralo\u011flu,<b><em> \u201cBu kararlar\u0131n yaln\u0131zca metinlerde kalmamas\u0131, sahada uygulanabilir projelere, somut i\u015fbirliklerine ve \u00f6l\u00e7\u00fclebilir sonu\u00e7lara d\u00f6n\u00fc\u015fmesi i\u00e7in d\u00f6nem ba\u015fkanl\u0131\u011f\u0131m\u0131zca t\u00fcm deste\u011fi verece\u011fimizden emin olabilirsiniz.\u201d <\/em><\/b>a\u00e7\u0131klamas\u0131nda bulundu.<\/p>\n<p>T\u00fcrkiye Cumhuriyeti olarak, \u0130slam \u0130\u015fbirli\u011fi Te\u015fkilat\u0131 \u00fcyesi \u00fclkeler aras\u0131nda ula\u015ft\u0131rma alan\u0131ndaki i\u015f birli\u011finin g\u00fc\u00e7lendirilmesi amac\u0131yla, \u00fczerlerine d\u00fc\u015fen sorumlulu\u011fu her zaman oldu\u011fu gibi yerine getirmeye devam edeceklerini s\u00f6yleyen Uralo\u011flu,<b><em> \u201cBu \u00e7er\u00e7evede, kar\u015f\u0131l\u0131kl\u0131 anlay\u0131\u015f ve isti\u015fare temelinde y\u00fcr\u00fct\u00fclecek teknik \u00e7al\u0131\u015fmalar\u0131n, uzman d\u00fczeyindeki temaslar\u0131n ve ortak projelerin desteklenmesini; \u00fclkelerimiz aras\u0131ndaki i\u015f birli\u011finin derinle\u015fmesi a\u00e7\u0131s\u0131ndan b\u00fcy\u00fck \u00f6nem ta\u015f\u0131yan unsurlar olarak g\u00f6r\u00fcyorum.\u201d<\/em><\/b> diye konu\u015ftu.<\/p>\n<p><img decoding=\"async\" src=\"https:\/\/bihavadis.com\/wp-content\/uploads\/2026\/02\/abdulkadir-uraloglundan-filistine-destek-mesaji-her-turlu-destegi-vermeliyiz-0-Psj6ZPXs.jpg\"\/><\/p>\n<p><strong>F\u0130L\u0130ST\u0130N VURGUSU<\/strong><\/p>\n<p>Konu\u015fmas\u0131nda, konferansta ortaya koyulan yakla\u015f\u0131m\u0131n ula\u015ft\u0131rma koridorlar\u0131n\u0131 yaln\u0131zca ticari hatlar olarak de\u011fil; \u00fclkeler aras\u0131nda g\u00fcven, dayan\u0131\u015fma ve ortak refah\u0131 g\u00fc\u00e7lendiren stratejik ba\u011flar olarak ele alan bir anlay\u0131\u015f\u0131 yans\u0131tt\u0131\u011f\u0131n\u0131 s\u00f6yleyen Uralo\u011flu, s\u00f6zlerine \u015fu \u015fekilde devam etti:<\/p>\n<p>Bu anlay\u0131\u015fla ataca\u011f\u0131m\u0131z ad\u0131mlar\u0131n, \u0130\u0130T co\u011frafyas\u0131n\u0131n k\u00fcresel sistem i\u00e7indeki konumunu daha da g\u00fc\u00e7lendirece\u011fine inan\u0131yorum. Ula\u015ft\u0131rma Bakanlar\u0131 olarak, Filistin\u2019in ula\u015ft\u0131rma altyap\u0131s\u0131n\u0131n g\u00fc\u00e7lendirilmesi ve b\u00f6lgesel ula\u015ft\u0131rma a\u011flar\u0131na etkin bi\u00e7imde entegre edilmesi hususunda \u0130slam \u0130\u015fbirli\u011fi Te\u015fkilat\u0131 \u00e7at\u0131s\u0131 alt\u0131nda elimizden gelen her t\u00fcrl\u00fc deste\u011fi vermemiz gerekti\u011finin alt\u0131n\u0131 \u00e7izmek istiyorum.<\/p>\n<p><img decoding=\"async\" src=\"https:\/\/bihavadis.com\/wp-content\/uploads\/2026\/02\/abdulkadir-uraloglundan-filistine-destek-mesaji-her-turlu-destegi-vermeliyiz-1-ta8gtkcK.jpg\"\/><\/p>\n","protected":false},"excerpt":{"rendered":"<p>Ula\u015ft\u0131rma ve Altyap\u0131 Bakan\u0131 Abdulkadir Uralo\u011flu, \u0130slam \u0130\u015fbirli\u011fi Te\u015fkilat\u0131 (\u0130\u0130T) 2. Ula\u015ft\u0131rma Bakanlar\u0131 Konferans\u0131 Kapan\u0131\u015f Oturumu\u2019nda yapt\u0131\u011f\u0131 konu\u015fmada, Filistin\u2019in ula\u015ft\u0131rma altyap\u0131s\u0131n\u0131n g\u00fc\u00e7lendirilmesi \u00e7a\u011fr\u0131s\u0131nda bulundu.<\/p>\n","protected":false},"author":1,"featured_media":38908,"comment_status":"open","ping_status":"open","sticky":false,"template":"","format":"standard","meta":{"footnotes":""},"categories":[9,13],"tags":[436,395,1472,5215,267],"class_list":["post-38907","post","type-post","status-publish","format-standard","has-post-thumbnail","hentry","category-genel","category-son-dakika","tag-bakan","tag-is","tag-kara","tag-ulastirma","tag-uraloglu"],"_links":{"self":[{"href":"https:\/\/bihavadis.com\/index.php\/wp-json\/wp\/v2\/posts\/38907","targetHints":{"allow":["GET"]}}],"collection":[{"href":"https:\/\/bihavadis.com\/index.php\/wp-json\/wp\/v2\/posts"}],"about":[{"href":"https:\/\/bihavadis.com\/index.php\/wp-json\/wp\/v2\/types\/post"}],"author":[{"embeddable":true,"href":"https:\/\/bihavadis.com\/index.php\/wp-json\/wp\/v2\/users\/1"}],"replies":[{"embeddable":true,"href":"https:\/\/bihavadis.com\/index.php\/wp-json\/wp\/v2\/comments?post=38907"}],"version-history":[{"count":1,"href":"https:\/\/bihavadis.com\/index.php\/wp-json\/wp\/v2\/posts\/38907\/revisions"}],"predecessor-version":[{"id":38911,"href":"https:\/\/bihavadis.com\/index.php\/wp-json\/wp\/v2\/posts\/38907\/revisions\/38911"}],"wp:featuredmedia":[{"embeddable":true,"href":"https:\/\/bihavadis.com\/index.php\/wp-json\/wp\/v2\/media\/38908"}],"wp:attachment":[{"href":"https:\/\/bihavadis.com\/index.php\/wp-json\/wp\/v2\/media?parent=38907"}],"wp:term":[{"taxonomy":"category","embeddable":true,"href":"https:\/\/bihavadis.com\/index.php\/wp-json\/wp\/v2\/categories?post=38907"},{"taxonomy":"post_tag","embeddable":true,"href":"https:\/\/bihavadis.com\/index.php\/wp-json\/wp\/v2\/tags?post=38907"}],"curies":[{"name":"wp","href":"https:\/\/api.w.org\/{rel}","templated":true}]}}