{"id":38921,"date":"2026-02-20T23:15:07","date_gmt":"2026-02-20T23:15:07","guid":{"rendered":"https:\/\/bihavadis.com\/?p=38921"},"modified":"2026-02-20T23:15:07","modified_gmt":"2026-02-20T23:15:07","slug":"kraliyet-ailesinde-deprem-hizmetindeyim-benimle-evlen","status":"publish","type":"post","link":"https:\/\/bihavadis.com\/index.php\/2026\/02\/20\/kraliyet-ailesinde-deprem-hizmetindeyim-benimle-evlen\/","title":{"rendered":"Kraliyet ailesinde deprem: Hizmetindeyim, benimle evlen"},"content":{"rendered":"<p>ABD Adalet Bakanl\u0131\u011f\u0131 taraf\u0131ndan kamuoyuna a\u00e7\u0131klanan yeni Jeffrey Epstein dosyalar\u0131, \u0130ngiliz Kraliyet Ailesi&#8217;ni yeniden tart\u0131\u015fmalar\u0131n merkezine ta\u015f\u0131d\u0131. Belgelerde, Prens Andrew&#8217;un eski e\u015fi York D\u00fc\u015fesi Sarah Ferguson&#8217;\u0131n, cinsel su\u00e7lardan h\u00fck\u00fcm giymi\u015f Epstein&#8217;a g\u00f6nderdi\u011fi e-posta b\u00fcy\u00fck tepki \u00e7ekti.<\/p>\n<p><b>&#8220;BEN\u0130MLE EVLEN&#8221;<\/b><\/p>\n<p>Dosyalara giren yaz\u0131\u015fmalara g\u00f6re Sarah Ferguson, 2010 y\u0131l\u0131nda Epstein&#8217;a g\u00f6nderdi\u011fi bir e-postada &#8220;Hizmetindeyim, benimle evlen&#8221; ifadelerini kulland\u0131. Mesajda Epstein&#8217;a y\u00f6nelik \u00f6vg\u00fc dolu s\u00f6zler yer al\u0131rken, yaz\u0131\u015fman\u0131n samimi ve ki\u015fisel tonu dikkat \u00e7ekti.<\/p>\n<div>\n<figure><img decoding=\"async\" src=\"https:\/\/bihavadis.com\/wp-content\/uploads\/2026\/02\/kraliyet-ailesinde-deprem-hizmetindeyim-benimle-evlen-0-U8BRVPh7.jpg\"\/><\/figure>\n<\/div>\n<p><b>YAZI\u015eMALAR YILLARA YAYILMI\u015e<\/b><\/p>\n<p>Ortaya \u00e7\u0131kan belgeler, Ferguson ile Epstein aras\u0131ndaki temas\u0131n tek seferlik olmad\u0131\u011f\u0131n\u0131, yaz\u0131\u015fmalar\u0131n y\u0131llara yay\u0131ld\u0131\u011f\u0131n\u0131 ortaya koyuyor. Baz\u0131 mesajlarda Ferguson&#8217;un Epstein&#8217;a te\u015fekk\u00fcr etti\u011fi, maddi ve ki\u015fisel destekten s\u00f6z etti\u011fi, hatta ailesine dair detaylara yer verdi\u011fi g\u00f6r\u00fcl\u00fcyor.<\/p>\n<p><b>H\u00dcK\u00dcM G\u0130YMES\u0130NE RA\u011eMEN DEVAM ETM\u0130\u015eLER<\/b><\/p>\n<p>Skandal yaz\u0131\u015fmalar, Epstein&#8217;\u0131n 2008 y\u0131l\u0131nda \u00e7ocuk istismar\u0131 su\u00e7undan h\u00fck\u00fcm giymesine ra\u011fmen, \u00fcst d\u00fczey \u00e7evrelerle ili\u015fkisini s\u00fcrd\u00fcrd\u00fc\u011f\u00fcn\u00fc bir kez daha g\u00f6zler \u00f6n\u00fcne serdi. Ferguson&#8217;un bu d\u00f6nemde Epstein ile temas halinde olmas\u0131, kamuoyunda &#8220;nas\u0131l bu kadar yak\u0131n bir ili\u015fki s\u00fcrd\u00fcr\u00fclebildi?&#8221; sorusunu g\u00fcndeme getirdi.<\/p>\n<p><b><i>\u0130DD\u0130ALARI REDDETT\u0130LER AMA&#8230;<\/i><\/b><\/p>\n<p>Sarah Ferguson cephesinden daha \u00f6nce yap\u0131lan a\u00e7\u0131klamalarda, baz\u0131 mesajlar\u0131n bask\u0131 ve hukuki kayg\u0131lar alt\u0131nda yaz\u0131ld\u0131\u011f\u0131 savunulmu\u015ftu. Ancak &#8220;evlenme&#8221; ifadesinin yer ald\u0131\u011f\u0131 e-posta, bu savunmalar\u0131n yeterli bulunmamas\u0131na neden oldu. \u0130ngiliz bas\u0131n\u0131nda yorumcular, yaz\u0131\u015fmalar\u0131n kraliyet ailesinin itibar\u0131na ciddi zarar verdi\u011fini belirtti.<\/p>\n<p><b>PRENS\u0130N FOTO\u011eRAFLARI DA G\u00dcNDEM YARATMI\u015eTI<\/b><\/p>\n<p>Prens Andrew&#8217;un Epstein dosyalar\u0131nda yer alan foto\u011fraflar\u0131 da yeniden g\u00fcndeme gelmi\u015fti. Belgelerde, Prens Andrew&#8217;un Jeffrey Epstein ile farkl\u0131 d\u00f6nemlerde birlikte g\u00f6r\u00fcnt\u00fclendi\u011fi kareler bulunuyor. Bu foto\u011fraflar, Andrew&#8217;un Epstein ile ili\u015fkisini uzun s\u00fcre ink\u00e2r etmesine ra\u011fmen, kamuoyunda ciddi soru i\u015faretleri do\u011furmu\u015ftu. \u00d6zellikle Virginia Giuffre&#8217;nin iddialar\u0131 sonras\u0131 ortaya \u00e7\u0131kan g\u00f6r\u00fcnt\u00fcler, \u0130ngiliz kamuoyunda Prens Andrew&#8217;un kraliyet g\u00f6revlerinden \u00e7ekilmesine giden s\u00fcrecin en \u00f6nemli kan\u0131tlar\u0131 aras\u0131nda g\u00f6sterilmi\u015fti.<\/p>\n","protected":false},"excerpt":{"rendered":"<p>Yeni yay\u0131mlanan Epstein dosyalar\u0131nda, Prens Andrew&#8217;un eski e\u015fi Sarah Ferguson&#8217;\u0131n 2010 y\u0131l\u0131nda Jeffrey Epstein&#8217;a &#8220;Hizmetindeyim, benimle evlen&#8221; ifadelerini i\u00e7eren bir e-posta g\u00f6nderdi\u011finin ortaya \u00e7\u0131kmas\u0131, kraliyet ailesiyle Epstein aras\u0131ndaki ili\u015fkileri yeniden tart\u0131\u015fmaya a\u00e7t\u0131.<\/p>\n","protected":false},"author":1,"featured_media":38922,"comment_status":"open","ping_status":"open","sticky":false,"template":"","format":"standard","meta":{"footnotes":""},"categories":[6],"tags":[2183,5494,5495],"class_list":["post-38921","post","type-post","status-publish","format-standard","has-post-thumbnail","hentry","category-dunya","tag-epstein","tag-ferguson","tag-yazismalar"],"_links":{"self":[{"href":"https:\/\/bihavadis.com\/index.php\/wp-json\/wp\/v2\/posts\/38921","targetHints":{"allow":["GET"]}}],"collection":[{"href":"https:\/\/bihavadis.com\/index.php\/wp-json\/wp\/v2\/posts"}],"about":[{"href":"https:\/\/bihavadis.com\/index.php\/wp-json\/wp\/v2\/types\/post"}],"author":[{"embeddable":true,"href":"https:\/\/bihavadis.com\/index.php\/wp-json\/wp\/v2\/users\/1"}],"replies":[{"embeddable":true,"href":"https:\/\/bihavadis.com\/index.php\/wp-json\/wp\/v2\/comments?post=38921"}],"version-history":[{"count":1,"href":"https:\/\/bihavadis.com\/index.php\/wp-json\/wp\/v2\/posts\/38921\/revisions"}],"predecessor-version":[{"id":38924,"href":"https:\/\/bihavadis.com\/index.php\/wp-json\/wp\/v2\/posts\/38921\/revisions\/38924"}],"wp:featuredmedia":[{"embeddable":true,"href":"https:\/\/bihavadis.com\/index.php\/wp-json\/wp\/v2\/media\/38922"}],"wp:attachment":[{"href":"https:\/\/bihavadis.com\/index.php\/wp-json\/wp\/v2\/media?parent=38921"}],"wp:term":[{"taxonomy":"category","embeddable":true,"href":"https:\/\/bihavadis.com\/index.php\/wp-json\/wp\/v2\/categories?post=38921"},{"taxonomy":"post_tag","embeddable":true,"href":"https:\/\/bihavadis.com\/index.php\/wp-json\/wp\/v2\/tags?post=38921"}],"curies":[{"name":"wp","href":"https:\/\/api.w.org\/{rel}","templated":true}]}}