{"id":38938,"date":"2026-02-20T23:27:04","date_gmt":"2026-02-20T23:27:04","guid":{"rendered":"https:\/\/bihavadis.com\/?p=38938"},"modified":"2026-02-20T23:27:04","modified_gmt":"2026-02-20T23:27:04","slug":"bornova-belediyesi-ramazan-ayina-hazir","status":"publish","type":"post","link":"https:\/\/bihavadis.com\/index.php\/2026\/02\/20\/bornova-belediyesi-ramazan-ayina-hazir\/","title":{"rendered":"Bornova Belediyesi Ramazan Ay\u0131&#8217;na haz\u0131r"},"content":{"rendered":"<p>Bornova Belediyesi Ramazan Ay\u0131 haz\u0131rl\u0131klar\u0131n\u0131 tamamlad\u0131. Sosyal belediyecili\u011fi temel y\u00f6netim anlay\u0131\u015flar\u0131 haline getirdiklerini vurgulayan Ba\u015fkan \u00d6mer E\u015fki, Ramazan i\u00e7in dayan\u0131\u015fma ruhunu b\u00fcy\u00fctecek kapsaml\u0131 program haz\u0131rlad\u0131klar\u0131n\u0131 s\u00f6yledi.<\/p>\n<p><b>\u00a0Kent Lokantalar\u0131nda her ak\u015fam iftar sofras\u0131<\/b><\/p>\n<p>Bornova Belediye Ba\u015fkan\u0131 \u00d6mer E\u015fki, Ramazan ay\u0131 boyunca Bornova genelinde hay\u0131rseverlerin ve payda\u015flar\u0131n katk\u0131lar\u0131yla her ak\u015fam iftar yeme\u011fi verilece\u011fini belirterek, \u201cK\u0131z\u0131lay Kent Lokantam\u0131z, \u00c7amdibi Kent Lokantam\u0131z ve Mevlana Kent Lokantam\u0131zda, iftar saatinde vatanda\u015flar\u0131m\u0131z\u0131 s\u0131cak yemekle bulu\u015fturaca\u011f\u0131z. G\u00fcnl\u00fck ortalama 1000 ki\u015filik iftar yeme\u011fi hedefliyoruz. Bu sofralar sadece yemek de\u011fil; payla\u015fman\u0131n, birlik olman\u0131n ve dayan\u0131\u015fman\u0131n sofralar\u0131 olacak.\u201d dedi.<\/p>\n<p><b>\u0130ftara yeti\u015femeyenlere metro duraklar\u0131nda destek<\/b><\/p>\n<p>Ramazan ay\u0131nda i\u015f \u00e7\u0131k\u0131\u015f\u0131 evine ya da iftar sofralar\u0131na yeti\u015femeyen vatanda\u015flar\u0131 da unutmad\u0131klar\u0131n\u0131 s\u00f6yleyen Ba\u015fkan E\u015fki, ula\u015f\u0131m noktalar\u0131nda s\u0131cak destek sunacaklar\u0131n\u0131 belirtti. E\u015fki, \u201cStadyum Metro, Bornova Metro ve EVKA-3 Metro duraklar\u0131nda her g\u00fcn iftara yeti\u015femeyen yakla\u015f\u0131k 1000 vatanda\u015f\u0131m\u0131za \u00e7orba ve so\u011fuk sandvi\u00e7 ikram edece\u011fiz. Kimsenin a\u00e7 kalmad\u0131\u011f\u0131, kimsenin kendini yaln\u0131z hissetmedi\u011fi bir Ramazan hedefliyoruz.\u201d diye konu\u015ftu.<\/p>\n<p>\u0130ftar yemeklerinin ve da\u011f\u0131t\u0131mlar\u0131n hafta i\u00e7i g\u00fcnlerde verilece\u011fini ifade eden Ba\u015fkan E\u015fki, organizasyonun b\u00fcy\u00fck bir titizlikle planland\u0131\u011f\u0131n\u0131 vurgulad\u0131.<\/p>\n<p><b>\u201cSosyal belediyecilik s\u00f6zle de\u011fil, destekle olur\u201d<\/b><\/p>\n<p>Ramazan ay\u0131n\u0131n payla\u015fma ve dayan\u0131\u015fma ay\u0131 oldu\u011funu hat\u0131rlatan Ba\u015fkan E\u015fki, Bornova Belediyesi olarak bu anlay\u0131\u015f\u0131 sahada hayata ge\u00e7irdiklerini<b>\u00a0<\/b>ifade ederek, \u201cBizim i\u00e7in sosyal belediyecilik yaln\u0131zca projelerden ibaret de\u011fil; ihtiya\u00e7 an\u0131nda vatanda\u015f\u0131n yan\u0131nda olmakt\u0131r. Ramazan\u2019da kurulan her sofrada Bornova\u2019n\u0131n vicdan\u0131, dayan\u0131\u015fmas\u0131 ve karde\u015fli\u011fi olacak. Ekibimizle birlikte Ramazan ay\u0131na haz\u0131r\u0131z.\u201d dedi.<\/p>\n<p><b>\u00a0<\/b><\/p>\n<p>\u00a0<\/p>\n<p>Kaynak: (BYZHA) Beyaz Haber Ajans\u0131<\/p>\n","protected":false},"excerpt":{"rendered":"<p>Bornova Belediyesi Ramazan Ay\u0131 haz\u0131rl\u0131klar\u0131n\u0131 tamamlad\u0131. Sosyal belediyecili\u011fi temel y\u00f6netim anlay\u0131\u015flar\u0131 haline getirdiklerini vurgulayan Ba\u015fkan \u00d6mer E\u015fki, Ramazan i\u00e7in dayan\u0131\u015fma ruhunu b\u00fcy\u00fctecek kapsaml\u0131 program haz\u0131rlad\u0131klar\u0131n\u0131 s\u00f6yledi<\/p>\n","protected":false},"author":1,"featured_media":38939,"comment_status":"open","ping_status":"open","sticky":false,"template":"","format":"standard","meta":{"footnotes":""},"categories":[4],"tags":[516,372,1123,675,2714],"class_list":["post-38938","post","type-post","status-publish","format-standard","has-post-thumbnail","hentry","category-gundem","tag-baskan","tag-belediye","tag-eski","tag-iftar","tag-ramazan"],"_links":{"self":[{"href":"https:\/\/bihavadis.com\/index.php\/wp-json\/wp\/v2\/posts\/38938","targetHints":{"allow":["GET"]}}],"collection":[{"href":"https:\/\/bihavadis.com\/index.php\/wp-json\/wp\/v2\/posts"}],"about":[{"href":"https:\/\/bihavadis.com\/index.php\/wp-json\/wp\/v2\/types\/post"}],"author":[{"embeddable":true,"href":"https:\/\/bihavadis.com\/index.php\/wp-json\/wp\/v2\/users\/1"}],"replies":[{"embeddable":true,"href":"https:\/\/bihavadis.com\/index.php\/wp-json\/wp\/v2\/comments?post=38938"}],"version-history":[{"count":1,"href":"https:\/\/bihavadis.com\/index.php\/wp-json\/wp\/v2\/posts\/38938\/revisions"}],"predecessor-version":[{"id":38940,"href":"https:\/\/bihavadis.com\/index.php\/wp-json\/wp\/v2\/posts\/38938\/revisions\/38940"}],"wp:featuredmedia":[{"embeddable":true,"href":"https:\/\/bihavadis.com\/index.php\/wp-json\/wp\/v2\/media\/38939"}],"wp:attachment":[{"href":"https:\/\/bihavadis.com\/index.php\/wp-json\/wp\/v2\/media?parent=38938"}],"wp:term":[{"taxonomy":"category","embeddable":true,"href":"https:\/\/bihavadis.com\/index.php\/wp-json\/wp\/v2\/categories?post=38938"},{"taxonomy":"post_tag","embeddable":true,"href":"https:\/\/bihavadis.com\/index.php\/wp-json\/wp\/v2\/tags?post=38938"}],"curies":[{"name":"wp","href":"https:\/\/api.w.org\/{rel}","templated":true}]}}