{"id":38950,"date":"2026-02-20T23:39:07","date_gmt":"2026-02-20T23:39:07","guid":{"rendered":"https:\/\/bihavadis.com\/?p=38950"},"modified":"2026-02-20T23:39:07","modified_gmt":"2026-02-20T23:39:07","slug":"mehmet-turkmene-gore-en-buyuk-mac-dunya-kupasi-finali","status":"publish","type":"post","link":"https:\/\/bihavadis.com\/index.php\/2026\/02\/20\/mehmet-turkmene-gore-en-buyuk-mac-dunya-kupasi-finali\/","title":{"rendered":"Mehmet T\u00fcrkmen&#8217;e g\u00f6re en b\u00fcy\u00fck ma\u00e7 D\u00fcnya Kupas\u0131 finali"},"content":{"rendered":"<p>FIFA kokartl\u0131 hakem Mehmet T\u00fcrkmen, futboldaki en \u00f6nemli m\u00fccadelenin D\u00fcnya Kupas\u0131 finali oldu\u011funu s\u00f6yledi.<\/p>\n<p>T\u00fcrkiye Futbol Federasyonu (TFF) Riva Hasan Do\u011fan Milli Tak\u0131mlar Kamp ve E\u011fitim Tesisleri&#8217;nde ger\u00e7ekle\u015ftirilen t\u00f6rende FIFA kokart\u0131 alan Mehmet T\u00fcrkmen, AA muhabirine a\u00e7\u0131klamalarda bulundu.<\/p>\n<p><strong>&#8220;UMARIM T\u00dcRK FUTBOLUNU DAHA BA\u015eARILI G\u00dcNLERE TA\u015eIRIZ&#8221;<\/strong><\/p>\n<p>Ger\u00e7ekle\u015ftirilen t\u00f6rende eme\u011fi ge\u00e7enlere te\u015fekk\u00fcr eden T\u00fcrkmen, <em><b>&#8220;Bug\u00fcn bu duygular\u0131 ya\u015famam\u0131za vesile olan ba\u015fkan\u0131m\u0131za, y\u00f6neticilerimize te\u015fekk\u00fcr ederiz. Umar\u0131m T\u00fcrk futbolunu daha ba\u015far\u0131l\u0131 g\u00fcnlere ta\u015f\u0131r\u0131z.&#8221;<\/b><\/em> ifadelerini kulland\u0131.<\/p>\n<p><img decoding=\"async\" src=\"https:\/\/bihavadis.com\/wp-content\/uploads\/2026\/02\/mehmet-turkmene-gore-en-buyuk-mac-dunya-kupasi-finali-0-jpqSfl6T.jpg\"\/><\/p>\n<p><strong>&#8220;UMARIM AYNI BAYRA\u011eI B\u0130Z DE \u00c7OK G\u00dcZEL YERLERDE TA\u015eIMAYA DEVAM EDER\u0130Z&#8221;<\/strong><\/p>\n<p>T\u00fcrkiye&#8217;yi hakem olarak uluslararas\u0131 arenada temsil etmenin gururunun tarif edilemez oldu\u011funu dile getiren T\u00fcrkmen, <em><b>&#8220;Nas\u0131l ki bir sporcu herhangi bir dalda milli formay\u0131 giyip yurt d\u0131\u015f\u0131nda, uluslararas\u0131 arenada m\u00fccadele edince farkl\u0131 bir gurur ya\u015f\u0131yorsa bizler de bunu ya\u015f\u0131yoruz. Bamba\u015fka bir co\u015fku. Bunu arkada\u015flar\u0131mla, hocalar\u0131mla, sevdiklerimle payla\u015fmak \u00e7ok g\u00fczel. Halil Umut Meler gibi bunu \u00e7ok \u00fcst seviyede ya\u015fayan hakemlerimizin olmas\u0131 muhte\u015fem bir \u015fey. Onlar\u0131n ya\u015fad\u0131klar\u0131 duygular, \u00e7ok daha b\u00fcy\u00fck arenalarda ya\u015fand\u0131\u011f\u0131 i\u00e7in tahmini g\u00fc\u00e7. Hayalini bile kurdu\u011fumda i\u00e7im co\u015fkuyla kaplan\u0131yor. Umar\u0131m ayn\u0131 bayra\u011f\u0131 biz de \u00e7ok g\u00fczel yerlerde ta\u015f\u0131maya devam ederiz.&#8221;<\/b><\/em> diye konu\u015ftu.<\/p>\n<p><strong>&#8220;DUYGULARIN PAYLA\u015eILMASI \u00c7OK G\u00dcZEL&#8221;<\/strong><\/p>\n<p>Fenerbah\u00e7e&#8217;nin eski teknik direkt\u00f6r\u00fc Jose Mourinho&#8217;nun bir ma\u00e7\u0131n ard\u0131ndan kendisi i\u00e7in yapt\u0131\u011f\u0131<em><b> &#8220;Hakem \u00e7ok \u00fcst seviye. Ger\u00e7ekten tebrik ederim.&#8221;<\/b><\/em> yorumuyla ilgili soru \u00fczerine Mehmet T\u00fcrkmen, futbolda insanlar\u0131n \u00f6zellikle olumsuz yorumlara y\u00f6neldi\u011fine dikkati \u00e7ekti.<\/p>\n<p>Ba\u015fta hakemler olmak \u00fczere futbolun t\u00fcm payda\u015flar\u0131 hakk\u0131nda insanlar\u0131n olumsuz ele\u015ftiriye daha \u00e7ok y\u00f6neldi\u011fini dile getiren T\u00fcrkmen, <em><b>&#8220;B\u00f6yle bir ortamda g\u00fczel \u015feyler s\u00f6ylenmesi, samimi bir \u015fekilde duygular\u0131n payla\u015f\u0131lmas\u0131 \u00e7ok g\u00fczel. Hepimizin buna ihtiyac\u0131 var. G\u00f6rd\u00fc\u011f\u00fcm\u00fcz g\u00fczellikleri s\u00f6ylemeye, g\u00fczel bakmaya ihtiyac\u0131m\u0131z var. B\u00f6yle bir ortamda bunlar\u0131 konu\u015fabilmek \u00e7ok g\u00fczel.&#8221;<\/b><\/em> \u015feklinde g\u00f6r\u00fc\u015f belirtti.<\/p>\n<p><strong>&#8220;AVRUPA STANDARTLARINDA FUTBOL HAKEML\u0130\u011e\u0130 YAPMAYA \u00c7ALI\u015eIYORUZ&#8221;<\/strong><\/p>\n<p>Hakemlikte hata pay\u0131n\u0131n her zaman oldu\u011funu anlatan T\u00fcrkmen, \u015funlar\u0131 kaydetti:<\/p>\n<p>Hem sahadaki hakem i\u00e7in hem de VAR&#8217;daki hakem i\u00e7in hata pay\u0131 mutlaka vard\u0131r. D\u00fcnyadaki her i\u015fte oldu\u011fu gibi bizim i\u015fimizde de bu var. \u00d6nemli olan, bize her zaman \u00f6\u011fretilen, VAR ekran\u0131na bo\u015f bir zihinle gidip g\u00f6rd\u00fc\u011f\u00fcn\u00fcz g\u00f6r\u00fcnt\u00fcye odaklan\u0131p bildi\u011finiz kurallar \u00e7er\u00e7evesinde karar vermek. Bazen do\u011fru oluyor, bazen yanl\u0131\u015f oluyor. Ama \u00f6nemli olan bizim \u00f6\u011frendiklerimizi uygulamam\u0131z. Avrupa standartlar\u0131nda futbol hakemli\u011fi yapmaya \u00e7al\u0131\u015f\u0131yoruz.<\/p>\n<p><img decoding=\"async\" src=\"https:\/\/bihavadis.com\/wp-content\/uploads\/2026\/02\/mehmet-turkmene-gore-en-buyuk-mac-dunya-kupasi-finali-1-2QXQXFYV.jpg\"\/><\/p>\n<p><strong>&#8220;HAYALLER\u0130M\u0130Z\u0130N B\u0130RB\u0130R\u0130NDEN FARKLI OLDU\u011eUNU D\u00dc\u015e\u00dcNM\u00dcYORUM&#8221;<\/strong><\/p>\n<p>Hedefleriyle ilgili konu\u015fan Mehmet T\u00fcrkmen, b\u00fct\u00fcn hakemlerin hayallerinin birbirinin benzeri oldu\u011funu belirtti.<\/p>\n<p>B\u00fcy\u00fck organizasyonlarda g\u00f6rev almak istediklerini anlatan T\u00fcrkmen, <em><b>&#8220;Hayallerimizin birbirinden farkl\u0131 oldu\u011funu d\u00fc\u015f\u00fcnm\u00fcyorum. \u015eampiyonlar Ligi&#8217;nde, D\u00fcnya Kupas\u0131&#8217;nda, Avrupa \u015eampiyonas\u0131&#8217;nda o b\u00fcy\u00fck heyecan\u0131 ya\u015famak hepimizin oldu\u011fu gibi benim de hayalim.&#8221;<\/b><\/em> dedi.<\/p>\n<p><strong>&#8220;D\u00dcNYA KUPASI F\u0130NAL\u0130 1 NUMARA&#8221;<\/strong><\/p>\n<p>T\u00fcrkmen, futbolda en b\u00fcy\u00fck olarak g\u00f6rd\u00fc\u011f\u00fc m\u00fccadeleyle ilgili soruyu \u015f\u00f6yle yan\u0131tlad\u0131:<\/p>\n<p>Bence D\u00fcnya Kupas\u0131 finali 1 numara. Kul\u00fcp d\u00fczeyinde \u015eampiyonlar Ligi finali de ba\u015fka bir boyut. Milli ma\u00e7lar ve kul\u00fcp ma\u00e7lar\u0131n\u0131n duygular\u0131 da farkl\u0131 oluyor. D\u00fcnyan\u0131n en b\u00fcy\u00fck futbol organizasyonlar\u0131nda futbolcular\u0131m\u0131z\u0131n boy g\u00f6stermesini isteriz. Allah nasip ederse bizlerin de bunu ya\u015famas\u0131 harika bir \u015fey olur.<\/p>\n","protected":false},"excerpt":{"rendered":"<p>FIFA kokartl\u0131 hakem Mehmet T\u00fcrkmen, &#8220;Bence D\u00fcnya Kupas\u0131 finali 1 numara. Kul\u00fcp d\u00fczeyinde ise \u015eampiyonlar Ligi finali ba\u015fka bir boyut&#8221; ifadelerini kulland\u0131.<\/p>\n","protected":false},"author":1,"featured_media":38951,"comment_status":"open","ping_status":"open","sticky":false,"template":"","format":"standard","meta":{"footnotes":""},"categories":[14],"tags":[437,365,1919,4221],"class_list":["post-38950","post","type-post","status-publish","format-standard","has-post-thumbnail","hentry","category-spor","tag-dunya","tag-futbol","tag-hakem","tag-turkmen"],"_links":{"self":[{"href":"https:\/\/bihavadis.com\/index.php\/wp-json\/wp\/v2\/posts\/38950","targetHints":{"allow":["GET"]}}],"collection":[{"href":"https:\/\/bihavadis.com\/index.php\/wp-json\/wp\/v2\/posts"}],"about":[{"href":"https:\/\/bihavadis.com\/index.php\/wp-json\/wp\/v2\/types\/post"}],"author":[{"embeddable":true,"href":"https:\/\/bihavadis.com\/index.php\/wp-json\/wp\/v2\/users\/1"}],"replies":[{"embeddable":true,"href":"https:\/\/bihavadis.com\/index.php\/wp-json\/wp\/v2\/comments?post=38950"}],"version-history":[{"count":1,"href":"https:\/\/bihavadis.com\/index.php\/wp-json\/wp\/v2\/posts\/38950\/revisions"}],"predecessor-version":[{"id":38954,"href":"https:\/\/bihavadis.com\/index.php\/wp-json\/wp\/v2\/posts\/38950\/revisions\/38954"}],"wp:featuredmedia":[{"embeddable":true,"href":"https:\/\/bihavadis.com\/index.php\/wp-json\/wp\/v2\/media\/38951"}],"wp:attachment":[{"href":"https:\/\/bihavadis.com\/index.php\/wp-json\/wp\/v2\/media?parent=38950"}],"wp:term":[{"taxonomy":"category","embeddable":true,"href":"https:\/\/bihavadis.com\/index.php\/wp-json\/wp\/v2\/categories?post=38950"},{"taxonomy":"post_tag","embeddable":true,"href":"https:\/\/bihavadis.com\/index.php\/wp-json\/wp\/v2\/tags?post=38950"}],"curies":[{"name":"wp","href":"https:\/\/api.w.org\/{rel}","templated":true}]}}