{"id":39064,"date":"2026-02-21T01:09:08","date_gmt":"2026-02-21T01:09:08","guid":{"rendered":"https:\/\/bihavadis.com\/?p=39064"},"modified":"2026-02-21T01:09:08","modified_gmt":"2026-02-21T01:09:08","slug":"fenerbahce-trabzonspor-macinin-hazirliklarina-devam-etti","status":"publish","type":"post","link":"https:\/\/bihavadis.com\/index.php\/2026\/02\/21\/fenerbahce-trabzonspor-macinin-hazirliklarina-devam-etti\/","title":{"rendered":"Fenerbah\u00e7e, Trabzonspor ma\u00e7\u0131n\u0131n haz\u0131rl\u0131klar\u0131na devam etti"},"content":{"rendered":"<p>Fenerbah\u00e7e, S\u00fcper Lig&#8217;in 22. haftas\u0131nda 14 \u015eubat Cumartesi g\u00fcn\u00fc deplasmanda Trabzonspor ile kar\u015f\u0131la\u015faca\u011f\u0131 ma\u00e7\u0131n haz\u0131rl\u0131klar\u0131na devam etti.<\/p>\n<p>Sar\u0131-lacivertli kul\u00fcb\u00fcn a\u00e7\u0131klamas\u0131na g\u00f6re Fenerbah\u00e7e Can Bartu Tesisleri&#8217;nde, teknik direkt\u00f6r Domenico Tedesco y\u00f6netimindeki idman, salonda core hareketleriyle ba\u015flad\u0131.<\/p>\n<p><strong>HAZIRLIKLAR SONA ERECEK<\/strong><\/p>\n<p>Sahada \u0131s\u0131nma, \u00e7abukluk, koordinasyon ve pas \u00e7al\u0131\u015fmalar\u0131yla devam eden antrenman, taktiksel ve bireysel \u00e7al\u0131\u015fmalarla sona erdi.<\/p>\n<p>Fenerbah\u00e7e, Trabzonspor kar\u015f\u0131la\u015fmas\u0131n\u0131n haz\u0131rl\u0131klar\u0131n\u0131 yar\u0131n tamamlayacak.<\/p>\n<p><img decoding=\"async\" src=\"https:\/\/bihavadis.com\/wp-content\/uploads\/2026\/02\/fenerbahce-trabzonspor-macinin-hazirliklarina-devam-etti-0-zTym27Md.jpg\"\/><\/p>\n<p><img decoding=\"async\" src=\"https:\/\/bihavadis.com\/wp-content\/uploads\/2026\/02\/fenerbahce-trabzonspor-macinin-hazirliklarina-devam-etti-1-cnJKLqZb.jpg\"\/><\/p>\n<p><img decoding=\"async\" src=\"https:\/\/bihavadis.com\/wp-content\/uploads\/2026\/02\/fenerbahce-trabzonspor-macinin-hazirliklarina-devam-etti-2-WfETUXxM.jpg\"\/><\/p>\n<p><img decoding=\"async\" src=\"https:\/\/bihavadis.com\/wp-content\/uploads\/2026\/02\/fenerbahce-trabzonspor-macinin-hazirliklarina-devam-etti-3-DjGCsBVH.jpg\"\/><\/p>\n","protected":false},"excerpt":{"rendered":"<p>Domenico Tedesco y\u00f6netimindeki Fenerbah\u00e7e, Trabzonspor ile oynayaca\u011f\u0131 ma\u00e7\u0131n haz\u0131rl\u0131klar\u0131n\u0131 s\u00fcrd\u00fcrd\u00fc.<\/p>\n","protected":false},"author":1,"featured_media":39065,"comment_status":"open","ping_status":"open","sticky":false,"template":"","format":"standard","meta":{"footnotes":""},"categories":[14],"tags":[],"class_list":["post-39064","post","type-post","status-publish","format-standard","has-post-thumbnail","hentry","category-spor"],"_links":{"self":[{"href":"https:\/\/bihavadis.com\/index.php\/wp-json\/wp\/v2\/posts\/39064","targetHints":{"allow":["GET"]}}],"collection":[{"href":"https:\/\/bihavadis.com\/index.php\/wp-json\/wp\/v2\/posts"}],"about":[{"href":"https:\/\/bihavadis.com\/index.php\/wp-json\/wp\/v2\/types\/post"}],"author":[{"embeddable":true,"href":"https:\/\/bihavadis.com\/index.php\/wp-json\/wp\/v2\/users\/1"}],"replies":[{"embeddable":true,"href":"https:\/\/bihavadis.com\/index.php\/wp-json\/wp\/v2\/comments?post=39064"}],"version-history":[{"count":1,"href":"https:\/\/bihavadis.com\/index.php\/wp-json\/wp\/v2\/posts\/39064\/revisions"}],"predecessor-version":[{"id":39070,"href":"https:\/\/bihavadis.com\/index.php\/wp-json\/wp\/v2\/posts\/39064\/revisions\/39070"}],"wp:featuredmedia":[{"embeddable":true,"href":"https:\/\/bihavadis.com\/index.php\/wp-json\/wp\/v2\/media\/39065"}],"wp:attachment":[{"href":"https:\/\/bihavadis.com\/index.php\/wp-json\/wp\/v2\/media?parent=39064"}],"wp:term":[{"taxonomy":"category","embeddable":true,"href":"https:\/\/bihavadis.com\/index.php\/wp-json\/wp\/v2\/categories?post=39064"},{"taxonomy":"post_tag","embeddable":true,"href":"https:\/\/bihavadis.com\/index.php\/wp-json\/wp\/v2\/tags?post=39064"}],"curies":[{"name":"wp","href":"https:\/\/api.w.org\/{rel}","templated":true}]}}