{"id":39165,"date":"2026-02-21T02:30:04","date_gmt":"2026-02-21T02:30:04","guid":{"rendered":"https:\/\/bihavadis.com\/?p=39165"},"modified":"2026-02-21T02:30:04","modified_gmt":"2026-02-21T02:30:04","slug":"otokoc-ve-ifcden-150-milyon-dolar-anlasma","status":"publish","type":"post","link":"https:\/\/bihavadis.com\/index.php\/2026\/02\/21\/otokoc-ve-ifcden-150-milyon-dolar-anlasma\/","title":{"rendered":"Otoko\u00e7 ve IFC&#8217;den 150 Milyon Dolar Anla\u015fma"},"content":{"rendered":"<p> Otoko\u00e7 Otomotiv, D\u00fcnya Bankas\u0131 Grubu \u00fcyesi Uluslararas\u0131 Finans Kurumu (IFC) ile 150 milyon dolara kadar finansman anla\u015fmas\u0131 imzalad\u0131.<\/p>\n<p>\u015eirketten yap\u0131lan a\u00e7\u0131klamaya g\u00f6re, sa\u011flanan finansmanla T\u00fcrkiye&#8217;de elektrikli ve hibrit ara\u00e7lar\u0131n yayg\u0131nla\u015fmas\u0131 desteklenerek temiz, verimli ve modern mobilite \u00e7\u00f6z\u00fcmlerine ge\u00e7i\u015fin h\u0131zland\u0131r\u0131lmas\u0131 hedefleniyor.<\/p>\n<p>Bu kapsamda Otoko\u00e7 Otomotiv, ara\u00e7 filosunun modernizasyonunu desteklerken, operasyonel kapasitesini g\u00fc\u00e7lendirmeyi, yeni teknolojiler ve hizmetlere yat\u0131r\u0131m yapmay\u0131 ama\u00e7l\u0131yor.<\/p>\n<p>Yat\u0131r\u0131m\u0131n, mobilite sekt\u00f6r\u00fcnde yeni istihdam alanlar\u0131 olu\u015fturmas\u0131 ve bilgi transferi yoluyla ekonomik fayda sunmas\u0131 bekleniyor. Yerel tedarik\u00e7ilerin yetkinliklerinin geli\u015ftirilmesi, standartlar\u0131n y\u00fckseltilmesi ve operasyonel verimliliklerinin art\u0131r\u0131lmas\u0131 da hedefler aras\u0131nda yer al\u0131yor.<\/p>\n<p>Otomotiv perakendecili\u011fine ek olarak k\u0131sa ve uzun d\u00f6nem ara\u00e7 kiralama faaliyetlerinde elektrikli ara\u00e7lar\u0131n eri\u015filebilirli\u011fini art\u0131rmay\u0131 s\u00fcrd\u00fcren Otoko\u00e7 Otomotiv, bu yat\u0131r\u0131mla hizmet kalitesini ve sekt\u00f6r genelindeki performans standartlar\u0131n\u0131 y\u00fckseltmeyi planl\u0131yor.<\/p>\n<p>&#8220;\u00d6nemli bir kilometre ta\u015f\u0131&#8221;<\/p>\n<p>A\u00e7\u0131klamada g\u00f6r\u00fc\u015flerine yer verilen Otoko\u00e7 Otomotiv \u015eirket Lideri \u0130nan Ekici, IFC ile ger\u00e7ekle\u015ftirdikleri ilk i\u015fbirli\u011finin, Otoko\u00e7 Otomotiv&#8217;in uzun vadeli b\u00fcy\u00fcme yolculu\u011funda ve mobilitenin gelece\u011fini \u015fekillendirme hedeflerinde \u00f6nemli bir kilometre ta\u015f\u0131n\u0131 temsil etti\u011fini belirtti.<\/p>\n<p>Finansman\u0131n, neredeyse bir asra yakla\u015fan operasyonel miraslar\u0131na, g\u00fc\u00e7l\u00fc finansal y\u00f6neti\u015fim yap\u0131s\u0131na ve s\u00fcrd\u00fcr\u00fclebilir de\u011fer yaratma konusundaki kararl\u0131l\u0131klar\u0131na duyulan g\u00fcvenin bir yans\u0131mas\u0131 oldu\u011funu aktaran Ekici, \u015funlar\u0131 kaydetti: <\/p>\n<p>&#8220;Bu yat\u0131r\u0131m arac\u0131l\u0131\u011f\u0131yla daha temiz ve d\u00fc\u015f\u00fck emisyonlu mobilite \u00e7\u00f6z\u00fcmlerinin yayg\u0131nla\u015fmas\u0131n\u0131 desteklerken, T\u00fcrkiye&#8217;nin mobilite ekosisteminde daha y\u00fcksek standartlar\u0131n olu\u015fmas\u0131na ve nitelikli istihdam\u0131n art\u0131r\u0131lmas\u0131na katk\u0131 sa\u011flamay\u0131 hedefliyoruz. IFC&#8217;nin k\u00fcresel uzmanl\u0131\u011f\u0131 ve uzun vadeli bak\u0131\u015f a\u00e7\u0131s\u0131, faaliyet g\u00f6sterdi\u011fimiz t\u00fcm pazarlarda modern, eri\u015filebilir ve \u00e7evresel a\u00e7\u0131dan sorumlu mobilite \u00e7\u00f6z\u00fcmleri sunma kapasitemizi daha da g\u00fc\u00e7lendirecek.&#8221;<\/p>\n<p>IFC Ba\u015fkan Yard\u0131mc\u0131s\u0131 ve Mali \u0130\u015fler Direkt\u00f6r\u00fc (CFO) John Gandolfo da modern ula\u015f\u0131m \u00e7\u00f6z\u00fcmlerine eri\u015fimin geni\u015fletilmesini ve yerel istihdam\u0131n te\u015fvik edilmesini destekleyerek, T\u00fcrkiye&#8217;de daha s\u00fcrd\u00fcr\u00fclebilir ve yenilik\u00e7i bir mobilite sekt\u00f6r\u00fcne do\u011fru ilerlemeyi ama\u00e7lad\u0131klar\u0131n\u0131 vurgulad\u0131.<\/p>\n<p>Gandolfo, &#8220;IFC&#8217;nin bu yat\u0131r\u0131m\u0131, T\u00fcrkiye&#8217;nin lider mobilite \u015firketi Otoko\u00e7 Otomotiv&#8217;e ger\u00e7ekle\u015ftirilen ilk yat\u0131r\u0131m olma \u00f6zelli\u011fini ta\u015f\u0131rken, otomotiv sekt\u00f6r\u00fcndeki varl\u0131\u011f\u0131m\u0131z\u0131 geni\u015fletmekte ve \u00f6zel sermayenin, T\u00fcrkiye&#8217;nin mobilite ekosisteminin modernizasyonunu nas\u0131l destekleyebilece\u011fini ortaya koyuyor.&#8221; de\u011ferlendirmesinde bulundu.<\/p>\n","protected":false},"excerpt":{"rendered":"<p>Otoko\u00e7 Otomotiv, IFC ile elektrikli ara\u00e7lar\u0131n yayg\u0131nla\u015fmas\u0131 i\u00e7in 150 milyon dolara finansman anla\u015fmas\u0131 imzalad\u0131.<\/p>\n","protected":false},"author":1,"featured_media":0,"comment_status":"open","ping_status":"open","sticky":false,"template":"","format":"standard","meta":{"footnotes":""},"categories":[8],"tags":[5514,5512,4939,5513,216],"class_list":["post-39165","post","type-post","status-publish","format-standard","hentry","category-ekonomi","tag-ifc","tag-mobilite","tag-modern","tag-otokoc-otomotiv","tag-yatirim"],"_links":{"self":[{"href":"https:\/\/bihavadis.com\/index.php\/wp-json\/wp\/v2\/posts\/39165","targetHints":{"allow":["GET"]}}],"collection":[{"href":"https:\/\/bihavadis.com\/index.php\/wp-json\/wp\/v2\/posts"}],"about":[{"href":"https:\/\/bihavadis.com\/index.php\/wp-json\/wp\/v2\/types\/post"}],"author":[{"embeddable":true,"href":"https:\/\/bihavadis.com\/index.php\/wp-json\/wp\/v2\/users\/1"}],"replies":[{"embeddable":true,"href":"https:\/\/bihavadis.com\/index.php\/wp-json\/wp\/v2\/comments?post=39165"}],"version-history":[{"count":1,"href":"https:\/\/bihavadis.com\/index.php\/wp-json\/wp\/v2\/posts\/39165\/revisions"}],"predecessor-version":[{"id":39166,"href":"https:\/\/bihavadis.com\/index.php\/wp-json\/wp\/v2\/posts\/39165\/revisions\/39166"}],"wp:attachment":[{"href":"https:\/\/bihavadis.com\/index.php\/wp-json\/wp\/v2\/media?parent=39165"}],"wp:term":[{"taxonomy":"category","embeddable":true,"href":"https:\/\/bihavadis.com\/index.php\/wp-json\/wp\/v2\/categories?post=39165"},{"taxonomy":"post_tag","embeddable":true,"href":"https:\/\/bihavadis.com\/index.php\/wp-json\/wp\/v2\/tags?post=39165"}],"curies":[{"name":"wp","href":"https:\/\/api.w.org\/{rel}","templated":true}]}}