{"id":39197,"date":"2026-02-21T02:57:04","date_gmt":"2026-02-21T02:57:04","guid":{"rendered":"https:\/\/bihavadis.com\/?p=39197"},"modified":"2026-02-21T02:57:04","modified_gmt":"2026-02-21T02:57:04","slug":"2026da-gayrimenkul-atagi-alper-aydin-yeni-donem-basliyor","status":"publish","type":"post","link":"https:\/\/bihavadis.com\/index.php\/2026\/02\/21\/2026da-gayrimenkul-atagi-alper-aydin-yeni-donem-basliyor\/","title":{"rendered":"2026&#8217;da Gayrimenkul Ata\u011f\u0131! Alper Ayd\u0131n: &#8216;Yeni D\u00f6nem Ba\u015fl\u0131yor&#8217;"},"content":{"rendered":"<p>\u0130lyaso\u011flu Grup \u0130n\u015faat Y\u00f6netim Kurulu Ba\u015fkan\u0131 \u0130\u015f \u0130nsan\u0131 Alper Ayd\u0131n, 2026 y\u0131l\u0131 itibar\u0131yla gayrimenkul sekt\u00f6r\u00fcnde dikkat \u00e7ekici bir hareketlilik ya\u015fanaca\u011f\u0131n\u0131 ve yat\u0131r\u0131mlar\u0131n g\u00fc\u00e7l\u00fc bir ivme kazanaca\u011f\u0131n\u0131 \u00f6ng\u00f6rd\u00fc.<\/p>\n<p>Alper Ayd\u0131n\u2019a g\u00f6re artan n\u00fcfus, \u015fehirle\u015fme h\u0131z\u0131n\u0131n devam etmesi, konut ihtiyac\u0131ndaki b\u00fcy\u00fcme ve alternatif yat\u0131r\u0131m ara\u00e7lar\u0131na k\u0131yasla gayrimenkul\u00fcn uzun vadeli g\u00fcvenli liman olarak g\u00f6r\u00fclmesi, sekt\u00f6rdeki y\u00fckseli\u015fi destekleyen temel unsurlar aras\u0131nda yer al\u0131yor.<\/p>\n<p>Kentsel d\u00f6n\u00fc\u015f\u00fcm projeleri, ticari gayrimenkul yat\u0131r\u0131mlar\u0131 ve yeni finansman modellerinin devreye girmesiyle birlikte sekt\u00f6r\u00fcn hem yerli hem de yabanc\u0131 yat\u0131r\u0131mc\u0131lar a\u00e7\u0131s\u0131ndan daha cazip bir yap\u0131ya kavu\u015faca\u011f\u0131n\u0131 belirten Ayd\u0131n, bu geli\u015fmelerin 2026 y\u0131l\u0131nda piyasada daha dinamik ve s\u00fcrd\u00fcr\u00fclebilir bir b\u00fcy\u00fcme ortam\u0131 olu\u015fturaca\u011f\u0131n\u0131 ifade etti.<\/p>\n<p>\u201cAVCILAR\u2019DA \u00d6NCEL\u0130K DEPREM G\u00dcVENL\u0130\u011e\u0130\u201d<\/p>\n<p>Alper Ayd\u0131n, Avc\u0131lar\u2019\u0131n en b\u00fcy\u00fck sorununun deprem riski oldu\u011funa dikkat \u00e7ekerek, b\u00f6lgenin daha g\u00fcvenli bir yap\u0131ya kavu\u015fmas\u0131 amac\u0131yla yeni projeleri hayata ge\u00e7irdiklerini belirtti.<\/p>\n<p>Dayan\u0131kl\u0131 konut \u00fcretimi, kentsel d\u00f6n\u00fc\u015f\u00fcm \u00e7al\u0131\u015fmalar\u0131n\u0131n h\u0131zland\u0131r\u0131lmas\u0131 ve modern m\u00fchendislik standartlar\u0131na uygun yap\u0131la\u015fman\u0131n te\u015fvik edilmesinin \u00f6ncelikli hedefleri aras\u0131nda bulundu\u011funu vurgulayan Ayd\u0131n, b\u00f6lge halk\u0131n\u0131n g\u00fcvenli ya\u015fam alanlar\u0131na eri\u015fimini art\u0131rmay\u0131 ama\u00e7lad\u0131klar\u0131n\u0131 s\u00f6yledi.<\/p>\n<p>Ayd\u0131n, hayata ge\u00e7irilen projelerin Avc\u0131lar\u2019\u0131n deprem sorununa kal\u0131c\u0131 ve s\u00fcrd\u00fcr\u00fclebilir \u00e7\u00f6z\u00fcmler sunmas\u0131n\u0131 beklediklerini de s\u00f6zlerine ekledi.<\/p>\n<p>Kaynak: (BYZHA) Beyaz Haber Ajans\u0131<\/p>\n","protected":false},"excerpt":{"rendered":"<p>\u0130lyaso\u011flu Grup \u0130n\u015faat Y\u00f6netim Kurulu Ba\u015fkan\u0131 \u0130\u015f \u0130nsan\u0131 Alper Ayd\u0131n, 2026 y\u0131l\u0131 itibar\u0131yla gayrimenkul sekt\u00f6r\u00fcnde dikkat \u00e7ekici bir hareketlilik ya\u015fanaca\u011f\u0131n\u0131 ve yat\u0131r\u0131mlar\u0131n g\u00fc\u00e7l\u00fc bir ivme kazanaca\u011f\u0131n\u0131 \u00f6ng\u00f6rd\u00fc.<\/p>\n","protected":false},"author":1,"featured_media":39198,"comment_status":"open","ping_status":"open","sticky":false,"template":"","format":"standard","meta":{"footnotes":""},"categories":[8],"tags":[],"class_list":["post-39197","post","type-post","status-publish","format-standard","has-post-thumbnail","hentry","category-ekonomi"],"_links":{"self":[{"href":"https:\/\/bihavadis.com\/index.php\/wp-json\/wp\/v2\/posts\/39197","targetHints":{"allow":["GET"]}}],"collection":[{"href":"https:\/\/bihavadis.com\/index.php\/wp-json\/wp\/v2\/posts"}],"about":[{"href":"https:\/\/bihavadis.com\/index.php\/wp-json\/wp\/v2\/types\/post"}],"author":[{"embeddable":true,"href":"https:\/\/bihavadis.com\/index.php\/wp-json\/wp\/v2\/users\/1"}],"replies":[{"embeddable":true,"href":"https:\/\/bihavadis.com\/index.php\/wp-json\/wp\/v2\/comments?post=39197"}],"version-history":[{"count":1,"href":"https:\/\/bihavadis.com\/index.php\/wp-json\/wp\/v2\/posts\/39197\/revisions"}],"predecessor-version":[{"id":39199,"href":"https:\/\/bihavadis.com\/index.php\/wp-json\/wp\/v2\/posts\/39197\/revisions\/39199"}],"wp:featuredmedia":[{"embeddable":true,"href":"https:\/\/bihavadis.com\/index.php\/wp-json\/wp\/v2\/media\/39198"}],"wp:attachment":[{"href":"https:\/\/bihavadis.com\/index.php\/wp-json\/wp\/v2\/media?parent=39197"}],"wp:term":[{"taxonomy":"category","embeddable":true,"href":"https:\/\/bihavadis.com\/index.php\/wp-json\/wp\/v2\/categories?post=39197"},{"taxonomy":"post_tag","embeddable":true,"href":"https:\/\/bihavadis.com\/index.php\/wp-json\/wp\/v2\/tags?post=39197"}],"curies":[{"name":"wp","href":"https:\/\/api.w.org\/{rel}","templated":true}]}}