{"id":39255,"date":"2026-02-21T03:51:42","date_gmt":"2026-02-21T03:51:42","guid":{"rendered":"https:\/\/bihavadis.com\/?p=39255"},"modified":"2026-02-21T03:51:42","modified_gmt":"2026-02-21T03:51:42","slug":"celal-kuzunun-sporla-degisen-hayati","status":"publish","type":"post","link":"https:\/\/bihavadis.com\/index.php\/2026\/02\/21\/celal-kuzunun-sporla-degisen-hayati\/","title":{"rendered":"Celal Kuzu&#8217;nun Sporla De\u011fi\u015fen Hayat\u0131"},"content":{"rendered":"<p>Boksla 10 ya\u015f\u0131nda tan\u0131\u015fan ve 12 ya\u015f\u0131nda T\u00fcrkiye \u00fc\u00e7\u00fcnc\u00fcl\u00fc\u011f\u00fc kazanan Celal Kuzu, &#8220;dezavantajlar\u0131n\u0131&#8221; sporla a\u015fmaya \u00e7al\u0131\u015f\u0131yor.<\/p>\n<p> Kayseri&#8217;de dezavantajl\u0131 bir b\u00f6lgede hayat\u0131na devam eden Celal Kuzu, 2 y\u0131l \u00f6nce ba\u015flad\u0131\u011f\u0131 boks ile mutlu oluyor.<\/p>\n<p>Babas\u0131 11 y\u0131ld\u0131r cezaevinde olan ve annesiyle de uzun s\u00fcredir g\u00f6r\u00fc\u015fmeyen Celal, babaannesi ve dedesiyle ya\u015f\u0131yor.<\/p>\n<p>Dedesi taraf\u0131ndan, ya\u015fad\u0131klar\u0131 mahalledeki spor okuluna g\u00f6t\u00fcr\u00fclen Celal, burada tan\u0131\u015ft\u0131\u011f\u0131 boks sporuyla hayat\u0131n\u0131 yeniden \u015fekillendirdi.<\/p>\n<p>Vali G\u00f6kmen \u00c7i\u00e7ek&#8217;in ba\u015flatt\u0131\u011f\u0131 &#8220;Erdemlerimizle Var\u0131z (ERVA)&#8221; projesi kapsam\u0131nda mahalleye a\u00e7\u0131lan spor okuluna dedesi taraf\u0131ndan g\u00f6t\u00fcr\u00fclen Celal, burada tan\u0131\u015ft\u0131\u011f\u0131 boks sporuyla hayat\u0131n\u0131 yeniden \u015fekillendirdi.<\/p>\n<p>Tokat&#8217;ta d\u00fczenlenen Alt Minikler Boks T\u00fcrkiye \u015eampiyonas\u0131&#8217;nda \u00fc\u00e7\u00fcnc\u00fc olan Celal, hayat\u0131na sporla y\u00f6n vermek i\u00e7in m\u00fccadele ediyor.<\/p>\n<p>&#8220;Ben de su\u00e7a bula\u015fabilirdim&#8221;<\/p>\n<p>Celal Kuzu, AA muhabirine, sporun k\u0131sa s\u00fcrede hayat\u0131n\u0131 de\u011fi\u015ftirdi\u011fini s\u00f6yledi.<\/p>\n<p>Ba\u015far\u0131l\u0131 olabilmek i\u00e7in elinden geleni yapt\u0131\u011f\u0131n\u0131 belirten Celal, &#8220;Arkada\u015flar\u0131mdan su\u00e7a bula\u015fanlar ve alkol, sigara gibi k\u00f6t\u00fc al\u0131\u015fkanl\u0131klar\u0131 olanlar var. Spora ba\u015flamadan \u00f6nce birka\u00e7 arkada\u015f\u0131m cezaevine girdi. Spora ba\u015flamasam ben de su\u00e7a bula\u015fabilirdim.&#8221; dedi.<\/p>\n<p>Celal, sporla ilgilendi\u011fi i\u00e7in 11 y\u0131ld\u0131r birlikte ya\u015fad\u0131\u011f\u0131 babaannesi ve dedesinin de mutlu oldu\u011funu anlatt\u0131.<\/p>\n<p>Hedefler koyarak ilerledi\u011fini dile getiren Celal, \u015f\u00f6yle devam etti: <\/p>\n<p>&#8220;Arkada\u015flar\u0131mla mahallede gezerken bu spor okulunun a\u00e7\u0131ld\u0131\u011f\u0131n\u0131 g\u00f6rm\u00fc\u015ft\u00fcm. Kay\u0131t olduktan sonra hocamla tan\u0131\u015ft\u0131m ve boks bran\u015f\u0131nda e\u011fitim almaya ba\u015flad\u0131m. Kayseri&#8217;de d\u00fczenlenen 3 organizasyonda birinci oldum. Daha sonra Aksaray&#8217;da d\u00fczenlenen iller aras\u0131 \u015fampiyonada da birinci oldum. Tokat&#8217;ta d\u00fczenlenen Alt Minikler Boks T\u00fcrkiye \u015eampiyonas\u0131&#8217;nda \u00fc\u00e7\u00fcnc\u00fcl\u00fck elde ettim. Bu ba\u015far\u0131mdan dolay\u0131 Sporcu E\u011fitim Merkezleri sporcusu olmaya da hak kazand\u0131m. Bu sporda b\u00fcy\u00fck hedeflerim var. Milli bir sporcu olarak \u00fclkemizi her platformda temsil etmek istiyorum.&#8221;<\/p>\n<p>&#8220;ERVA Projesi, savrulan bir\u00e7ok hayat\u0131n tutunacak dal\u0131 oldu&#8221;<\/p>\n<p>Celal Kuzu&#8217;nun devam etti\u011fi Yesevi ERVA Spor Kul\u00fcb\u00fc&#8217;n\u00fcn boks antren\u00f6r\u00fc Halil \u0130brahim Karaca, ERVA Projesi&#8217;nin \u00f6nemine vurgu yapt\u0131.<\/p>\n<p>Projenin Kayseri&#8217;deki bir\u00e7ok gencin hayat\u0131na dokundu\u011funu aktaran Karaca, &#8220;ERVA Projesi, savrulan bir\u00e7ok hayat\u0131n tutunacak dal\u0131 oldu. Ne yapaca\u011f\u0131n\u0131 bilmeyen bir\u00e7ok \u00e7ocu\u011fun yol g\u00f6stereni oldu. \u00c7ocu\u011funu d\u0131\u015f etkenlerden korumak isteyen ailelerin ise s\u0131\u011f\u0131naca\u011f\u0131 bir liman\u0131 oldu.&#8221; ifadelerini kulland\u0131.<\/p>\n<p>&#8220;Telefonumda &#8216;kuzum&#8217; diye kay\u0131tl\u0131&#8221;<\/p>\n<p>Sporun Celal&#8217;in hayat\u0131n\u0131 de\u011fi\u015ftirmesine de\u011finen Karaca, s\u00f6zlerini \u015f\u00f6yle tamamlad\u0131: <\/p>\n<p>&#8220;Celal&#8217;in hikayesini \u00f6\u011frenince bu bo\u015flu\u011fu sporla doldurmas\u0131 i\u00e7in elimizden geleni yapmaya \u00e7al\u0131\u015ft\u0131k. Celal, hayat\u0131n\u0131n merkezine boksu yerle\u015ftirdi ve k\u0131sa s\u00fcrede ba\u015far\u0131lara imza atmaya ba\u015flad\u0131. Celal, sar\u0131laca\u011f\u0131 tek \u015feyin spor oldu\u011funu anlay\u0131nca ba\u015far\u0131l\u0131 oldu. Spor, Celal&#8217;in annesi, babas\u0131, ailesi, i\u015fi, okulu oldu. Celal, benim telefonumda &#8216;kuzum&#8217; diye kay\u0131tl\u0131. Celal benim kuzum ama ringlerin aslan\u0131. Buras\u0131 olmasayd\u0131 200 sporcumuzdan \u00e7o\u011fu su\u00e7a bula\u015fabilirdi.&#8221;<\/p>\n<p>&#8220;\u015eu an ger\u00e7ekten \u00e7ok mutluyuz&#8221;<\/p>\n<p>Dede Celal Kuzu, spor kul\u00fcb\u00fcn\u00fcn a\u00e7\u0131lmas\u0131nda eme\u011fi ge\u00e7en Vali G\u00f6kmen \u00c7i\u00e7ek ve hay\u0131rseverlere te\u015fekk\u00fcr etti.<\/p>\n<p>Torununun 1 ya\u015f\u0131ndan beri yanlar\u0131nda kald\u0131\u011f\u0131n\u0131 anlatan Kuzu, &#8220;Spora ba\u015flamadan \u00f6nce arkada\u015f ortam\u0131 pek iyi de\u011fildi. Buraya ba\u015flad\u0131ktan sonra eski arkada\u015flar\u0131ndan bir\u00e7o\u011fuyla g\u00f6r\u00fc\u015fm\u00fcyor. \u015eu an ger\u00e7ekten \u00e7ok mutluyuz. Spora ba\u015flad\u0131ktan sonra hayat\u0131nda her \u015fey de\u011fi\u015fti.&#8221; de\u011ferlendirmesinde bulundu.<\/p>\n","protected":false},"excerpt":{"rendered":"<p>Boksla hayat\u0131n\u0131 de\u011fi\u015ftiren Celal Kuzu, k\u00f6t\u00fc al\u0131\u015fkanl\u0131klardan uzakla\u015f\u0131p ba\u015far\u0131l\u0131 bir sporcu olmay\u0131 hedefliyor.<\/p>\n","protected":false},"author":1,"featured_media":39256,"comment_status":"open","ping_status":"open","sticky":false,"template":"","format":"standard","meta":{"footnotes":""},"categories":[14],"tags":[4608,2763,5530,5531,440],"class_list":["post-39255","post","type-post","status-publish","format-standard","has-post-thumbnail","hentry","category-spor","tag-arkadas","tag-boks","tag-celal","tag-hayatin","tag-spor"],"_links":{"self":[{"href":"https:\/\/bihavadis.com\/index.php\/wp-json\/wp\/v2\/posts\/39255","targetHints":{"allow":["GET"]}}],"collection":[{"href":"https:\/\/bihavadis.com\/index.php\/wp-json\/wp\/v2\/posts"}],"about":[{"href":"https:\/\/bihavadis.com\/index.php\/wp-json\/wp\/v2\/types\/post"}],"author":[{"embeddable":true,"href":"https:\/\/bihavadis.com\/index.php\/wp-json\/wp\/v2\/users\/1"}],"replies":[{"embeddable":true,"href":"https:\/\/bihavadis.com\/index.php\/wp-json\/wp\/v2\/comments?post=39255"}],"version-history":[{"count":1,"href":"https:\/\/bihavadis.com\/index.php\/wp-json\/wp\/v2\/posts\/39255\/revisions"}],"predecessor-version":[{"id":39257,"href":"https:\/\/bihavadis.com\/index.php\/wp-json\/wp\/v2\/posts\/39255\/revisions\/39257"}],"wp:featuredmedia":[{"embeddable":true,"href":"https:\/\/bihavadis.com\/index.php\/wp-json\/wp\/v2\/media\/39256"}],"wp:attachment":[{"href":"https:\/\/bihavadis.com\/index.php\/wp-json\/wp\/v2\/media?parent=39255"}],"wp:term":[{"taxonomy":"category","embeddable":true,"href":"https:\/\/bihavadis.com\/index.php\/wp-json\/wp\/v2\/categories?post=39255"},{"taxonomy":"post_tag","embeddable":true,"href":"https:\/\/bihavadis.com\/index.php\/wp-json\/wp\/v2\/tags?post=39255"}],"curies":[{"name":"wp","href":"https:\/\/api.w.org\/{rel}","templated":true}]}}