{"id":39264,"date":"2026-02-21T04:00:16","date_gmt":"2026-02-21T04:00:16","guid":{"rendered":"https:\/\/bihavadis.com\/?p=39264"},"modified":"2026-02-21T04:00:16","modified_gmt":"2026-02-21T04:00:16","slug":"balikesirsporun-teknik-direktoru-yenilgiyi-degerlendirdi","status":"publish","type":"post","link":"https:\/\/bihavadis.com\/index.php\/2026\/02\/21\/balikesirsporun-teknik-direktoru-yenilgiyi-degerlendirdi\/","title":{"rendered":"Bal\u0131kesirspor&#8217;un Teknik Direkt\u00f6r\u00fc Yenilgiyi De\u011ferlendirdi"},"content":{"rendered":"<p>\n<p>3&#8217;\u00fcnc\u00fc Lig 4&#8217;\u00fcnc\u00fc Grup&#8217;ta 6 ma\u00e7l\u0131k yenilmezlik serisinin ard\u0131ndan lider K\u00fctahyaspor&#8217;a deplasmanda 2-1 ma\u011flup olan Play-Off hatt\u0131ndaki Bal\u0131kesirspor&#8217;da teknik direkt\u00f6r Zafer Uysal \u00f6nlerine bakacaklar\u0131n\u0131 s\u00f6yledi. <\/p>\n<p>Tak\u0131m\u0131yla \u00e7\u0131kt\u0131\u011f\u0131 ilk 3 ma\u00e7ta 7 puan toplad\u0131ktan sonra ilk kez yenilgiyle tan\u0131\u015fan Uysal, &#8220;Sahadaki iyi futbolumuz ve m\u00fccadelemiz skora yans\u0131mam\u0131\u015f olsa da ma\u00e7\u0131n hakk\u0131n\u0131n en k\u00f6t\u00fc beraberlik oldu\u011funa inan\u0131yorum. Tak\u0131m\u0131m\u0131n g\u00f6sterdi\u011fi istek ve arzu, beni ve t\u00fcm camiam\u0131z\u0131 memnun etti\u011fi d\u00fc\u015f\u00fcncesindeyim. Bu vesileyle t\u00fcm oyuncular\u0131m\u0131 y\u00fcrekten kutluyorum. K\u00fctahya ma\u00e7\u0131n\u0131 geride b\u0131rakt\u0131k. \u015eimdi odak noktam\u0131z, hafta sonu oynayaca\u011f\u0131m\u0131z Afyonspor ma\u00e7\u0131. Bu ma\u00e7la beklenen hedefe ad\u0131m ad\u0131m y\u00fcr\u00fcy\u00fc\u015f\u00fcm\u00fcz devam edecektir. De\u011ferli taraftarlar\u0131m\u0131za ayr\u0131ca te\u015fekk\u00fcr etmek istiyorum. Bizleri yine yaln\u0131z b\u0131rakmad\u0131lar, destekleri i\u00e7in te\u015fekk\u00fcr ediyorum&#8221; a\u00e7\u0131klamas\u0131n\u0131 yapt\u0131.<\/p>\n","protected":false},"excerpt":{"rendered":"<p>Zafer Uysal, K\u00fctahyaspor ma\u011flubiyetinin ard\u0131ndan odaklar\u0131n\u0131n Afyonspor ma\u00e7\u0131 oldu\u011funu belirtti.<\/p>\n","protected":false},"author":1,"featured_media":39265,"comment_status":"open","ping_status":"open","sticky":false,"template":"","format":"standard","meta":{"footnotes":""},"categories":[14],"tags":[],"class_list":["post-39264","post","type-post","status-publish","format-standard","has-post-thumbnail","hentry","category-spor"],"_links":{"self":[{"href":"https:\/\/bihavadis.com\/index.php\/wp-json\/wp\/v2\/posts\/39264","targetHints":{"allow":["GET"]}}],"collection":[{"href":"https:\/\/bihavadis.com\/index.php\/wp-json\/wp\/v2\/posts"}],"about":[{"href":"https:\/\/bihavadis.com\/index.php\/wp-json\/wp\/v2\/types\/post"}],"author":[{"embeddable":true,"href":"https:\/\/bihavadis.com\/index.php\/wp-json\/wp\/v2\/users\/1"}],"replies":[{"embeddable":true,"href":"https:\/\/bihavadis.com\/index.php\/wp-json\/wp\/v2\/comments?post=39264"}],"version-history":[{"count":1,"href":"https:\/\/bihavadis.com\/index.php\/wp-json\/wp\/v2\/posts\/39264\/revisions"}],"predecessor-version":[{"id":39266,"href":"https:\/\/bihavadis.com\/index.php\/wp-json\/wp\/v2\/posts\/39264\/revisions\/39266"}],"wp:featuredmedia":[{"embeddable":true,"href":"https:\/\/bihavadis.com\/index.php\/wp-json\/wp\/v2\/media\/39265"}],"wp:attachment":[{"href":"https:\/\/bihavadis.com\/index.php\/wp-json\/wp\/v2\/media?parent=39264"}],"wp:term":[{"taxonomy":"category","embeddable":true,"href":"https:\/\/bihavadis.com\/index.php\/wp-json\/wp\/v2\/categories?post=39264"},{"taxonomy":"post_tag","embeddable":true,"href":"https:\/\/bihavadis.com\/index.php\/wp-json\/wp\/v2\/tags?post=39264"}],"curies":[{"name":"wp","href":"https:\/\/api.w.org\/{rel}","templated":true}]}}