{"id":39286,"date":"2026-02-21T04:21:05","date_gmt":"2026-02-21T04:21:05","guid":{"rendered":"https:\/\/bihavadis.com\/?p=39286"},"modified":"2026-02-21T04:21:05","modified_gmt":"2026-02-21T04:21:05","slug":"konya-buyuksehir-ev-sahipliginde-savunma-sanayii-kampus-konya-programi-gerceklestirildi","status":"publish","type":"post","link":"https:\/\/bihavadis.com\/index.php\/2026\/02\/21\/konya-buyuksehir-ev-sahipliginde-savunma-sanayii-kampus-konya-programi-gerceklestirildi\/","title":{"rendered":"Konya B\u00fcy\u00fck\u015fehir Ev Sahipli\u011finde &#8220;Savunma Sanayii Kamp\u00fcs Konya&#8221; Program\u0131 Ger\u00e7ekle\u015ftirildi"},"content":{"rendered":"<p><strong>Cumhurba\u015fkanl\u0131\u011f\u0131 Savunma Sanayii Ba\u015fkanl\u0131\u011f\u0131 Savunma Sanayii Akademisi, Konya B\u00fcy\u00fck\u015fehir Belediyesi Kaps\u00fcl Teknoloji Platformu ev sahipli\u011finde ve Sel\u00e7uk \u00dcniversitesi, Konya Teknik \u00dcniversitesi, Necmettin Erbakan \u00dcniversitesi, KTO Karatay \u00dcniversitesi ile Konya G\u0131da ve Tar\u0131m \u00dcniversitesi i\u015f birli\u011fiyle &#8220;Savunma Sanayii Kamp\u00fcs Konya&#8221; program\u0131 d\u00fczenlendi.<\/strong><\/p>\n<hr\/>\n<p>Cumhurba\u015fkanl\u0131\u011f\u0131 Savunma Sanayii Ba\u015fkanl\u0131\u011f\u0131 (SSB) Savunma Sanayii Akademisi, Konya B\u00fcy\u00fck\u015fehir Belediyesi Kaps\u00fcl Teknoloji Platformu ev sahipli\u011finde ve Sel\u00e7uk \u00dcniversitesi, Konya Teknik \u00dcniversitesi, Necmettin Erbakan \u00dcniversitesi, KTO Karatay \u00dcniversitesi ile Konya G\u0131da ve Tar\u0131m \u00dcniversitesi i\u015f birli\u011fiyle &#8220;Savunma Sanayii Kamp\u00fcs Konya&#8221; etkinli\u011fi yap\u0131ld\u0131.<\/p>\n<p>Sel\u00e7uklu Kongre Merkezi\u2019nde ger\u00e7ekle\u015ftirilen programda konu\u015fan Konya B\u00fcy\u00fck\u015fehir Belediye Ba\u015fkan Vekili Mustafa Uzba\u015f, T\u00fcrkiye&#8217;nin tam ba\u011f\u0131ms\u0131z ideallerinin teknolojiyle v\u00fccut buldu\u011fu g\u00fc\u00e7l\u00fc bir vizyona ve anlaml\u0131 bir bulu\u015fmaya ev sahipli\u011fi yapt\u0131klar\u0131n\u0131 s\u00f6yledi.<\/p>\n<p><strong>\u201cCUMHURBA\u015eKANIMIZIN L\u0130DERL\u0130\u011e\u0130NDE \u00c7OK B\u00dcY\u00dcK KAZANIMLAR ELDE ETT\u0130K\u201d<\/strong><\/p>\n<p>Savunma sanayiinin bir milletin ba\u011f\u0131ms\u0131zl\u0131k kararl\u0131l\u0131\u011f\u0131n\u0131n en \u00f6nemli ve somut g\u00f6stergesi oldu\u011funu vurgulayan Uzba\u015f, \u201cKendi tasar\u0131m\u0131n\u0131 yapan, kendi teknolojisini geli\u015ftiren, kendi kararlar\u0131n\u0131 verebilen bir \u00fclke olmak sadece teknik bir ba\u015far\u0131 de\u011fil, ayn\u0131 zamanda hepimiz i\u00e7in tarihi bir sorumluluktur. Hamdolsun, \u00fclkemiz Cumhurba\u015fkan\u0131m\u0131z Say\u0131n Recep Tayyip Erdo\u011fan\u2019\u0131n liderli\u011finde savunma sanayii alan\u0131nda \u00e7ok b\u00fcy\u00fck kazan\u0131mlar elde etti. T\u00fcrkiye olarak art\u0131k d\u0131\u015fa ba\u011f\u0131ml\u0131l\u0131\u011f\u0131n\u0131 azaltan, y\u00fcksek katma de\u011ferli \u00fcretim yapan ve kritik teknolojilerde d\u00fcnyada s\u00f6z sahibi bir \u00fclke konumuna geldik. \u015e\u00fcphesiz ki bu ilerleme, planl\u0131 bir vizyonun, g\u00fc\u00e7l\u00fc bir iradenin ve nitelikli insan g\u00fcc\u00fcn\u00fcn bir sonucudur\u201d ifadelerini kulland\u0131.<\/p>\n<p>Ba\u015fkan Vekili Uzba\u015f, Konya&#8217;n\u0131n ger\u00e7ekle\u015ftirdi\u011fi at\u0131l\u0131mlar sayesinde bu ekosistemin en \u00f6nemli merkezlerinden biri haline geldi\u011fini belirterek \u201c\u015eehrimizde savunma sanayi alan\u0131nda olu\u015fan tecr\u00fcbe hem sanayi hem akademi a\u00e7\u0131s\u0131ndan g\u00fc\u00e7l\u00fc bir zemin olu\u015fturdu. Bu do\u011frultuda sekt\u00f6r temsilcilerimizi, gen\u00e7lerimizi ve akademik camiam\u0131z\u0131 bir araya getiren Savunma Sanayi Kamp\u00fcs Konya Program\u0131m\u0131z\u0131 olduk\u00e7a \u00f6nemli ve k\u0131ymetli buluyorum. Burada yap\u0131lacak t\u00fcm \u00e7al\u0131\u015fmalar\u0131n hedeflerimize ula\u015fma yolunda \u00fclkemiz ve gen\u00e7lerimiz i\u00e7in hay\u0131rlara vesile olmas\u0131n\u0131 diliyorum. Program\u0131n haz\u0131rlanmas\u0131nda eme\u011fi ge\u00e7en t\u00fcm kurumlar\u0131m\u0131za ve payda\u015flar\u0131m\u0131za bir kez daha te\u015fekk\u00fcr ediyorum\u201d dedi.<\/p>\n<p><strong>\u201cYETK\u0130NL\u0130K YOKSA B\u0130LG\u0130N\u0130Z\u0130N, BECER\u0130N\u0130Z\u0130N DE \u00c7OK ANLAMI OLMUYOR\u201d<\/strong><\/p>\n<p>Savunma Sanayii Ba\u015fkanl\u0131\u011f\u0131 Ba\u015fkan Yard\u0131mc\u0131s\u0131 Hakan Karata\u015f ise, \u201cMilli G\u00fcc\u00fcn Y\u00fckseli\u015fi: SSB ve Milli Yetkinlik Hamlesi\u201d ba\u015fl\u0131kl\u0131 bir sunum ger\u00e7ekle\u015ftirdi. Karata\u015f, Konya\u2019daki atmosferden \u00e7ok etkilendi\u011fini belirterek programlar\u0131n farkl\u0131 illere de \u00f6rnek olmas\u0131n\u0131 temenni etti.<\/p>\n<p>Bilgi ve becerinin yetenek oldu\u011funu ifade eden Karata\u015f, \u201cKendi alan\u0131n\u0131za ve \u00e7al\u0131\u015ft\u0131\u011f\u0131n\u0131z departmana ili\u015fkin teknik yetkinliklere sahip olman\u0131z \u00f6nemlidir. Tasar\u0131m alan\u0131nda g\u00f6rev yap\u0131yorsan\u0131z, m\u00fchendis olarak fonksiyonel bilginin yan\u0131 s\u0131ra \u00fcretim s\u00fcre\u00e7lerine de h\u00e2kim olman\u0131z gerekir. Biz buna \u00e7apraz fonksiyonel diyoruz. Her t\u00fcrl\u00fc yetkinliklerinizi geli\u015ftirmek zorundas\u0131n\u0131z. Yetkinlik yoksa bilginizin, becerinizin de \u00e7ok anlam\u0131 olmuyor. Tekrar ediyorum. Tutum, davran\u0131\u015f ve performans kritik. Bilgi beceriniz olacak ama yetkinli\u011finiz varsa uzman olursunuz. Elbette tutumunuz olacakt\u0131r; ancak olumlu bir tutuma sahip de\u011filseniz bunu yetkinli\u011fe d\u00f6n\u00fc\u015ft\u00fcrmeniz m\u00fcmk\u00fcn de\u011fildir. Deneyim ya\u015fayacaks\u0131n\u0131z; fakat deneyiminiz kritik ve zorlay\u0131c\u0131 de\u011filse yine yetkinlik olarak de\u011ferlendirilemez. Davran\u0131\u015f ve performans sergilemeniz do\u011fald\u0131r; ancak ay\u0131rt edici ve \u00fcst\u00fcn olmad\u0131\u011f\u0131 s\u00fcrece fark yaratman\u0131z m\u00fcmk\u00fcn de\u011fildir. Yetkinlik dedi\u011fimiz kavram\u0131n merkezinde, bu unsurlar\u0131n nitelikli ve ay\u0131rt edici bi\u00e7imde ortaya konmas\u0131 yer al\u0131r\u201d diye konu\u015ftu.<\/p>\n<p><strong>KONYA B\u00dcY\u00dcK\u015eEH\u0130R\u2019\u0130N GEN\u00c7LER \u0130\u00c7\u0130N YAPTI\u011eI PROJELER BE\u011eEN\u0130 G\u00d6RD\u00dc<\/strong><\/p>\n<p>T\u00fcrk Silahl\u0131 Kuvvetlerini G\u00fc\u00e7lendirme Vakf\u0131 (TSKGV) Genel M\u00fcd\u00fcr\u00fc Bilal Top\u00e7u da Konya B\u00fcy\u00fck\u015fehir Belediyesi b\u00fcnyesinde hizmetlerini s\u00fcrd\u00fcren Kaps\u00fcl Teknoloji Platformu\u2019nu ziyaret ettiklerini ve \u00e7ok be\u011fendiklerini belirterek B\u00fcy\u00fck\u015fehir\u2019in gen\u00e7ler i\u00e7in yapt\u0131\u011f\u0131 \u00e7al\u0131\u015fmalar\u0131n \u00e7ok k\u0131ymetli oldu\u011funu s\u00f6yledi. TSKGV\u2019nin \u00e7al\u0131\u015fmalar\u0131 hakk\u0131nda bilgi veren Top\u00e7u, programda eme\u011fi ge\u00e7en herkese te\u015fekk\u00fcr etti.<\/p>\n<p>Programa ASELSAN Konya Genel M\u00fcd\u00fcr\u00fc Serkan \u00d6zsoy, HAVELSAN \u0130nsan Kaynaklar\u0131 Direkt\u00f6r\u00fc O\u011fuzhan Co\u015fkuny\u00fcrek, HAVELSAN Teknoloji Radar Genel M\u00fcd\u00fcr\u00fc Mustafa \u00d6z\u00e7elik ve \u00e7ok say\u0131da gen\u00e7 kat\u0131ld\u0131.<\/p>\n<p>\u00a0<\/p>\n<p>Kaynak: (BYZHA) Beyaz Haber Ajans\u0131<\/p>\n","protected":false},"excerpt":{"rendered":"<p>Cumhurba\u015fkanl\u0131\u011f\u0131 Savunma Sanayii Ba\u015fkanl\u0131\u011f\u0131 Savunma Sanayii Akademisi, Konya B\u00fcy\u00fck\u015fehir Belediyesi Kaps\u00fcl Teknoloji Platformu ev sahipli\u011finde ve Sel\u00e7uk \u00dcniversitesi, Konya Teknik \u00dcniversitesi, Necmettin Erbakan \u00dcniversitesi, KTO Karatay \u00dcniversitesi ile Konya G\u0131da ve Tar\u0131m \u00dcniversitesi i\u015f birli\u011fiyle &#8220;Savunma Sanayii Kamp\u00fcs Konya&#8221; program\u0131 d\u00fczenlendi.<\/p>\n","protected":false},"author":1,"featured_media":39287,"comment_status":"open","ping_status":"open","sticky":false,"template":"","format":"standard","meta":{"footnotes":""},"categories":[4],"tags":[426,2452,191,932,5533],"class_list":["post-39286","post","type-post","status-publish","format-standard","has-post-thumbnail","hentry","category-gundem","tag-konya","tag-savunma-sanayii","tag-teknoloji","tag-universitesi","tag-yetkinlik"],"_links":{"self":[{"href":"https:\/\/bihavadis.com\/index.php\/wp-json\/wp\/v2\/posts\/39286","targetHints":{"allow":["GET"]}}],"collection":[{"href":"https:\/\/bihavadis.com\/index.php\/wp-json\/wp\/v2\/posts"}],"about":[{"href":"https:\/\/bihavadis.com\/index.php\/wp-json\/wp\/v2\/types\/post"}],"author":[{"embeddable":true,"href":"https:\/\/bihavadis.com\/index.php\/wp-json\/wp\/v2\/users\/1"}],"replies":[{"embeddable":true,"href":"https:\/\/bihavadis.com\/index.php\/wp-json\/wp\/v2\/comments?post=39286"}],"version-history":[{"count":1,"href":"https:\/\/bihavadis.com\/index.php\/wp-json\/wp\/v2\/posts\/39286\/revisions"}],"predecessor-version":[{"id":39288,"href":"https:\/\/bihavadis.com\/index.php\/wp-json\/wp\/v2\/posts\/39286\/revisions\/39288"}],"wp:featuredmedia":[{"embeddable":true,"href":"https:\/\/bihavadis.com\/index.php\/wp-json\/wp\/v2\/media\/39287"}],"wp:attachment":[{"href":"https:\/\/bihavadis.com\/index.php\/wp-json\/wp\/v2\/media?parent=39286"}],"wp:term":[{"taxonomy":"category","embeddable":true,"href":"https:\/\/bihavadis.com\/index.php\/wp-json\/wp\/v2\/categories?post=39286"},{"taxonomy":"post_tag","embeddable":true,"href":"https:\/\/bihavadis.com\/index.php\/wp-json\/wp\/v2\/tags?post=39286"}],"curies":[{"name":"wp","href":"https:\/\/api.w.org\/{rel}","templated":true}]}}