{"id":39363,"date":"2026-02-21T05:24:06","date_gmt":"2026-02-21T05:24:06","guid":{"rendered":"https:\/\/bihavadis.com\/?p=39363"},"modified":"2026-02-21T05:24:06","modified_gmt":"2026-02-21T05:24:06","slug":"turkiye-umman-is-forumu-ikinci-gun-etkinlikleri-devam-ediyor","status":"publish","type":"post","link":"https:\/\/bihavadis.com\/index.php\/2026\/02\/21\/turkiye-umman-is-forumu-ikinci-gun-etkinlikleri-devam-ediyor\/","title":{"rendered":"T\u00fcrkiye-Umman \u0130\u015f Forumu \u0130kinci G\u00fcn Etkinlikleri Devam Ediyor"},"content":{"rendered":"<p> T\u00fcrkiye ile Umman aras\u0131ndaki ekonomik ve ticari ili\u015fkileri daha ileri bir noktaya ta\u015f\u0131may\u0131 hedefleyen &#8220;OMNEX 2026 Umman-T\u00fcrkiye \u0130\u015f Forumu ve Uluslararas\u0131 Ticaret Fuar\u0131&#8221;, ikinci g\u00fcn etkinlikleriyle devam ediyor.<\/p>\n<p>Umman&#8217;\u0131n ba\u015fkenti Maskat&#8217;ta d\u00fczenlenen ve AA&#8217;n\u0131n global ileti\u015fim orta\u011f\u0131 oldu\u011fu fuarda, ikinci g\u00fcn Ticaret Bakan Yard\u0131mc\u0131s\u0131 Sezai U\u00e7armak, D\u0131\u015f Ekonomik \u0130li\u015fkiler Kurulu (DE\u0130K) T\u00fcrkiye-Umman \u0130\u015f Konseyi Ba\u015fkan\u0131 Yunus Ete ve Umman-T\u00fcrk Ortak \u0130\u015f Konseyi Umman Taraf\u0131 Ba\u015fkan\u0131 \u015eeyh Salim bin Abdullah er-Ravvas&#8217;\u0131n kat\u0131ld\u0131\u011f\u0131 panel ile ba\u015flad\u0131.<\/p>\n<p>U\u00e7armak, panelde yapt\u0131\u011f\u0131 konu\u015fmada, T\u00fcrkiye&#8217;nin jeopolitik konumu nedeniyle olu\u015fan baz\u0131 sorunlar\u0131n oldu\u011funu, ancak bu sorunlar\u0131n a\u015f\u0131lmas\u0131 i\u00e7in canla ba\u015fla m\u00fccadele edildi\u011fini s\u00f6yledi.<\/p>\n<p>Umman ile T\u00fcrkiye aras\u0131nda tarihsel olarak s\u0131k\u0131 ba\u011flar\u0131n bulundu\u011funu hat\u0131rlatan U\u00e7armak, ya\u015fanan baz\u0131 b\u00f6lgesel sorunlar\u0131n iki \u00fclke aras\u0131ndaki kara yolu ba\u011flant\u0131s\u0131n\u0131 engellese de bu sorunlar\u0131n zaman i\u00e7inde a\u015f\u0131laca\u011f\u0131n\u0131 belirtti.<\/p>\n<p>\u00d6zellikle kara yolu ile Umman&#8217;a ula\u015fabilmenin g\u0131da ve tar\u0131m alan\u0131nda ciddi bir i\u015fbirli\u011fi ortam\u0131 olu\u015fturabilece\u011fine i\u015faret eden U\u00e7armak, &#8220;Biz her ili\u015fkilerimizde, kar amac\u0131na y\u00f6nelmiyoruz. Kar\u015f\u0131l\u0131kl\u0131 kazand\u0131racak mekanizmalar kurulmas\u0131 laz\u0131m, bunu her zaman ifade etmeye \u00e7al\u0131\u015f\u0131yoruz. \u0130ki tarafa da kazand\u0131rmayan hi\u00e7bir ticari ve siyasi faaliyet kesinlikle s\u00fcrd\u00fcr\u00fclemez. T\u00fcrkiye olarak d\u00fcnyaya bak\u0131\u015f\u0131m\u0131z, vizyonumuz budur, d\u00fcnyan\u0131n ger\u00e7ekten bize ihtiyac\u0131 var. \u00c7\u00fcnk\u00fc, biz sokakta gezerken ba\u015fkas\u0131na k\u00f6t\u00fcl\u00fck d\u00fc\u015f\u00fcnen insanlar de\u011filiz.&#8221; ifadelerini kulland\u0131.<\/p>\n<p>&#8220;T\u00fcrk \u015firketleri ile Umman \u015firketleri aras\u0131nda entegrasyon sa\u011flamak m\u00fcmk\u00fcn&#8221;<\/p>\n<p>DE\u0130K T\u00fcrkiye-Umman \u0130\u015f Konseyi Ba\u015fkan\u0131 Yunus Ete de bu tarz organizasyonlarda ilk yap\u0131lan i\u015flerin her zaman zor oldu\u011funu, ancak etkinli\u011fin olduk\u00e7a verimli ge\u00e7ti\u011fini dile getirdi.<\/p>\n<p>Kat\u0131l\u0131mc\u0131lara, \u00e7al\u0131\u015fmalar\u0131ndan dolay\u0131 te\u015fekk\u00fcr eden Ete, program\u0131n B2B ticari g\u00f6r\u00fc\u015fmeleri ile devam edece\u011fini aktard\u0131.<\/p>\n<p>Umman-T\u00fcrk Ortak \u0130\u015f Konseyi Umman Taraf\u0131 Ba\u015fkan\u0131 \u015eeyh Salim bin Abdullah er-Ravvas ise \u00fclkelerinde \u00e7ok say\u0131da serbest b\u00f6lge bulundu\u011funa de\u011finerek, bu b\u00f6lgelerin yat\u0131r\u0131mc\u0131lar a\u00e7\u0131s\u0131ndan olduk\u00e7a cazip oldu\u011funu vurgulad\u0131.<\/p>\n<p>Ravvas, Umman&#8217;da sanayi, turizm, ticaret ve bilgi teknolojileri alanlar\u0131n\u0131n da kendi i\u00e7inde bir\u00e7ok f\u0131rsat bar\u0131nd\u0131rd\u0131\u011f\u0131na dikkati \u00e7ekerek, &#8220;T\u00fcrk \u015firketleri ile Umman \u015firketleri aras\u0131nda, entegrasyon sa\u011flamak m\u00fcmk\u00fcnd\u00fcr. Bu da iki \u00fclkenin ekonomisine olumlu yans\u0131r. Umman, stratejik konumu ve siyasi istikrar\u0131yla, T\u00fcrk \u015firketleri ve d\u00fcnyadaki t\u00fcm yat\u0131r\u0131mc\u0131lar i\u00e7in b\u00fcy\u00fck pazarlara ula\u015fmak i\u00e7in kap\u0131 niteli\u011fi ta\u015f\u0131maktad\u0131r. \u0130ki \u00fclke aras\u0131ndaki g\u00fc\u00e7l\u00fc ili\u015fkiler sonucunda, projeler art\u0131k somutla\u015fm\u0131\u015ft\u0131r. \u0130nan\u0131yorum ki \u00f6n\u00fcm\u00fczdeki d\u00f6nemde, bu projelerden daha fazlas\u0131na tan\u0131k olaca\u011f\u0131z. \u0130ki \u00fclke aras\u0131ndaki ticaret hacmini 5 milyar dolara \u00e7\u0131karma hedefi var, bu hedefe ula\u015fmak i\u00e7in \u00e7al\u0131\u015fmal\u0131y\u0131z.&#8221; ifadelerini kulland\u0131.<\/p>\n","protected":false},"excerpt":{"rendered":"<p>Umman&#8217;da d\u00fczenlenen forumda T\u00fcrkiye-Umman ekonomik ili\u015fkileri g\u00fc\u00e7lendiriliyor, i\u015fbirli\u011fi imkanlar\u0131 tart\u0131\u015f\u0131l\u0131yor.<\/p>\n","protected":false},"author":1,"featured_media":39364,"comment_status":"open","ping_status":"open","sticky":false,"template":"","format":"standard","meta":{"footnotes":""},"categories":[8],"tags":[395,517,197,700,3051],"class_list":["post-39363","post","type-post","status-publish","format-standard","has-post-thumbnail","hentry","category-ekonomi","tag-is","tag-turk","tag-turkiye","tag-ulke","tag-umman"],"_links":{"self":[{"href":"https:\/\/bihavadis.com\/index.php\/wp-json\/wp\/v2\/posts\/39363","targetHints":{"allow":["GET"]}}],"collection":[{"href":"https:\/\/bihavadis.com\/index.php\/wp-json\/wp\/v2\/posts"}],"about":[{"href":"https:\/\/bihavadis.com\/index.php\/wp-json\/wp\/v2\/types\/post"}],"author":[{"embeddable":true,"href":"https:\/\/bihavadis.com\/index.php\/wp-json\/wp\/v2\/users\/1"}],"replies":[{"embeddable":true,"href":"https:\/\/bihavadis.com\/index.php\/wp-json\/wp\/v2\/comments?post=39363"}],"version-history":[{"count":1,"href":"https:\/\/bihavadis.com\/index.php\/wp-json\/wp\/v2\/posts\/39363\/revisions"}],"predecessor-version":[{"id":39365,"href":"https:\/\/bihavadis.com\/index.php\/wp-json\/wp\/v2\/posts\/39363\/revisions\/39365"}],"wp:featuredmedia":[{"embeddable":true,"href":"https:\/\/bihavadis.com\/index.php\/wp-json\/wp\/v2\/media\/39364"}],"wp:attachment":[{"href":"https:\/\/bihavadis.com\/index.php\/wp-json\/wp\/v2\/media?parent=39363"}],"wp:term":[{"taxonomy":"category","embeddable":true,"href":"https:\/\/bihavadis.com\/index.php\/wp-json\/wp\/v2\/categories?post=39363"},{"taxonomy":"post_tag","embeddable":true,"href":"https:\/\/bihavadis.com\/index.php\/wp-json\/wp\/v2\/tags?post=39363"}],"curies":[{"name":"wp","href":"https:\/\/api.w.org\/{rel}","templated":true}]}}