{"id":39393,"date":"2026-02-21T05:48:06","date_gmt":"2026-02-21T05:48:06","guid":{"rendered":"https:\/\/bihavadis.com\/?p=39393"},"modified":"2026-02-21T05:48:06","modified_gmt":"2026-02-21T05:48:06","slug":"vincenzo-montella-avrupanin-en-iyi-takimlarindan-birkaci-ile-ayni-gruptayiz","status":"publish","type":"post","link":"https:\/\/bihavadis.com\/index.php\/2026\/02\/21\/vincenzo-montella-avrupanin-en-iyi-takimlarindan-birkaci-ile-ayni-gruptayiz\/","title":{"rendered":"Vincenzo Montella: Avrupa&#8217;n\u0131n en iyi tak\u0131mlar\u0131ndan birka\u00e7\u0131 ile ayn\u0131 gruptay\u0131z"},"content":{"rendered":"<p>A Milli Futbol Tak\u0131m\u0131&#8217;n\u0131n UEFA Uluslar A Ligi&#8217;ndeki rakipleri Fransa, \u0130talya ve Bel\u00e7ika oldu.<\/p>\n<p>A Milli Futbol Tak\u0131m\u0131 Teknik Direkt\u00f6r\u00fc Vincenzo Montella, UEFA Uluslar Ligi A Grubu&#8217;nda rakiplerin belli olmas\u0131n\u0131n ard\u0131ndan de\u011ferlendirmelerde bulundu.<\/p>\n<p><strong>&#8220;\u0130LG\u0130N\u00c7 B\u0130R GRUP&#8221;<\/strong><\/p>\n<p>Montella, grubun zorluk derecesine dikkat \u00e7ekerek, <em><b>&#8220;\u0130lgin\u00e7 bir grup. Avrupa&#8217;n\u0131n en iyi tak\u0131mlar\u0131ndan birka\u00e7\u0131 ile ayn\u0131 gruptay\u0131z, onlara kar\u015f\u0131 oynamak \u00f6nemli. Bu seviyede olmam\u0131z bizler i\u00e7in \u00f6nem ta\u015f\u0131yor&#8221;<\/b><\/em> ifadelerini kulland\u0131.<\/p>\n<p><img decoding=\"async\" src=\"https:\/\/bihavadis.com\/wp-content\/uploads\/2026\/02\/vincenzo-montella-avrupanin-en-iyi-takimlarindan-birkaci-ile-ayni-gruptayiz-0-ZduK7JVN.jpg\"\/><\/p>\n<p><strong>&#8220;ALTTAN GELEREK BURAYA ULA\u015eTIK&#8221;<\/strong><\/p>\n<p>Son iki y\u0131lda tak\u0131m\u0131n ciddi bir geli\u015fim g\u00f6sterdi\u011fini vurgulayan \u0130talyan teknik adam, <em><b>&#8220;Son 2 y\u0131lda \u00f6nemli bir at\u0131l\u0131m yapt\u0131k. Alttan gelerek buraya ula\u015ft\u0131k&#8221;<\/b><\/em> dedi.<\/p>\n<p><img decoding=\"async\" src=\"https:\/\/bihavadis.com\/wp-content\/uploads\/2026\/02\/vincenzo-montella-avrupanin-en-iyi-takimlarindan-birkaci-ile-ayni-gruptayiz-1-tYNujcYu.jpg\"\/><\/p>\n<p><strong>&#8220;\u015eU ANK\u0130 ODA\u011eIMIZ MART AYINDAK\u0130 MA\u00c7LARIMIZ&#8221;<\/strong><\/p>\n<p>Montella, k\u0131sa vadeli hedefe de i\u015faret ederek, <em><b>&#8220;\u015eu anki oda\u011f\u0131m\u0131z Mart ay\u0131ndaki ma\u00e7lar\u0131m\u0131z&#8221; <\/b><\/em>s\u00f6zleriyle konsantrasyonun tamamen yakla\u015fan kar\u015f\u0131la\u015fmalarda oldu\u011funu belirtti.<\/p>\n","protected":false},"excerpt":{"rendered":"<p>A Milli Futbol Tak\u0131m\u0131 Teknik Direkt\u00f6r\u00fc Vincenzo Montella, &#8220;\u0130lgin\u00e7 bir grup. Avrupa&#8217;n\u0131n en iyi tak\u0131mlar\u0131ndan birka\u00e7\u0131 ile ayn\u0131 gruptay\u0131z, onlara kar\u015f\u0131 oynamak \u00f6nemli&#8221; dedi.<\/p>\n","protected":false},"author":1,"featured_media":39394,"comment_status":"open","ping_status":"open","sticky":false,"template":"","format":"standard","meta":{"footnotes":""},"categories":[14],"tags":[],"class_list":["post-39393","post","type-post","status-publish","format-standard","has-post-thumbnail","hentry","category-spor"],"_links":{"self":[{"href":"https:\/\/bihavadis.com\/index.php\/wp-json\/wp\/v2\/posts\/39393","targetHints":{"allow":["GET"]}}],"collection":[{"href":"https:\/\/bihavadis.com\/index.php\/wp-json\/wp\/v2\/posts"}],"about":[{"href":"https:\/\/bihavadis.com\/index.php\/wp-json\/wp\/v2\/types\/post"}],"author":[{"embeddable":true,"href":"https:\/\/bihavadis.com\/index.php\/wp-json\/wp\/v2\/users\/1"}],"replies":[{"embeddable":true,"href":"https:\/\/bihavadis.com\/index.php\/wp-json\/wp\/v2\/comments?post=39393"}],"version-history":[{"count":1,"href":"https:\/\/bihavadis.com\/index.php\/wp-json\/wp\/v2\/posts\/39393\/revisions"}],"predecessor-version":[{"id":39397,"href":"https:\/\/bihavadis.com\/index.php\/wp-json\/wp\/v2\/posts\/39393\/revisions\/39397"}],"wp:featuredmedia":[{"embeddable":true,"href":"https:\/\/bihavadis.com\/index.php\/wp-json\/wp\/v2\/media\/39394"}],"wp:attachment":[{"href":"https:\/\/bihavadis.com\/index.php\/wp-json\/wp\/v2\/media?parent=39393"}],"wp:term":[{"taxonomy":"category","embeddable":true,"href":"https:\/\/bihavadis.com\/index.php\/wp-json\/wp\/v2\/categories?post=39393"},{"taxonomy":"post_tag","embeddable":true,"href":"https:\/\/bihavadis.com\/index.php\/wp-json\/wp\/v2\/tags?post=39393"}],"curies":[{"name":"wp","href":"https:\/\/api.w.org\/{rel}","templated":true}]}}