{"id":39465,"date":"2026-02-21T06:48:08","date_gmt":"2026-02-21T06:48:08","guid":{"rendered":"https:\/\/bihavadis.com\/?p=39465"},"modified":"2026-02-21T06:48:08","modified_gmt":"2026-02-21T06:48:08","slug":"ingilterede-epstein-krizi-kabine-sekreteri-istifa-etti","status":"publish","type":"post","link":"https:\/\/bihavadis.com\/index.php\/2026\/02\/21\/ingilterede-epstein-krizi-kabine-sekreteri-istifa-etti\/","title":{"rendered":"\u0130ngiltere&#8217;de Epstein krizi: Kabine Sekreteri istifa etti"},"content":{"rendered":"<p>\u0130ngiltere\u2019de Ba\u015fbakan Keir Starmer\u2019\u0131n, cinsel istismar \u015febekesi kurma su\u00e7lar\u0131yla tutuklu yarg\u0131lan\u0131rken hapishanede \u00f6l\u00fc bulunan ABD\u2019li milyarder Jeffrey Epstein ile yak\u0131n ili\u015fkileri bulunan Peter Mandelson\u2019\u0131 2024\u2019te ABD B\u00fcy\u00fckel\u00e7isi olarak atamas\u0131na ili\u015fkin siyasi kriz b\u00fcy\u00fcyor.<\/p>\n<p>ABD Adalet Bakanl\u0131\u011f\u0131\u2019n\u0131n Epstein belgelerinde Mandelson ile ba\u011flant\u0131lar\u0131na y\u00f6nelik geli\u015fmelerin ard\u0131ndan istifa eden Starmer\u2019\u0131n \u00f6zel kalem m\u00fcd\u00fcr\u00fc Morgan McSweeney\u2019den sonra bir \u00fcst d\u00fczey yetkili daha g\u00f6revinden ayr\u0131ld\u0131.<\/p>\n<p><strong>KAB\u0130NE SEKRETER\u0130 \u0130ST\u0130FA ETT\u0130<\/strong><\/p>\n<p>Kamu hizmeti y\u00f6netiminden sorumlu Kabine Sekreteri Chris Wormald, Starmer ile g\u00f6revinden ayr\u0131lmas\u0131 konusunda mutab\u0131k kald\u0131\u011f\u0131n\u0131 a\u00e7\u0131klayarak, <em><b>&#8220;Son 35 y\u0131ld\u0131r devlet memuru olarak hizmet etmek benim i\u00e7in bir onur ve ayr\u0131cal\u0131kt\u0131. Kabine Sekreteri olarak kamu hizmetine liderlik etmek de ayr\u0131 bir onurdu&#8221; <\/b><\/em>dedi.<\/p>\n<p><strong>STARMER&#8217;DAN TE\u015eEKK\u00dcR<\/strong><\/p>\n<p>Ba\u015fbakan Starmer, Wormald\u2019a te\u015fekk\u00fcrlerini ileterek, <em><b>&#8220;35 y\u0131l\u0131 a\u015fk\u0131n s\u00fcredir devam eden uzun ve se\u00e7kin kamu hizmeti kariyeri ile ge\u00e7ti\u011fimiz y\u0131l boyunca bana verdi\u011fi destek i\u00e7in \u00e7ok minnettar\u0131m. Bug\u00fcn Kabine Sekreterli\u011fi g\u00f6revinden ayr\u0131lmas\u0131 konusunda kendisiyle anla\u015ft\u0131m. Gelecek i\u00e7in kendisine en iyi dileklerimi sunuyorum&#8221; <\/b><\/em>ifadelerini kulland\u0131.<\/p>\n<p><img decoding=\"async\" src=\"https:\/\/bihavadis.com\/wp-content\/uploads\/2026\/02\/ingilterede-epstein-krizi-kabine-sekreteri-istifa-etti-0-dJNPs3D1.jpg\"\/><\/p>\n<p>Kabine Sekreteri\u2019nin g\u00f6revleri, koltu\u011fa k\u0131sa s\u00fcre i\u00e7inde yeni bir atama yap\u0131lana kadar Kabine Ofisi Daimi Sekreteri Catherine Little, \u0130\u00e7i\u015fleri Bakanl\u0131\u011f\u0131 Daimi Sekreteri Dame Antonia Romeo ve Hazine Bakanl\u0131\u011f\u0131 Daimi Sekreteri James Bowler payla\u015f\u0131lacak.<\/p>\n<p>Wormald, \u0130ngiltere\u2019deki en k\u0131demli devlet memuru pozisyonu olarak nitelendirilen g\u00f6reve Aral\u0131k 2024 tarihinde gelmi\u015fti.<\/p>\n<p><strong>BA\u015eBAKAN&#8217;IN \u00d6ZEL KALEM M\u00dcD\u00dcR\u00dc DE \u0130ST\u0130FA ETM\u0130\u015eT\u0130<\/strong><\/p>\n<p>Ge\u00e7ti\u011fimiz g\u00fcnlerde Starmer&#8217;\u0131n \u00f6zel kalem m\u00fcd\u00fcr\u00fc Morgan McSweeney, Mandelson\u2019\u0131n \u0130ngiltere\u2019nin ABD B\u00fcy\u00fckel\u00e7isi olarak atanmas\u0131nda ald\u0131\u011f\u0131 rol nedeniyle g\u00f6revinden istifa etti\u011fini a\u00e7\u0131klam\u0131\u015ft\u0131. McSweeney, Epstein ile olan ili\u015fkisi o d\u00f6nemde kamuoyunca biliniyor olmas\u0131na ra\u011fmen, Mandelson\u2019\u0131n s\u00f6z konusu g\u00f6reve getirilmesi i\u00e7in bask\u0131 yapt\u0131\u011f\u0131 gerek\u00e7esiyle ele\u015ftirilerin hedefi olmu\u015ftu. McSweeney, atama s\u00fcrecindeki g\u00fcvenlik incelemesini kendisinin y\u00fcr\u00fctmedi\u011fini ancak ba\u015fbakana bu atamay\u0131 \u00f6nermenin &#8220;t\u00fcm sorumlulu\u011funu&#8221; \u00fcstlenmek istedi\u011fini s\u00f6ylemi\u015fti.<\/p>\n<p><strong>MANDELSON&#8217;IN EPSTEIN \u0130LE YAZI\u015eMALARI \u00c7IKMI\u015eTI<\/strong><\/p>\n<p>\u0130ngiliz siyasetinin kilit isimlerinden Mandelson&#8217;\u0131n Epstein belgeleri ile yeni if\u015fa olan yaz\u0131\u015fmalar\u0131nda devlete ait \u00e7ok say\u0131da bilgi s\u0131zd\u0131rd\u0131\u011f\u0131 ortaya \u00e7\u0131km\u0131\u015ft\u0131.<\/p>\n<p>Mandelson&#8217;\u0131n 2009&#8217;da Gordon Brown h\u00fck\u00fcmetinde \u0130\u015f ve Ticaret Bakan\u0131 olarak g\u00f6rev yapt\u0131\u011f\u0131 s\u0131rada Epstein&#8217;e JP Morgan bankas\u0131n\u0131n patronunun \u0130ngiltere Maliye Bakan\u0131&#8217;n\u0131 bankac\u0131 primlerine y\u00f6nelik vergi planlar\u0131 nedeniyle<em><b> &#8220;hafif\u00e7e tehdit etmesi&#8221; <\/b><\/em>gerekti\u011fini s\u00f6yledi\u011fi, AB&#8217;nin euro b\u00f6lgesindeki bor\u00e7 krizi s\u0131ras\u0131nda haz\u0131rlad\u0131\u011f\u0131 500 milyar euroluk bir kurtarma paketini Epstein&#8217;e \u00f6nceden haber verdi\u011fi, Epstein&#8217;in 2003 ve 2004 senelerinde her biri 25 bin dolar olmak \u00fczere Lord Mandelson&#8217;a toplam 75 bin dolar para g\u00f6nderdi\u011fi ve Epstein&#8217;in Lord Mandelson&#8217;\u0131n partneri Reinaldo Avila da Silva&#8217;ya 10 bin sterlin para g\u00f6nderdi\u011fi ortaya \u00e7\u0131km\u0131\u015ft\u0131.<\/p>\n","protected":false},"excerpt":{"rendered":"<p>Epstein dosyalar\u0131n\u0131n sarst\u0131\u011f\u0131 \u0130ngiltere&#8217;de bir istifa daha geldi.. Kamu hizmeti y\u00f6netiminden sorumlu Kabine Sekreteri Chris Wormald g\u00f6revini b\u0131rakt\u0131\u011f\u0131n\u0131 duyurdu.<\/p>\n","protected":false},"author":1,"featured_media":39466,"comment_status":"open","ping_status":"open","sticky":false,"template":"","format":"standard","meta":{"footnotes":""},"categories":[6],"tags":[2183,1159,3963,5556,1909],"class_list":["post-39465","post","type-post","status-publish","format-standard","has-post-thumbnail","hentry","category-dunya","tag-epstein","tag-gorev","tag-mandelson","tag-sekreteri","tag-starmer"],"_links":{"self":[{"href":"https:\/\/bihavadis.com\/index.php\/wp-json\/wp\/v2\/posts\/39465","targetHints":{"allow":["GET"]}}],"collection":[{"href":"https:\/\/bihavadis.com\/index.php\/wp-json\/wp\/v2\/posts"}],"about":[{"href":"https:\/\/bihavadis.com\/index.php\/wp-json\/wp\/v2\/types\/post"}],"author":[{"embeddable":true,"href":"https:\/\/bihavadis.com\/index.php\/wp-json\/wp\/v2\/users\/1"}],"replies":[{"embeddable":true,"href":"https:\/\/bihavadis.com\/index.php\/wp-json\/wp\/v2\/comments?post=39465"}],"version-history":[{"count":1,"href":"https:\/\/bihavadis.com\/index.php\/wp-json\/wp\/v2\/posts\/39465\/revisions"}],"predecessor-version":[{"id":39468,"href":"https:\/\/bihavadis.com\/index.php\/wp-json\/wp\/v2\/posts\/39465\/revisions\/39468"}],"wp:featuredmedia":[{"embeddable":true,"href":"https:\/\/bihavadis.com\/index.php\/wp-json\/wp\/v2\/media\/39466"}],"wp:attachment":[{"href":"https:\/\/bihavadis.com\/index.php\/wp-json\/wp\/v2\/media?parent=39465"}],"wp:term":[{"taxonomy":"category","embeddable":true,"href":"https:\/\/bihavadis.com\/index.php\/wp-json\/wp\/v2\/categories?post=39465"},{"taxonomy":"post_tag","embeddable":true,"href":"https:\/\/bihavadis.com\/index.php\/wp-json\/wp\/v2\/tags?post=39465"}],"curies":[{"name":"wp","href":"https:\/\/api.w.org\/{rel}","templated":true}]}}