{"id":39499,"date":"2026-02-21T07:18:05","date_gmt":"2026-02-21T07:18:05","guid":{"rendered":"https:\/\/bihavadis.com\/?p=39499"},"modified":"2026-02-21T07:18:05","modified_gmt":"2026-02-21T07:18:05","slug":"vodafone-tedarikci-zirvesi-istanbulda-yapildi","status":"publish","type":"post","link":"https:\/\/bihavadis.com\/index.php\/2026\/02\/21\/vodafone-tedarikci-zirvesi-istanbulda-yapildi\/","title":{"rendered":"Vodafone Tedarik\u00e7i Zirvesi \u0130stanbul&#8217;da Yap\u0131ld\u0131"},"content":{"rendered":"<p> Vodafone T\u00fcrkiye&#8217;nin geleneksel tedarik\u00e7i bulu\u015fmas\u0131 \u0130stanbul&#8217;da ger\u00e7ekle\u015ftirildi. Yakla\u015f\u0131k 500 tedarik\u00e7i firman\u0131n y\u00f6neticilerinin kat\u0131ld\u0131\u011f\u0131 &#8216;Vodafone T\u00fcrkiye Tedarik\u00e7i Zirvesi 2026&#8217;da \u015firketin son 20 y\u0131lda etti\u011fi ba\u015far\u0131lar\u0131n yan\u0131 s\u0131ra gelece\u011fe y\u00f6nelik hedef ve stratejileri de payla\u015f\u0131ld\u0131.<\/p>\n<p>T\u00fcrkiye&#8217;nin dijitalle\u015fmesine liderlik etme vizyonuyla faaliyet g\u00f6steren Vodafone, T\u00fcrkiye&#8217;nin d\u00f6rt bir yan\u0131ndan tedarik\u00e7ilerini bir kez daha \u0130stanbul&#8217;da bulu\u015fturdu. Vodafone Tedarik Zinciri Y\u00f6netimi ekibi taraf\u0131ndan d\u00fczenlenen etkinli\u011fe teknoloji, yaz\u0131l\u0131m, telekom\u00fcnikasyon, \u00fcretim ve hizmet sekt\u00f6rlerinden, farkl\u0131 b\u00fcy\u00fckl\u00fcklerde yakla\u015f\u0131k 500 tedarik\u00e7i firman\u0131n y\u00f6neticileri kat\u0131ld\u0131. &#8220;Gelece\u011fe birlikte ba\u011fl\u0131y\u0131z.&#8221; mesaj\u0131n\u0131n verildi\u011fi toplant\u0131da, Vodafone&#8217;un T\u00fcrkiye&#8217;deki 20 y\u0131ll\u0131k yolculu\u011funun yan\u0131 s\u0131ra gelece\u011fe y\u00f6nelik hedef ve stratejileri de payla\u015f\u0131ld\u0131. Etkinlik kapsam\u0131nda d\u00fczenlenen panel ve sunumlarda 5G haz\u0131rl\u0131klar\u0131, s\u00fcrd\u00fcr\u00fclebilirlik, i\u015f sa\u011fl\u0131\u011f\u0131 ve g\u00fcvenli\u011fi, yerli ve milli tedarik\u00e7i ekosistemine y\u00f6nelik yat\u0131r\u0131mlar gibi konular ele al\u0131nd\u0131.<\/p>\n<p>Ger\u00e7ekle\u015fen zirvede, \u015firket stratejik \u00f6nceliklerini aktaran konu\u015fmas\u0131nda Vodafone T\u00fcrkiye CEO&#8217;su Engin Aksoy, \u015funlar\u0131 s\u00f6yledi: <\/p>\n<p>&#8220;Vodafone Grubu olarak, Avrupa ve Afrika&#8217;n\u0131n en b\u00fcy\u00fck telekom ve teknoloji \u015firketlerinden biriyiz. Toplamda 60 \u00fclkenin 15&#8217;inde kendi markam\u0131zla faaliyet g\u00f6steriyor, 330 milyondan fazla bireysel m\u00fc\u015fteriye ve 4,7 milyon i\u015fletmeye hizmet sunuyor, d\u00fcnya genelinde 220 milyondan fazla cihaz\u0131 birbirine ba\u011fl\u0131yoruz. \u00dclkemizde ise Cumhuriyet tarihinin en b\u00fcy\u00fck iki uluslararas\u0131 do\u011frudan yat\u0131r\u0131mc\u0131lar\u0131ndan biriyiz. 20 y\u0131lda yapt\u0131\u011f\u0131m\u0131z toplam yat\u0131r\u0131m\u0131n reel de\u011feri 480 milyar TL&#8217;yi a\u015fm\u0131\u015f durumda. T\u00fcrkiye&#8217;de 50 milyar TL&#8217;lik sat\u0131n alma hacmine, bin 200&#8217;\u00fcn \u00fczerinde tedarik\u00e7i ve yakla\u015f\u0131k 6 bin sat\u0131\u015f noktas\u0131ndan olu\u015fan \u00e7ok b\u00fcy\u00fck bir ekosisteme sahibiz. Bu ekosistemle, yakla\u015f\u0131k 40 bin ki\u015filik do\u011frudan ve dolayl\u0131 istihdam olu\u015fturuyoruz. Tedarik\u00e7i y\u00f6netiminde birlikte \u00e7\u00f6z\u00fcm geli\u015ftirmeyi esas alan stratejik ortakl\u0131klar kurmaya \u00f6nem veriyoruz. Sadece fiyat oda\u011f\u0131yla bakmayarak, kurumsal hassasiyetlerimiz konusunda bizimle paralel d\u00fc\u015f\u00fcnen ve hareket eden firmalarla \u00e7ok daha fazla i\u015fbirli\u011fi yapt\u0131\u011f\u0131m\u0131z bir \u00e7al\u0131\u015fma bi\u00e7imine ge\u00e7tik. Kendini geli\u015ftirmeye devam eden, k\u0131sa vadeli getiri yerine uzun vadeli s\u00fcrd\u00fcr\u00fclebilir de\u011fer olu\u015fturmaya odaklanan ve kalite, h\u0131z ve dijital yetkinlikler anlam\u0131nda fark olu\u015fturan tedarik\u00e7ilerimiz i\u00e7in hem T\u00fcrkiye&#8217;de hem de global pazarlarda b\u00fcy\u00fcme f\u0131rsatlar\u0131 sunmaya odaklan\u0131yoruz. \u00d6n\u00fcm\u00fczdeki d\u00f6nemde de tedarik\u00e7ilerimizle birlikte \u00fcretecek, T\u00fcrkiye&#8217;de kazand\u0131klar\u0131m\u0131z\u0131 yine T\u00fcrkiye i\u00e7in de\u011fere d\u00f6n\u00fc\u015ft\u00fcrece\u011fiz.&#8221;<\/p>\n<p>Vodafone T\u00fcrkiye \u0130cra Kurulu Ba\u015fkan Yard\u0131mc\u0131s\u0131 Hana Jalel ise \u015f\u00f6yle konu\u015ftu: <\/p>\n<p>&#8220;\u015eirket olarak uzun y\u0131llard\u0131r hedefimiz sekt\u00f6rde gelir baz\u0131nda en h\u0131zl\u0131 b\u00fcy\u00fcyen operat\u00f6r olmak. Son 2,5 y\u0131ld\u0131r bu hedefi istikral\u0131 bir \u015fekilde ger\u00e7ekle\u015ftiriyoruz. T\u00fcrkiye&#8217;de ba\u015fard\u0131klar\u0131m\u0131zla Vodafone Grubu&#8217;nun global finansal tablolar\u0131nda da \u00f6nemli bir yere sahibiz. 2025-26 mali y\u0131l\u0131m\u0131z da bu a\u00e7\u0131dan ba\u015far\u0131l\u0131 ge\u00e7iyor. Nisan-Eyl\u00fcl 2025 d\u00f6nemini kapsayan mali y\u0131l sonu\u00e7lar\u0131m\u0131za g\u00f6re, \u015firketimizin servis gelirleri 64,8 milyar TL olarak ger\u00e7ekle\u015fti. Faiz, Amortisman ve Vergi \u00d6ncesi Kar\u0131m\u0131z 23,7 milyar TL oldu. Bu sonu\u00e7larla, gelir baz\u0131nda en h\u0131zl\u0131 b\u00fcy\u00fcyen operat\u00f6r olma hedefini mali y\u0131l\u0131m\u0131z\u0131n ilk yar\u0131s\u0131 itibar\u0131yla da ger\u00e7ekle\u015ftirmi\u015f olduk. Bu yolculukta bizimle birlikte olan tedarik\u00e7ilerimize te\u015fekk\u00fcr ediyoruz.&#8221;<\/p>\n<p>Vodafone tedarik\u00e7i y\u00f6netiminde global f\u0131rsat ve standartlarla de\u011fer \u00fcretiyor<\/p>\n<p>Yap\u0131lan a\u00e7\u0131klamaya g\u00f6re, k\u00fcresel \u00f6l\u00e7ekte 26 milyar euronun \u00fczerinde bir sat\u0131n alma g\u00fcc\u00fcyle d\u00fcnyan\u0131n en b\u00fcy\u00fck tedarik organizasyonlar\u0131ndan biri haline gelen \u015firket, \u00f6l\u00e7ek ekonomisi olu\u015fturmas\u0131n\u0131n \u00f6tesinde; tedarik\u00e7ileri i\u00e7in farkl\u0131 \u00fclkelere a\u00e7\u0131lma ve ihracat f\u0131rsatlar\u0131 sunuyor. Tedarik\u00e7i y\u00f6netiminde uluslararas\u0131 en iyi uygulamalarla tam uyum sa\u011flayarak k\u00fcresel standartlarda bir \u00e7al\u0131\u015fma modeli benimseyen \u015firket, \u0130\u015f Sa\u011fl\u0131\u011f\u0131 ve G\u00fcvenli\u011fi (ISG) gerekliliklerini t\u00fcm tedarik\u00e7i ekosistemine entegre ederken, siber g\u00fcvenlik ve veri koruma alanlar\u0131nda en y\u00fcksek seviye kontrollerle tedarik zinciri g\u00fcvenilirli\u011fini g\u00fc\u00e7lendiriyor. \u015eirket ayr\u0131ca kapsay\u0131c\u0131l\u0131k ve \u00e7e\u015fitlilik prensiplerini tedarik\u00e7i se\u00e7im ve de\u011ferlendirme s\u00fcre\u00e7lerinin temel bile\u015fenlerinden biri haline getirmi\u015f durumda. \u00c7evresel etki azalt\u0131m\u0131 ve gezegenin korunmas\u0131na y\u00f6nelik s\u00fcrd\u00fcr\u00fclebilirlik kriterleri do\u011frultusunda \u00e7al\u0131\u015fan \u015firket, t\u00fcm tedarik\u00e7ileriyle birlikte \u00e7evresel sorumlulu\u011fu esas alan, uzun vadeli ve s\u00fcrd\u00fcr\u00fclebilir bir de\u011fer zinciri olu\u015fturmay\u0131 hedefliyor. &#8211; \u0130STANBUL<\/p>\n","protected":false},"excerpt":{"rendered":"<p>Vodafone T\u00fcrkiye, 500 tedarik\u00e7i ile gelece\u011fe y\u00f6nelik stratejilerini payla\u015ft\u0131.<\/p>\n","protected":false},"author":1,"featured_media":39500,"comment_status":"open","ping_status":"open","sticky":false,"template":"","format":"standard","meta":{"footnotes":""},"categories":[8],"tags":[661,922,3167,197,1646],"class_list":["post-39499","post","type-post","status-publish","format-standard","has-post-thumbnail","hentry","category-ekonomi","tag-hedef","tag-sirket","tag-tedarikci","tag-turkiye","tag-vodafone"],"_links":{"self":[{"href":"https:\/\/bihavadis.com\/index.php\/wp-json\/wp\/v2\/posts\/39499","targetHints":{"allow":["GET"]}}],"collection":[{"href":"https:\/\/bihavadis.com\/index.php\/wp-json\/wp\/v2\/posts"}],"about":[{"href":"https:\/\/bihavadis.com\/index.php\/wp-json\/wp\/v2\/types\/post"}],"author":[{"embeddable":true,"href":"https:\/\/bihavadis.com\/index.php\/wp-json\/wp\/v2\/users\/1"}],"replies":[{"embeddable":true,"href":"https:\/\/bihavadis.com\/index.php\/wp-json\/wp\/v2\/comments?post=39499"}],"version-history":[{"count":1,"href":"https:\/\/bihavadis.com\/index.php\/wp-json\/wp\/v2\/posts\/39499\/revisions"}],"predecessor-version":[{"id":39501,"href":"https:\/\/bihavadis.com\/index.php\/wp-json\/wp\/v2\/posts\/39499\/revisions\/39501"}],"wp:featuredmedia":[{"embeddable":true,"href":"https:\/\/bihavadis.com\/index.php\/wp-json\/wp\/v2\/media\/39500"}],"wp:attachment":[{"href":"https:\/\/bihavadis.com\/index.php\/wp-json\/wp\/v2\/media?parent=39499"}],"wp:term":[{"taxonomy":"category","embeddable":true,"href":"https:\/\/bihavadis.com\/index.php\/wp-json\/wp\/v2\/categories?post=39499"},{"taxonomy":"post_tag","embeddable":true,"href":"https:\/\/bihavadis.com\/index.php\/wp-json\/wp\/v2\/tags?post=39499"}],"curies":[{"name":"wp","href":"https:\/\/api.w.org\/{rel}","templated":true}]}}