{"id":39502,"date":"2026-02-21T07:21:05","date_gmt":"2026-02-21T07:21:05","guid":{"rendered":"https:\/\/bihavadis.com\/?p=39502"},"modified":"2026-02-21T07:21:05","modified_gmt":"2026-02-21T07:21:05","slug":"niluferde-dayanisma-paylasarak-artiyor","status":"publish","type":"post","link":"https:\/\/bihavadis.com\/index.php\/2026\/02\/21\/niluferde-dayanisma-paylasarak-artiyor\/","title":{"rendered":"Nil\u00fcfer&#8217;de dayan\u0131\u015fma payla\u015farak art\u0131yor"},"content":{"rendered":"<p><b>Nil\u00fcfer Belediyesi, Ramazan ay\u0131n\u0131n dayan\u0131\u015fma ve birliktelik ruhunu bu y\u0131l da ya\u015fat\u0131yor. Bu kapsamda, 64 mahallede tespit edilen ihtiya\u00e7 sahiplerine erzak kolisi da\u011f\u0131t\u0131m\u0131na ba\u015fland\u0131. Ramazan ay\u0131 boyunca ihtiya\u00e7 sahipleri ve \u00f6\u011frencilere iftar yeme\u011fi de sunulacak.<\/b><\/p>\n<p>Sosyal belediyecilik anlay\u0131\u015f\u0131yla \u00e7al\u0131\u015fmalar\u0131n\u0131 s\u00fcrd\u00fcren Nil\u00fcfer Belediyesi, bu Ramazan ay\u0131nda da ihtiya\u00e7 sahibi vatanda\u015flar\u0131 yaln\u0131z b\u0131rakm\u0131yor. Nil\u00fcfer Belediyesi, gerek verdi\u011fi iftarlarla gerekse de erzak kolisi destekleriyle Ramazan ay\u0131nda da dayan\u0131\u015fmay\u0131 b\u00fcy\u00fct\u00fcyor.<\/p>\n<p>Nil\u00fcfer Belediyesi, Ramazan ay\u0131 destekleri kapsam\u0131nda bu ay da ihtiya\u00e7 sahibi ailelere erzak kolisi deste\u011fi sa\u011fl\u0131yor. Belediyeye ba\u015fvuran veya muhtarl\u0131klar arac\u0131l\u0131\u011f\u0131yla tespit edilen ailelere y\u00f6nelik erzak kolisi da\u011f\u0131t\u0131m\u0131 ba\u015flad\u0131.<br \/>Erzak kolilerinde temel g\u0131da ihtiya\u00e7lar\u0131n\u0131n yan\u0131 s\u0131ra Nil\u00fcfer Tar\u0131msal Kalk\u0131nma Kooperatifi (N\u0130LKOOP) arac\u0131l\u0131\u011f\u0131yla yerel \u00fcreticiden al\u0131nan \u00fcr\u00fcnler de yer al\u0131yor. Haz\u0131rlanan paketlerde toz \u015feker, \u00e7ay, zeytin, ay\u00e7i\u00e7e\u011fi ya\u011f\u0131, domates sal\u00e7as\u0131, tarhana, eri\u015fte, tuz, bu\u011fday unu, fasulye, k\u0131rm\u0131z\u0131 mercimek, bulgur, osmanc\u0131k pirinci, ye\u015fil mercimek ve nohut bulunuyor.<br \/>\u0130FTAR YEME\u011e\u0130 DA\u011eITILACAK<\/p>\n<p>Nil\u00fcfer Belediyesi, erzak da\u011f\u0131t\u0131m\u0131n\u0131n yan\u0131 s\u0131ra iftar yeme\u011fi de da\u011f\u0131tacak. Hac\u0131 Remziye Bakg\u00f6r A\u015fevi\u2019nde haz\u0131rlanan g\u00fcnl\u00fck 400 ki\u015filik iftar yeme\u011fi, ihtiya\u00e7 sahibi ailelere sunulacak. Koza K\u00fct\u00fcphane Nilbel Kafe\u2019de de Tophane Rotary Kul\u00fcb\u00fc i\u015f birli\u011fiyle her g\u00fcn 500 \u00f6\u011frenciye iftar yeme\u011fi ikram\u0131 ger\u00e7ekle\u015ftirilecek.<\/p>\n<p>N\u0130L\u00dcFER\u2019DE K\u0130MSE KEND\u0130S\u0130N\u0130 YALNIZ H\u0130SSETM\u0130YOR<\/p>\n<p>Nil\u00fcfer Belediye Ba\u015fkan\u0131 \u015eadi \u00d6zdemir, Ramazan ay\u0131n\u0131n ayn\u0131 zamanda payla\u015fman\u0131n ve dayan\u0131\u015fman\u0131n artt\u0131\u011f\u0131 bir d\u00f6nem oldu\u011funu s\u00f6yledi. Nil\u00fcfer\u2019de kimsenin kendisini yaln\u0131z hissetmemesi i\u00e7in \u00e7al\u0131\u015ft\u0131klar\u0131n\u0131 belirten Ba\u015fkan \u015eadi \u00d6zdemir, \u201cPayla\u015ft\u0131k\u00e7a \u00e7o\u011falan bereketin huzurunu birlikte ya\u015f\u0131yoruz\u201d dedi.<\/p>\n<p>\u00a0<\/p>\n<p>\u00a0<\/p>\n<p>Kaynak: (BYZHA) Beyaz Haber Ajans\u0131<\/p>\n","protected":false},"excerpt":{"rendered":"<p>Nil\u00fcfer Belediyesi, Ramazan ay\u0131n\u0131n dayan\u0131\u015fma ve birliktelik ruhunu bu y\u0131l da ya\u015fat\u0131yor. Bu kapsamda, 64 mahallede tespit edilen ihtiya\u00e7 sahiplerine erzak kolisi da\u011f\u0131t\u0131m\u0131na ba\u015fland\u0131. Ramazan ay\u0131 boyunca ihtiya\u00e7 sahipleri ve \u00f6\u011frencilere iftar yeme\u011fi de sunulacak.<\/p>\n","protected":false},"author":1,"featured_media":39503,"comment_status":"open","ping_status":"open","sticky":false,"template":"","format":"standard","meta":{"footnotes":""},"categories":[4],"tags":[5558,5559,1134,2421,1704],"class_list":["post-39502","post","type-post","status-publish","format-standard","has-post-thumbnail","hentry","category-gundem","tag-erzak","tag-iftar-yemegi","tag-ihtiyac","tag-nilufer-belediye","tag-ramazan-ayi"],"_links":{"self":[{"href":"https:\/\/bihavadis.com\/index.php\/wp-json\/wp\/v2\/posts\/39502","targetHints":{"allow":["GET"]}}],"collection":[{"href":"https:\/\/bihavadis.com\/index.php\/wp-json\/wp\/v2\/posts"}],"about":[{"href":"https:\/\/bihavadis.com\/index.php\/wp-json\/wp\/v2\/types\/post"}],"author":[{"embeddable":true,"href":"https:\/\/bihavadis.com\/index.php\/wp-json\/wp\/v2\/users\/1"}],"replies":[{"embeddable":true,"href":"https:\/\/bihavadis.com\/index.php\/wp-json\/wp\/v2\/comments?post=39502"}],"version-history":[{"count":1,"href":"https:\/\/bihavadis.com\/index.php\/wp-json\/wp\/v2\/posts\/39502\/revisions"}],"predecessor-version":[{"id":39504,"href":"https:\/\/bihavadis.com\/index.php\/wp-json\/wp\/v2\/posts\/39502\/revisions\/39504"}],"wp:featuredmedia":[{"embeddable":true,"href":"https:\/\/bihavadis.com\/index.php\/wp-json\/wp\/v2\/media\/39503"}],"wp:attachment":[{"href":"https:\/\/bihavadis.com\/index.php\/wp-json\/wp\/v2\/media?parent=39502"}],"wp:term":[{"taxonomy":"category","embeddable":true,"href":"https:\/\/bihavadis.com\/index.php\/wp-json\/wp\/v2\/categories?post=39502"},{"taxonomy":"post_tag","embeddable":true,"href":"https:\/\/bihavadis.com\/index.php\/wp-json\/wp\/v2\/tags?post=39502"}],"curies":[{"name":"wp","href":"https:\/\/api.w.org\/{rel}","templated":true}]}}