{"id":39515,"date":"2026-02-21T07:33:05","date_gmt":"2026-02-21T07:33:05","guid":{"rendered":"https:\/\/bihavadis.com\/?p=39515"},"modified":"2026-02-21T07:33:05","modified_gmt":"2026-02-21T07:33:05","slug":"real-madridde-mobbinge-ugradigi-iddialarina-arda-gulerden-yanit-geldi","status":"publish","type":"post","link":"https:\/\/bihavadis.com\/index.php\/2026\/02\/21\/real-madridde-mobbinge-ugradigi-iddialarina-arda-gulerden-yanit-geldi\/","title":{"rendered":"Real Madrid\u2019de mobbinge u\u011frad\u0131\u011f\u0131 iddialar\u0131na Arda G\u00fcler&#8217;den yan\u0131t geldi"},"content":{"rendered":"<p>Milli futbolcumuz Arda G\u00fcler&#8217;in\u00a0Real Madrid&#8217;de mobbinge u\u011frad\u0131\u011f\u0131 iddialar\u0131\u00a0\u0130spanya medyas\u0131nda geni\u015f yer bulmu\u015ftu.<\/p>\n<p>20 ya\u015f\u0131ndaki y\u0131ld\u0131z, sosyal medya hesab\u0131ndan iddialara ili\u015fkin a\u00e7\u0131klama yapt\u0131.<\/p>\n<p><strong>&#8220;\u00dcZ\u00dcNT\u00dcYLE TAK\u0130P ETT\u0130M&#8221;<\/strong><\/p>\n<p>Arda, iddialar\u0131 \u015fu \u015fekilde yalanlad\u0131:<\/p>\n<p>Kariyerimin ba\u015flang\u0131c\u0131nda b\u00fcy\u00fck emekleri olan Say\u0131n Serhat Pekmezci hocam\u0131n g\u00fcndem olan a\u00e7\u0131klamalar\u0131n\u0131 ne yaz\u0131k ki \u00fcz\u00fcnt\u00fcyle takip ettim. \u0130lk g\u00fcn\u00fcmden itibaren bu kul\u00fcb\u00fcn par\u00e7as\u0131 olan herkes taraf\u0131ndan \u00e7ok iyi kar\u015f\u0131land\u0131m ve buray\u0131 hep bir aile olarak g\u00f6rd\u00fcm. Real Madrid oyuncusu oldu\u011fum i\u00e7in \u00e7ok gururluyum, uzun y\u0131llar bu formaya hizmet vermek istiyorum. \u00c7ok iyi bir tak\u0131m\u0131m\u0131z var ve hepsiyle ayn\u0131 tak\u0131m\u0131 payla\u015fmaktan memnuniyet duyuyorum. Bu konuda yaz\u0131lan, s\u00f6ylenen hi\u00e7bir \u015feye ald\u0131r\u0131\u015f etmemenizi rica ediyorum.<\/p>\n<p><strong>BU SEZON 35 MA\u00c7TA G\u00d6REV ALDI<\/strong><\/p>\n<p>Bir d\u00f6nem Fenerbah\u00e7e&#8217;de\u00a0scout \u015fefi olarak g\u00f6rev alan ve Arda G\u00fcler&#8217;in transferinde \u00f6nemli rol oynayan\u00a0Serhat Pekmezci, futbolcunun Real Madrid&#8217;de mobbinge maruz kald\u0131\u011f\u0131n\u0131 ifade etmi\u015fti.<\/p>\n<p>Real Madrid&#8217;de bu sezon 35 ma\u00e7ta g\u00f6rev alan Arda, 3 gol ile 12 asist \u00fcretti.<\/p>\n<p><img decoding=\"async\" src=\"https:\/\/bihavadis.com\/wp-content\/uploads\/2026\/02\/real-madridde-mobbinge-ugradigi-iddialarina-arda-gulerden-yanit-geldi-0-OqRF1Ixi.jpg\"\/><\/p>\n","protected":false},"excerpt":{"rendered":"<p>Real Madrid&#8217;de mobbinge u\u011frad\u0131\u011f\u0131 iddialar\u0131na yan\u0131t veren Arda G\u00fcler, kendisi hakk\u0131nda yap\u0131lan a\u00e7\u0131klamalar\u0131 \u00fcz\u00fcnt\u00fcyle takip etti\u011fini belirterek iddialar\u0131 yalanlad\u0131.<\/p>\n","protected":false},"author":1,"featured_media":39516,"comment_status":"open","ping_status":"open","sticky":false,"template":"","format":"standard","meta":{"footnotes":""},"categories":[14],"tags":[],"class_list":["post-39515","post","type-post","status-publish","format-standard","has-post-thumbnail","hentry","category-spor"],"_links":{"self":[{"href":"https:\/\/bihavadis.com\/index.php\/wp-json\/wp\/v2\/posts\/39515","targetHints":{"allow":["GET"]}}],"collection":[{"href":"https:\/\/bihavadis.com\/index.php\/wp-json\/wp\/v2\/posts"}],"about":[{"href":"https:\/\/bihavadis.com\/index.php\/wp-json\/wp\/v2\/types\/post"}],"author":[{"embeddable":true,"href":"https:\/\/bihavadis.com\/index.php\/wp-json\/wp\/v2\/users\/1"}],"replies":[{"embeddable":true,"href":"https:\/\/bihavadis.com\/index.php\/wp-json\/wp\/v2\/comments?post=39515"}],"version-history":[{"count":1,"href":"https:\/\/bihavadis.com\/index.php\/wp-json\/wp\/v2\/posts\/39515\/revisions"}],"predecessor-version":[{"id":39518,"href":"https:\/\/bihavadis.com\/index.php\/wp-json\/wp\/v2\/posts\/39515\/revisions\/39518"}],"wp:featuredmedia":[{"embeddable":true,"href":"https:\/\/bihavadis.com\/index.php\/wp-json\/wp\/v2\/media\/39516"}],"wp:attachment":[{"href":"https:\/\/bihavadis.com\/index.php\/wp-json\/wp\/v2\/media?parent=39515"}],"wp:term":[{"taxonomy":"category","embeddable":true,"href":"https:\/\/bihavadis.com\/index.php\/wp-json\/wp\/v2\/categories?post=39515"},{"taxonomy":"post_tag","embeddable":true,"href":"https:\/\/bihavadis.com\/index.php\/wp-json\/wp\/v2\/tags?post=39515"}],"curies":[{"name":"wp","href":"https:\/\/api.w.org\/{rel}","templated":true}]}}