{"id":39568,"date":"2026-02-21T08:15:06","date_gmt":"2026-02-21T08:15:06","guid":{"rendered":"https:\/\/bihavadis.com\/?p=39568"},"modified":"2026-02-21T08:15:06","modified_gmt":"2026-02-21T08:15:06","slug":"avrupalilarin-ucte-ikisi-tehdit-altinda-olduklarina-inaniyor","status":"publish","type":"post","link":"https:\/\/bihavadis.com\/index.php\/2026\/02\/21\/avrupalilarin-ucte-ikisi-tehdit-altinda-olduklarina-inaniyor\/","title":{"rendered":"Avrupal\u0131lar\u0131n \u00fc\u00e7te ikisi tehdit alt\u0131nda olduklar\u0131na inan\u0131yor"},"content":{"rendered":"<p>Avrupa Birli\u011fi Komisyonu&#8217;nun talebi \u00fczerine M\u00fcnih G\u00fcvenlik Konferans\u0131 \u00f6ncesinde Br\u00fcksel merkezli kamuoyu ara\u015ft\u0131rma \u015firketi Demoscopy taraf\u0131ndan yap\u0131lan ara\u015ft\u0131rmaya g\u00f6re AB \u00fclkelerinde kat\u0131l\u0131mc\u0131lar\u0131n y\u00fczde 68&#8217;i \u00fclkelerinin mevcut uluslararas\u0131 durumda tehdit alt\u0131nda oldu\u011funa inan\u0131yor.<\/p>\n<p>Kat\u0131l\u0131mc\u0131lar\u0131n y\u00fczde 42&#8217;si ki\u015fisel g\u00fcvenli\u011finin risk alt\u0131nda oldu\u011funu belirtirken \u00fclke baz\u0131nda tehdit alg\u0131s\u0131n\u0131n en y\u00fcksek oldu\u011fu \u00fclkeler y\u00fczde 80 ile Fransa, y\u00fczde 77 ile Hollanda ve Danimarka, y\u00fczde 75 ile Almanya olarak s\u0131ralan\u0131yor.<\/p>\n<p><strong>ALMANYA, FRANSA VE \u0130TALYA&#8217;DA G\u00dcVEN D\u00dc\u015e\u00dcK<\/strong><\/p>\n<p>Savunma yat\u0131r\u0131mlar\u0131yla ilgili kat\u0131l\u0131mc\u0131lar\u0131n y\u00fczde 32&#8217;si AB&#8217;nin, y\u00fczde 34&#8217;\u00fc ise kendi \u00fclkesinin yeterli ad\u0131m\u0131 atmad\u0131\u011f\u0131n\u0131 d\u00fc\u015f\u00fcn\u00fcyor.<\/p>\n<p>Buna kar\u015f\u0131n Avrupal\u0131lar\u0131n y\u00fczde 52&#8217;si AB&#8217;nin g\u00fcvenlik ve savunmay\u0131 g\u00fc\u00e7lendirme kapasitesine g\u00fcveniyor.<\/p>\n<p>Bu oran en b\u00fcy\u00fck \u00fc\u00e7 AB \u00fclkesi Almanya, Fransa ve \u0130talya&#8217;da ise d\u00fc\u015f\u00fck.<\/p>\n<p>Almanlar\u0131n ve \u0130talyanlar\u0131n y\u00fczde 47&#8217;si ile Frans\u0131zlar\u0131n y\u00fczde 40&#8217;\u0131 bu g\u00f6r\u00fc\u015fe kat\u0131lm\u0131yor.<\/p>\n<p>Flash Eurobarometer 574 ara\u015ft\u0131rmas\u0131 5-12 Ocak 2026 tarihlerinde AB&#8217;nin 27 \u00fcyesinde yakla\u015f\u0131k 27 bin ki\u015fiyle \u00e7evrim i\u00e7i g\u00f6r\u00fc\u015fme y\u00f6ntemiyle ger\u00e7ekle\u015ftirildi.<\/p>\n","protected":false},"excerpt":{"rendered":"<p>Avrupa Birli\u011fi Komisyonu&#8217;nun yapt\u0131rd\u0131\u011f\u0131 ankete g\u00f6re AB \u00fclkelerinde kat\u0131l\u0131mc\u0131lar\u0131n y\u00fczde 68&#8217;i \u00fclkelerinin tehdit alt\u0131nda oldu\u011funu, y\u00fczde 42&#8217;si ise ki\u015fisel g\u00fcvenli\u011finin risk alt\u0131nda oldu\u011funu d\u00fc\u015f\u00fcn\u00fcyor.<\/p>\n","protected":false},"author":1,"featured_media":39569,"comment_status":"open","ping_status":"open","sticky":false,"template":"","format":"standard","meta":{"footnotes":""},"categories":[6],"tags":[293,700],"class_list":["post-39568","post","type-post","status-publish","format-standard","has-post-thumbnail","hentry","category-dunya","tag-guven","tag-ulke"],"_links":{"self":[{"href":"https:\/\/bihavadis.com\/index.php\/wp-json\/wp\/v2\/posts\/39568","targetHints":{"allow":["GET"]}}],"collection":[{"href":"https:\/\/bihavadis.com\/index.php\/wp-json\/wp\/v2\/posts"}],"about":[{"href":"https:\/\/bihavadis.com\/index.php\/wp-json\/wp\/v2\/types\/post"}],"author":[{"embeddable":true,"href":"https:\/\/bihavadis.com\/index.php\/wp-json\/wp\/v2\/users\/1"}],"replies":[{"embeddable":true,"href":"https:\/\/bihavadis.com\/index.php\/wp-json\/wp\/v2\/comments?post=39568"}],"version-history":[{"count":1,"href":"https:\/\/bihavadis.com\/index.php\/wp-json\/wp\/v2\/posts\/39568\/revisions"}],"predecessor-version":[{"id":39570,"href":"https:\/\/bihavadis.com\/index.php\/wp-json\/wp\/v2\/posts\/39568\/revisions\/39570"}],"wp:featuredmedia":[{"embeddable":true,"href":"https:\/\/bihavadis.com\/index.php\/wp-json\/wp\/v2\/media\/39569"}],"wp:attachment":[{"href":"https:\/\/bihavadis.com\/index.php\/wp-json\/wp\/v2\/media?parent=39568"}],"wp:term":[{"taxonomy":"category","embeddable":true,"href":"https:\/\/bihavadis.com\/index.php\/wp-json\/wp\/v2\/categories?post=39568"},{"taxonomy":"post_tag","embeddable":true,"href":"https:\/\/bihavadis.com\/index.php\/wp-json\/wp\/v2\/tags?post=39568"}],"curies":[{"name":"wp","href":"https:\/\/api.w.org\/{rel}","templated":true}]}}