{"id":39714,"date":"2026-02-21T10:21:06","date_gmt":"2026-02-21T10:21:06","guid":{"rendered":"https:\/\/bihavadis.com\/?p=39714"},"modified":"2026-02-21T10:21:06","modified_gmt":"2026-02-21T10:21:06","slug":"baskan-er-yeni-bir-malatya-ortaya-cikiyor","status":"publish","type":"post","link":"https:\/\/bihavadis.com\/index.php\/2026\/02\/21\/baskan-er-yeni-bir-malatya-ortaya-cikiyor\/","title":{"rendered":"Ba\u015fkan Er: &#8220;Yeni bir Malatya ortaya \u00e7\u0131k\u0131yor&#8221;"},"content":{"rendered":"<p> Malatya B\u00fcy\u00fck\u015fehir Belediye Ba\u015fkan\u0131 Sami Er, deprem yaralar\u0131n\u0131 saran kentin eskisinden daha g\u00fczel olaca\u011f\u0131n\u0131 s\u00f6yledi.<\/p>\n<p>B\u00fcy\u00fck\u015fehir Belediye Ba\u015fkan\u0131 Sami Er, K\u0131rsal Hizmetler Dairesi Ba\u015fkanl\u0131\u011f\u0131&#8217;na ba\u011fl\u0131 personellerle bir araya geldi. K\u0131rsalda karla etkin bir m\u00fccadele y\u00fcr\u00fcten personellere \u00e7al\u0131\u015fmalar\u0131ndan dolay\u0131 te\u015fekk\u00fcr eden Ba\u015fkan Er, &#8220;En b\u00fcy\u00fck emektarlar sizlersiniz. Aylard\u0131r da\u011fda karla m\u00fccadele ediyorsunuz. Hepiniz b\u00fcy\u00fck fedakarl\u0131kla \u00e7al\u0131\u015ft\u0131n\u0131z. Karla m\u00fccadelede Malatyal\u0131lar\u0131n g\u00f6n\u00fcllerine dokunup, yollar\u0131 a\u00e7t\u0131n\u0131z. Yaz\u0131n da yol yapacaks\u0131n\u0131z. Ba\u015far\u0131l\u0131 \u00e7al\u0131\u015fmalar\u0131n\u0131z ve emeklerinizden dolay\u0131 te\u015fekk\u00fcr ediyorum&#8221; dedi.<\/p>\n<p>Malatya&#8217;n\u0131n yeniden in\u015fa s\u00fcrecinde son a\u015famaya geldi\u011fini dile getiren Ba\u015fkan Sami Er, &#8220;Malatya s\u0131k\u0131nt\u0131l\u0131 bir s\u00fcre\u00e7ten ge\u00e7iyor ama ufuk g\u00f6r\u00fcnd\u00fc. Malatya yaralar\u0131n\u0131 sar\u0131yor, \u00e7ok g\u00fczel \u015feyler oluyor. Yeni bir Malatya ortaya \u00e7\u0131k\u0131yor. 121 bin yap\u0131 y\u00fckseliyor. 35 milyar liral\u0131k altyap\u0131 yat\u0131r\u0131m\u0131 yap\u0131yoruz. Bu bir ekip i\u015fi, herkesin eme\u011fi var. Tarih bug\u00fcnleri yazacak&#8221; ifadelerini kulland\u0131.<\/p>\n<p>Ba\u015fkan Er, Malatya&#8217;da bir y\u0131lda hummal\u0131 bir \u00e7al\u0131\u015fma y\u00fcr\u00fct\u00fcld\u00fc\u011f\u00fcne dikkat \u00e7ekerek, &#8220;Malatya \u00e7ok k\u0131sa bir s\u00fcre i\u00e7inde yaralar\u0131n\u0131 sard\u0131. Eskisinden daha g\u00fczel bir Malatya olacak. Cumhurba\u015fkan\u0131m\u0131z\u0131n g\u00fc\u00e7l\u00fc liderli\u011finde bu i\u015fleri yap\u0131yoruz. Bakanl\u0131klar\u0131m\u0131z, \u00f6denek deste\u011fi sunuyor. Devletin duru\u015fu, bizim \u00e7al\u0131\u015fmalar\u0131m\u0131z, kentte olu\u015fan sinerji ve i\u015f birli\u011fiyle bu i\u015fler oldu&#8221; diye konu\u015ftu. &#8211; MALATYA<\/p>\n","protected":false},"excerpt":{"rendered":"<p>Malatya B\u00fcy\u00fck\u015fehir Belediye Ba\u015fkan\u0131 Sami Er, kentin yeniden in\u015fa s\u00fcrecinde son a\u015famaya geldi\u011fini belirterek, deprem sonras\u0131 yap\u0131lan yat\u0131r\u0131mlar ve \u00e7al\u0131\u015fmalarla Malatya&#8217;n\u0131n daha g\u00fczel bir hale gelece\u011fini ifade etti.<\/p>\n","protected":false},"author":1,"featured_media":39715,"comment_status":"open","ping_status":"open","sticky":false,"template":"","format":"standard","meta":{"footnotes":""},"categories":[12],"tags":[516,2631,2454],"class_list":["post-39714","post","type-post","status-publish","format-standard","has-post-thumbnail","hentry","category-siyaset","tag-baskan","tag-er","tag-malatya"],"_links":{"self":[{"href":"https:\/\/bihavadis.com\/index.php\/wp-json\/wp\/v2\/posts\/39714","targetHints":{"allow":["GET"]}}],"collection":[{"href":"https:\/\/bihavadis.com\/index.php\/wp-json\/wp\/v2\/posts"}],"about":[{"href":"https:\/\/bihavadis.com\/index.php\/wp-json\/wp\/v2\/types\/post"}],"author":[{"embeddable":true,"href":"https:\/\/bihavadis.com\/index.php\/wp-json\/wp\/v2\/users\/1"}],"replies":[{"embeddable":true,"href":"https:\/\/bihavadis.com\/index.php\/wp-json\/wp\/v2\/comments?post=39714"}],"version-history":[{"count":1,"href":"https:\/\/bihavadis.com\/index.php\/wp-json\/wp\/v2\/posts\/39714\/revisions"}],"predecessor-version":[{"id":39716,"href":"https:\/\/bihavadis.com\/index.php\/wp-json\/wp\/v2\/posts\/39714\/revisions\/39716"}],"wp:featuredmedia":[{"embeddable":true,"href":"https:\/\/bihavadis.com\/index.php\/wp-json\/wp\/v2\/media\/39715"}],"wp:attachment":[{"href":"https:\/\/bihavadis.com\/index.php\/wp-json\/wp\/v2\/media?parent=39714"}],"wp:term":[{"taxonomy":"category","embeddable":true,"href":"https:\/\/bihavadis.com\/index.php\/wp-json\/wp\/v2\/categories?post=39714"},{"taxonomy":"post_tag","embeddable":true,"href":"https:\/\/bihavadis.com\/index.php\/wp-json\/wp\/v2\/tags?post=39714"}],"curies":[{"name":"wp","href":"https:\/\/api.w.org\/{rel}","templated":true}]}}