{"id":39744,"date":"2026-02-21T10:42:04","date_gmt":"2026-02-21T10:42:04","guid":{"rendered":"https:\/\/bihavadis.com\/?p=39744"},"modified":"2026-02-21T10:42:04","modified_gmt":"2026-02-21T10:42:04","slug":"kocaelispor-baskanindan-sert-tepki","status":"publish","type":"post","link":"https:\/\/bihavadis.com\/index.php\/2026\/02\/21\/kocaelispor-baskanindan-sert-tepki\/","title":{"rendered":"Kocaelispor Ba\u015fkan\u0131&#8217;ndan Sert Tepki"},"content":{"rendered":"<p>Kocaeli spor Ba\u015fkan\u0131 Recep Durul, Fenerbah\u00e7e&#8217;nin att\u0131\u011f\u0131 gol\u00fcn ard\u0131ndan sar\u0131-lacivertli futbolcu Milan Skriniar&#8217;\u0131n trib\u00fcnlere kar\u015f\u0131 yapt\u0131\u011f\u0131 harekete tepki g\u00f6stererek, &#8220;Skriniar&#8217;\u0131n lisans\u0131 iptal edilmeli ve \u00fclkeden deport edilmelidir. Hakemin de ondan fark\u0131 yok. O da futboldan men edilmeli. Yine hakk\u0131m\u0131z \u00e7al\u0131nd\u0131. Kay\u0131rmac\u0131l\u0131k bitmeyecekse 2-3 tak\u0131m oynas\u0131n, biz izleyelim. Di\u011fer tak\u0131mlara ne gerek var&#8221; dedi.<\/p>\n<p>Trendyol S\u00fcper Lig&#8217;in 20. haftas\u0131nda Kocaelispor, sahas\u0131nda Fenerbah\u00e7e&#8217;ye 2-0 ma\u011flup oldu. Sar\u0131-lacivertlilerin gol\u00fcn\u00fcn ard\u0131ndan Milan Skriniar&#8217;\u0131n trib\u00fcnlere d\u00f6nerek erkeklik organ\u0131n\u0131 g\u00f6sterip yapt\u0131\u011f\u0131 harekete tepkiler b\u00fcy\u00fcyor. Kocaelispor Kul\u00fcb\u00fc, Skriniar i\u00e7in Profesyonel Futbol Disiplin Kurulu&#8217;na (PFDK) herhangi bir sevk olup olmayaca\u011f\u0131n\u0131 bekleyecek ve ard\u0131ndan haz\u0131rlad\u0131klar\u0131 dosyayla su\u00e7 duyurusunda bulunacak. Konuyla ilgili olarak \u0130hlas Haber Ajans\u0131&#8217;na (\u0130HA) a\u00e7\u0131klamalarda bulunan Kocaelispor Kul\u00fcp Ba\u015fkan\u0131 Recep Durul, sert ifadeler kulland\u0131.<\/p>\n<p>&#8220;Skriniar&#8217;\u0131n lisans\u0131 feshedilmeli ve \u00fclkeden g\u00f6nderilmeli&#8221;<\/p>\n<p>Ba\u015fkan Recep Durul; T\u00fcrkiye Futbol Federasyonu&#8217;na, Fenerbah\u00e7e Kul\u00fcp Ba\u015fkan\u0131 Sadettin Saran&#8217;a ve Kocaeli&#8217;de i\u015fletmesi olan sar\u0131-lacivertli isimlere seslendi ve Skriniar&#8217;\u0131n lisans\u0131n\u0131n feshedilip, \u00fclkeden deport edilmesini istedi. \u00c7irkin harekete ve hakem y\u00f6netimine adeta ate\u015f p\u00fcsk\u00fcren Durul, &#8220;Kul\u00fcp olarak Milan Skriniar&#8217;\u0131n yapt\u0131\u011f\u0131 \u00e7irkin hareketin TFF taraf\u0131ndan cezaland\u0131r\u0131lmas\u0131n\u0131, s\u00f6zle\u015fmesinin feshedilmesini ve hatta \u00fclkeden deport edilmesini istiyoruz. Bunun i\u00e7in gereken ba\u015fvuruyu da yapaca\u011f\u0131z&#8221; c\u00fcmlelerine yer verdi.<\/p>\n<p>&#8220;Sindirmek m\u00fcmk\u00fcn de\u011fil, m\u00fcsaade edemeyiz&#8221;<\/p>\n<p>\u00dclke olarak hassasiyetlerin y\u00fcksek oldu\u011funun alt\u0131n\u0131 \u00e7izen Ba\u015fkan Durul, &#8220;M\u00fcbarek kandil g\u00fcn\u00fcnde yabanc\u0131 bir futbolcu taraf\u0131ndan yap\u0131lan bu \u00e7irkin hareketi sindirmek m\u00fcmk\u00fcn de\u011fildir. Son derece yak\u0131\u015f\u0131ks\u0131zd\u0131r. Buna kul\u00fcpler de m\u00fcsaade etmemelidir, federasyon da. En a\u011f\u0131r \u015fekilde cezaland\u0131rmal\u0131d\u0131r. Aksi halde nepotizm a\u00e7\u0131k a\u00e7\u0131k yap\u0131l\u0131yor demektir. M\u00fcsl\u00fcman bir toplumuz ve T\u00fcrk toplumu bunu kald\u0131rmaz. Buna m\u00fcsaade edemeyiz. Bu t\u00fcr \u015feyler infial olu\u015fturuyor. Ba\u015fka kul\u00fcplerin oyuncular\u0131 da b\u00f6yle \u015feyler yapt\u0131 ve cezalar\u0131 kesildi. \u00c7ok \u00e7irkin hareketti, bir an \u00f6nce cezaland\u0131r\u0131lmas\u0131 laz\u0131m. Hangi futbolcu olursa olsun, ad\u0131na san\u0131na bak\u0131lmamal\u0131d\u0131r&#8221; de\u011ferlendirmesinde bulundu.<\/p>\n<p>&#8220;Yine hakk\u0131m\u0131z \u00e7al\u0131nd\u0131&#8221;<\/p>\n<p>Hakemlerin camialara g\u00f6re d\u00fcd\u00fck \u00e7ald\u0131\u011f\u0131n\u0131n alt\u0131n\u0131 \u00e7izen Kocaelispor Ba\u015fkan\u0131 Recep Durul, &#8220;D\u00fcd\u00fckler camiaya g\u00f6re \u00e7al\u0131yor. Bahis ve \u015fike operasyonlar\u0131 yap\u0131l\u0131yor. Ama operasyon as\u0131l forma renklerine g\u00f6re d\u00fcd\u00fck \u00e7al\u0131nmas\u0131na yap\u0131lmal\u0131. Yine hakk\u0131m\u0131z \u00e7al\u0131nd\u0131. Hakemin g\u00f6rmezden gelmesi, VAR hakeminin duyars\u0131zl\u0131\u011f\u0131, verilmeyen k\u0131rm\u0131z\u0131 ve sar\u0131 kartlar.. Kocaelispor olarak hakk\u0131m\u0131z\u0131 sonuna kadar arayacak ve bunun hesab\u0131n\u0131 camia olarak er ya da ge\u00e7 soraca\u011f\u0131z. Hem puan\u0131m\u0131z \u00e7al\u0131nd\u0131, hem de k\u0131rm\u0131z\u0131 kartlar verilmedi. D\u00fcd\u00fckler adalet i\u00e7in, \u015feffafl\u0131k i\u00e7in \u00e7al\u0131nmal\u0131. Bu \u00fclkede kronizmi (kay\u0131rmac\u0131l\u0131k) tetikleyen yap\u0131 var&#8221; \u015feklinde konu\u015ftu.<\/p>\n<p>&#8220;Kay\u0131rmac\u0131l\u0131k bitmeyecekse 2-3 tak\u0131m oynas\u0131n, biz izleyelim&#8221;<\/p>\n<p>TFF&#8217;nin kay\u0131rmac\u0131l\u0131\u011fa el atmas\u0131n\u0131n elzem oldu\u011funu belirten Durul, aksi durumda 2-3 tak\u0131m d\u0131\u015f\u0131ndaki tak\u0131mlara gerek olmad\u0131\u011f\u0131n\u0131 dile getirerek, hakem kararlar\u0131na olan tepkisini aktard\u0131. Recep Durul, &#8220;Nepotizm ve kronizm konusuna federasyon acilen el atmal\u0131. Yoksa di\u011fer tak\u0131mlara gerek yok. \u00c7\u0131ks\u0131n 2-3 tak\u0131m oynas\u0131n, biz de izleyelim. Hi\u00e7 bu kadar emek harcamayal\u0131m, s\u0131k\u0131nt\u0131 \u00e7ekmeyelim. Ger\u00e7ekten bu kadar kolay m\u0131? Hakem resmen kurulmu\u015f da gelmi\u015f. Pozisyonlar\u0131 kesiyor, yumruk at\u0131l\u0131yor kart g\u00f6stermiyor, VAR&#8217;a gidilmiyor.. O zaman biz niye futbol oynuyoruz&#8221; diye konu\u015ftu.<\/p>\n<p>&#8220;Hakem de, Skriniar da men edilmeli&#8221;<\/p>\n<p>&#8220;Milan Skriniar&#8217;\u0131n hareketiyle, hakemin ma\u00e7ta sergiledi\u011fi durum aras\u0131nda fark yok&#8221; diye K\u00f6rfez ekibinin ba\u015fkan\u0131, \u015f\u00f6yle devam etti: <\/p>\n<p>&#8220;\u0130kisi de futboldan men edilmelidir. \u015eehirde herkes ayaklanm\u0131\u015f durumda. Facia bu. Herkes sessiz kalm\u0131\u015f olabilir ama biz Kocaelispor olarak susmayaca\u011f\u0131z, sessiz kalmayaca\u011f\u0131z. Sezon ba\u015f\u0131ndan bu yana 18 puan\u0131m\u0131z gitti. D\u00fcnk\u00fc ma\u00e7ta ya\u015fananlara, bize ve camiam\u0131za ya\u015fat\u0131lanlara \u00e7ok k\u0131zg\u0131n ve gerginiz. Sab\u0131rs\u0131zl\u0131kla bu konunun \u00e7\u00f6z\u00fclmesini istiyoruz. Federasyon bir an \u00f6nce tedbir almal\u0131.&#8221;<\/p>\n<p>&#8220;Ayr\u0131m kalkmad\u0131k\u00e7a \u015fike operasyonlar\u0131 anlams\u0131z&#8221;<\/p>\n<p>Hakem kararlar\u0131 \u00fczerinden S\u00fcper Lig&#8217;de yap\u0131lan tak\u0131m ayr\u0131mlar\u0131na ayr\u0131 parantez a\u00e7an Recep Durul, bahis operasyonlar\u0131n\u0131n anlam kazanmas\u0131 i\u00e7in ayr\u0131mc\u0131l\u0131\u011f\u0131n son bulmas\u0131 gerekti\u011finin alt\u0131n\u0131 \u00e7izdi. Kocaelispor Kul\u00fcp Ba\u015fkan\u0131 Recep Durul, &#8220;Anadolu tak\u0131m\u0131, \u0130stanbul tak\u0131m\u0131 ayr\u0131m\u0131 yap\u0131l\u0131yor, yap\u0131lmamal\u0131. Hepsi S\u00fcper Lig tak\u0131m\u0131. Sahada \u015feffafl\u0131k sa\u011flanmad\u0131k\u00e7a, kul\u00fcp ayr\u0131m\u0131 ortadan kalkmad\u0131k\u00e7a \u015fike veya bahis operasyonlar\u0131n\u0131n yap\u0131lmas\u0131 anlams\u0131z. Kul\u00fcplere sayg\u0131, renklerine g\u00f6re olmaz. Hepsine sayg\u0131 duyulmal\u0131. D\u00fcd\u00fckler tak\u0131ma g\u00f6re \u00e7al\u0131nmaz. Sahaya neden \u00e7\u0131k\u0131yorsun? Hakem dedi\u011fin iki tak\u0131m\u0131n da hakk\u0131n\u0131 korumal\u0131, iki tarafa da g\u00fcven vermeli. Dengeyi sa\u011flamal\u0131. Haks\u0131zl\u0131\u011f\u0131 ortadan kald\u0131rmas\u0131 gereken hakemdir. \u015eeffafl\u0131\u011f\u0131 temsil eder. Futbolda adalet neden sa\u011flanm\u0131yor? Neden bunlardan temizlenmiyor?&#8221; ifadelerini kulland\u0131.<\/p>\n<p>&#8220;B\u00fcy\u00fck tak\u0131ma g\u00f6re d\u00fcd\u00fck \u00e7al\u0131nmaz&#8221;<\/p>\n<p>B\u00fcy\u00fck tak\u0131mlara y\u00f6nelik ayr\u0131mc\u0131l\u0131\u011fa farkl\u0131 bir bak\u0131\u015f a\u00e7\u0131s\u0131yla bakt\u0131\u011f\u0131nda dikkat \u00e7eken Durul, &#8220;Bir tak\u0131m\u0131n b\u00fcy\u00fckl\u00fc\u011f\u00fc ortaya koydu\u011fu adaletle \u00f6l\u00e7\u00fcl\u00fcr. B\u00fcy\u00fckse adaletini g\u00f6stersin, g\u00f6stermeli de. Futbolcusu topluma b\u00f6yle \u00e7irkin hareketler yap\u0131yorsa b\u00fcy\u00fck kul\u00fcpler gerekeni yapmal\u0131. Hakemler hak yedi\u011finde \u00e7\u0131k\u0131p bunu y\u00fcreklilikle a\u00e7\u0131klamal\u0131. \u00d6te yandan k\u00fc\u00e7\u00fck-b\u00fcy\u00fck tak\u0131m diye bir ayr\u0131m olmaz. G\u00fc\u00e7l\u00fc ve nispeten zay\u0131f tak\u0131m vard\u0131r. B\u00fcy\u00fck tak\u0131ma g\u00f6re d\u00fcd\u00fck \u00e7al\u0131nmaz&#8221; dedi.<\/p>\n<p>&#8220;Baz\u0131 tak\u0131mlar yukar\u0131 itiliyor, baz\u0131lar\u0131 da a\u015fa\u011f\u0131 \u00e7ekiliyor&#8221;<\/p>\n<p>Yay\u0131nc\u0131 kurulu\u015f ve spor yorumcular\u0131na da seslenen Ba\u015fkan Durul, &#8220;Yay\u0131nc\u0131 kurulu\u015fun tak\u0131mlar\u0131n yar\u0131\u015ftan kopmamas\u0131 i\u00e7in gerekeni yapmas\u0131n\u0131 da g\u00f6r\u00fcyoruz. Yaz\u0131k g\u00fcnah de\u011fil mi? B\u00f6yle kurgu olur mu? Baz\u0131 yorumcular da tak\u0131m taraftar\u0131. Tuttu\u011fu tak\u0131ma g\u00f6re yorum yap\u0131yor ve kamuoyunu, camialar\u0131 etkiliyor. 2-3 tak\u0131m i\u00e7in b\u00f6yle otokratik yap\u0131 olur mu? Baz\u0131 tak\u0131mlar yar\u0131\u015fta kals\u0131n diye yukar\u0131 itiliyor, baz\u0131lar\u0131 da a\u015fa\u011f\u0131 \u00e7ekiliyor&#8221; diye konu\u015ftu.<\/p>\n<p>Fenerbah\u00e7eli y\u00f6neticilere seslendi<\/p>\n<p>Son olarak Kocaeli&#8217;de yat\u0131r\u0131mlar\u0131 olan Fenerbah\u00e7eli i\u015f insanlar\u0131na, eski ve yeni y\u00f6neticilere \u00e7a\u011fr\u0131 yapan Durul, &#8220;Ali Ko\u00e7, Hakan Safi ve t\u00fcm Fenerbah\u00e7e y\u00f6netimindekiler ile federasyona bir kez daha seslenmek istiyorum. Talebimiz net; Skriniar&#8217;\u0131n lisans\u0131n\u0131 iptal edin ve \u00fclkeden deport edin. Yoksa bu i\u015f \u00e7ok daha farkl\u0131 yerlere gider. Bunu sindiremiyoruz. Bunun alt\u0131ndan kalk\u0131lmas\u0131 zor&#8221; \u015feklinde konu\u015ftu. &#8211; KOCAEL\u0130<\/p>\n","protected":false},"excerpt":{"rendered":"<p>Recep Durul, Skriniar&#8217;\u0131n hareketine sert \u00e7\u0131kt\u0131, lisans\u0131n\u0131n iptal edilmesini ve deport edilmesini istedi.<\/p>\n","protected":false},"author":1,"featured_media":39745,"comment_status":"open","ping_status":"open","sticky":false,"template":"","format":"standard","meta":{"footnotes":""},"categories":[14],"tags":[365,1919,240,366,587],"class_list":["post-39744","post","type-post","status-publish","format-standard","has-post-thumbnail","hentry","category-spor","tag-futbol","tag-hakem","tag-kocaeli","tag-takim","tag-yapi"],"_links":{"self":[{"href":"https:\/\/bihavadis.com\/index.php\/wp-json\/wp\/v2\/posts\/39744","targetHints":{"allow":["GET"]}}],"collection":[{"href":"https:\/\/bihavadis.com\/index.php\/wp-json\/wp\/v2\/posts"}],"about":[{"href":"https:\/\/bihavadis.com\/index.php\/wp-json\/wp\/v2\/types\/post"}],"author":[{"embeddable":true,"href":"https:\/\/bihavadis.com\/index.php\/wp-json\/wp\/v2\/users\/1"}],"replies":[{"embeddable":true,"href":"https:\/\/bihavadis.com\/index.php\/wp-json\/wp\/v2\/comments?post=39744"}],"version-history":[{"count":1,"href":"https:\/\/bihavadis.com\/index.php\/wp-json\/wp\/v2\/posts\/39744\/revisions"}],"predecessor-version":[{"id":39746,"href":"https:\/\/bihavadis.com\/index.php\/wp-json\/wp\/v2\/posts\/39744\/revisions\/39746"}],"wp:featuredmedia":[{"embeddable":true,"href":"https:\/\/bihavadis.com\/index.php\/wp-json\/wp\/v2\/media\/39745"}],"wp:attachment":[{"href":"https:\/\/bihavadis.com\/index.php\/wp-json\/wp\/v2\/media?parent=39744"}],"wp:term":[{"taxonomy":"category","embeddable":true,"href":"https:\/\/bihavadis.com\/index.php\/wp-json\/wp\/v2\/categories?post=39744"},{"taxonomy":"post_tag","embeddable":true,"href":"https:\/\/bihavadis.com\/index.php\/wp-json\/wp\/v2\/tags?post=39744"}],"curies":[{"name":"wp","href":"https:\/\/api.w.org\/{rel}","templated":true}]}}