{"id":39776,"date":"2026-02-21T11:09:05","date_gmt":"2026-02-21T11:09:05","guid":{"rendered":"https:\/\/bihavadis.com\/?p=39776"},"modified":"2026-02-21T11:09:05","modified_gmt":"2026-02-21T11:09:05","slug":"depreme-disiplinlerarasi-bakis-afetler-kader-degil-hazirlik-meselesidir","status":"publish","type":"post","link":"https:\/\/bihavadis.com\/index.php\/2026\/02\/21\/depreme-disiplinlerarasi-bakis-afetler-kader-degil-hazirlik-meselesidir\/","title":{"rendered":"Depreme Disiplinleraras\u0131 Bak\u0131\u015f: &#8220;Afetler Kader De\u011fil, Haz\u0131rl\u0131k Meselesidir&#8221;"},"content":{"rendered":"<p>\u0130stinye \u00dcniversitesi \u0130ktisadi, \u0130dari ve Sosyal Bilimler Fak\u00fcltesi Lojistik Y\u00f6netimi B\u00f6l\u00fcm Ba\u015fkan\u0131 Fahri Erenel, \u00fcniversitenin toplumsal sorumluluk vizyonundan hareketle haz\u0131rlanan \u201cDepreme Disiplinleraras\u0131 Bak\u0131\u015f\u201d kitab\u0131n\u0131n ortaya \u00e7\u0131k\u0131\u015f s\u00fcrecini ve ama\u00e7lar\u0131n\u0131 anlatt\u0131. Depremin t\u00fcm boyutlar\u0131yla ele al\u0131nmas\u0131n\u0131n risk y\u00f6netimi s\u00fcre\u00e7lerine \u00f6nemli katk\u0131 sa\u011flayaca\u011f\u0131n\u0131 belirten Erenel, hem akademik d\u00fcnyada hem de toplum genelinde deprem okuryazarl\u0131\u011f\u0131n\u0131n art\u0131r\u0131lmas\u0131n\u0131n hayati \u00f6nem ta\u015f\u0131d\u0131\u011f\u0131n\u0131 ifade etti.<\/p>\n<p><strong>\u201cRisk ve kriz y\u00f6netim s\u00fcre\u00e7lerine katk\u0131 sa\u011flayabilece\u011fini d\u00fc\u015f\u00fcnd\u00fcm\u201d<\/strong><\/p>\n<p>\u00a0Prof. Dr. Fahri Erenel, \u201cDepreme Disiplinleraras\u0131 Bak\u0131\u015f\u201d kitap fikrinin nas\u0131l do\u011fdu\u011funu \u015f\u00f6yle anlat\u0131yor:<\/p>\n<p>\u201c10\u2019uncu ya\u015f\u0131n\u0131 kutlayan \u0130stinye \u00dcniversitesi\u2019nin gen\u00e7 ya\u015f\u0131nda ula\u015fm\u0131\u015f oldu\u011fu ba\u015far\u0131l\u0131 seviyeye, topluma katk\u0131 ve toplumsal sorumluluk kapsam\u0131nda nas\u0131l katk\u0131da bulunabilirim d\u00fc\u015f\u00fcncesi, bu \u00e7al\u0131\u015fman\u0131n filizlenmesine yol a\u00e7t\u0131. Daha \u00f6nce, bu konuda uzman de\u011ferli bir hocam ile \u2018Acil Durum ve Afet Y\u00f6netimine G\u00fcncel Bak\u0131\u015f\u2019 adl\u0131 \u00e7al\u0131\u015fmay\u0131 haz\u0131rlam\u0131\u015f ve yay\u0131nlam\u0131\u015ft\u0131k. Yapt\u0131\u011f\u0131m ara\u015ft\u0131rmalar, sahada g\u00f6rd\u00fcklerim, afet konusunu farkl\u0131 boyutlar\u0131yla ortaya koyan \u00e7al\u0131\u015fmalar olmakla birlikte deprem konusunun b\u00fct\u00fcn boyutlar\u0131n\u0131 kapsayan bir yay\u0131n olmad\u0131\u011f\u0131n\u0131 ve bu konunun b\u00fct\u00fcn boyutlar\u0131yla ele al\u0131nmas\u0131n\u0131n risk ve kriz y\u00f6netim s\u00fcre\u00e7lerinin daha etkin y\u00fcr\u00fct\u00fclmesine katk\u0131 sa\u011flayabilece\u011fini d\u00fc\u015f\u00fcnd\u00fcm. \u00dcniversitemizde mevcut \u00e7ok say\u0131da disiplinin nas\u0131l katk\u0131 sa\u011flayabilece\u011fini hocalar\u0131m\u0131zla payla\u015ft\u0131\u011f\u0131m anda gelen geri bildirimler katk\u0131n\u0131n \u00e7ok y\u00fcksek seviyede olaca\u011f\u0131n\u0131 g\u00f6sterdi ve beni de te\u015fvik etti. Elbette Rekt\u00f6r\u00fcm\u00fcz Prof. Dr. Erkan \u0130bi\u015f\u2019in vizyoner tavr\u0131 ve deste\u011fi bu \u00e7al\u0131\u015fman\u0131n hayata ge\u00e7mesinde \u00f6nemli rol oynad\u0131. Rekt\u00f6r yard\u0131mc\u0131m\u0131z Prof. Dr. Peyami \u00c7elikcan\u2019\u0131n t\u0131kand\u0131\u011f\u0131m\u0131z noktalarda devreye girerek yol a\u00e7mas\u0131 ve bask\u0131 s\u00fcrecinde sa\u011flad\u0131\u011f\u0131 katk\u0131 son derece de\u011ferli. \u00c7al\u0131\u015fman\u0131n ortaya \u00e7\u0131kmas\u0131nda, birlikte \u00e7al\u0131\u015ft\u0131\u011f\u0131m Dr. Burak Buyun\u2019un hem b\u00f6l\u00fcm yazar\u0131 ve hem de kitab\u0131n tasar\u0131m s\u00fcrecinde, Prof. Dr. Hasip Pekta\u015f\u2019\u0131n kapak tasar\u0131m\u0131nda sa\u011flad\u0131\u011f\u0131 destek \u00e7ok \u00f6nemliydi. Elbette b\u00f6l\u00fcm yaz\u0131lar\u0131yla katk\u0131 sa\u011flayan hocalar\u0131m\u0131z \u00e7al\u0131\u015fman\u0131n fark\u0131n\u0131 ortaya koydu. K\u0131sacas\u0131 bu \u00e7al\u0131\u015fma \u0130stinye \u00dcniversitesi\u2019nin \u00f6rnek bir ekip \u00e7al\u0131\u015fmas\u0131n\u0131n \u00fcr\u00fcn\u00fc.\u201d<\/p>\n<p><strong>\u201c\u0130kincisini \u00e7\u0131karmak i\u00e7in \u00e7al\u0131\u015fmalar\u0131m\u0131z\u0131 s\u00fcrd\u00fcrece\u011fiz\u201d<\/strong><\/p>\n<p><strong>\u00a0<\/strong><\/p>\n<p>Prof. Dr. Erenel, kitab\u0131n okurlara sunduklar\u0131n\u0131 ise \u015f\u00f6yle \u00f6zetliyor:<\/p>\n<p>\u201cAfetin hemen her t\u00fcrl\u00fcs\u00fcne maruz kalan \u00fclkemizde deprem hem kaplad\u0131\u011f\u0131 alan, etkiledi\u011fi n\u00fcfus, meydana geli\u015fi s\u0131ras\u0131nda ve sonras\u0131nda yaratt\u0131\u011f\u0131 etkiler a\u00e7\u0131s\u0131ndan \u00f6nceli\u011fini korumaktad\u0131r. Bu afet t\u00fcr\u00fc \u00f6ncesi ve sonras\u0131 ile bir\u00e7ok akademik disiplinin ortak \u00e7al\u0131\u015fmas\u0131n\u0131 gerektirmektedir. Deprem ile m\u00fccadeleyi disiplinleraras\u0131 bir bak\u0131\u015f a\u00e7\u0131s\u0131yla ele alman\u0131n tek bir alanda \u00e7al\u0131\u015fma yapanlara di\u011fer alanlara da bakarak kendi \u00e7al\u0131\u015fma alan\u0131na katk\u0131 sa\u011flamas\u0131 ve \u00e7al\u0131\u015fma alan\u0131nda dikkate almad\u0131\u011f\u0131 veya g\u00f6zden ka\u00e7\u0131rd\u0131\u011f\u0131 farkl\u0131 de\u011fi\u015fkenleri g\u00f6rmesini de sa\u011flamak \u00e7al\u0131\u015fman\u0131n otaya \u00e7\u0131kmas\u0131ndaki ama\u00e7lardan biri olmu\u015ftur. Ayr\u0131ca, kitab\u0131 okuyacak olanlarda depremin bir\u00e7ok boyutunu bir arada g\u00f6rerek \u00f6zellikle risk y\u00f6netim s\u00fcrecinde deprem okuryazarl\u0131\u011f\u0131 bilincinin artmas\u0131na ve bu suretle devletimizin \u00e7al\u0131\u015fmalar\u0131na katk\u0131 sa\u011flamakta hedeflerimizden bir olmu\u015ftur. Bu \u00e7al\u0131\u015fman\u0131n di\u011fer bir \u00f6zelli\u011fi de b\u00f6l\u00fcm yaz\u0131lar\u0131 aras\u0131na deprem konusunda bilgilendirici metinler konulmu\u015f olmas\u0131d\u0131r. \u00c7al\u0131\u015fmada depremin bir\u00e7ok disiplinini ele almakla birlikte daha farkl\u0131 disiplinleri de ilgilendirdi\u011finin fark\u0131nda olarak zaman i\u00e7erinde bu \u00e7al\u0131\u015fman\u0131n ikincisini \u00e7\u0131karmak i\u00e7in \u00e7al\u0131\u015fmalar\u0131m\u0131z\u0131 s\u00fcrd\u00fcrece\u011fiz. \u00c7al\u0131\u015fmaya sadece \u00fcniversitemiz kadrosunda yer alan hocalar\u0131m\u0131z ve \u00f6\u011frencilerimiz katk\u0131 sunmam\u0131\u015flar, farkl\u0131 \u00fcniversite ve kurumlardan da katk\u0131 sa\u011flanm\u0131\u015f olmas\u0131 \u00e7al\u0131\u015fmay\u0131 zenginle\u015ftirmi\u015ftir.\u201d<\/p>\n<p><strong>\u201cDepremin bir kader olmad\u0131\u011f\u0131n\u0131 g\u00f6recekler\u201d<\/strong><\/p>\n<p><strong>\u00a0<\/strong><\/p>\n<p>Kitab\u0131 okuyanlar\u0131n \u00f6ncelikle depremin bir kader olmad\u0131\u011f\u0131n\u0131 g\u00f6receklerini belirten Erenel, \u201cDepremin risk ve kriz y\u00f6netim s\u00fcre\u00e7lerinde nelerle kar\u015f\u0131la\u015fabilecekleri, ne t\u00fcr tedbirler alabileceklerini ve nas\u0131l haz\u0131rlanmalar\u0131 gerekti\u011fi konusunda fark\u0131ndal\u0131k olu\u015fabilecektir. Deprem dahil afetlere bir\u00e7ok disiplin a\u00e7\u0131s\u0131ndan haz\u0131rlan\u0131lmas\u0131 gerekti\u011fini g\u00f6rebileceklerdir. Deprem haz\u0131rl\u0131k e\u011fitim programlar\u0131nda d\u00fczenlemeler yap\u0131labilecektir\u201d dedi.<\/p>\n<p>\u00a0<\/p>\n<p>Yap\u0131lmas\u0131 gerekenlerle ilgili de bilgi veren Profes\u00f6r, \u201cDepreme haz\u0131rl\u0131\u011f\u0131n bir\u00e7ok disiplini ilgilendiren boyutu bulunmaktad\u0131r. Bu boyutlar\u0131 b\u00fct\u00fcnc\u00fcl bir \u015fekilde bir araya getirecek \u00e7al\u0131\u015fmalar s\u00fcrd\u00fcr\u00fclmektedir. Bu \u00e7al\u0131\u015fmalar\u0131n daha kapsay\u0131c\u0131 olmas\u0131 ve daha geni\u015f kitlelere yay\u0131lacak olmas\u0131 \u00f6zellikle risk y\u00f6netimi s\u00fcrecinin ba\u015far\u0131s\u0131n\u0131 art\u0131rabilecektir. Ayr\u0131ca, toplumun her kesimine yay\u0131lm\u0131\u015f sistemli bir e\u011fitim ve vatanda\u015flar\u0131 da i\u00e7ine katan de\u011fi\u015fik zamanlarda ve ko\u015fullarda, senaryoya dayal\u0131 olarak yap\u0131lacak tatbikatlarla haz\u0131rlanmam\u0131z gerekir. S\u0131k tekrar ve uygulamalarla bilin\u00e7li bir al\u0131\u015fkanl\u0131k haline getirilirse deprem an\u0131nda do\u011fru hareket tarz\u0131 uygulama olas\u0131l\u0131\u011f\u0131 daha y\u00fcksek olacakt\u0131r. Tatbikatlar\u0131 ger\u00e7ek\u00e7i senaryolara dayal\u0131 olarak t\u00fcm vatanda\u015flar\u0131m\u0131z\u0131n kat\u0131l\u0131m\u0131yla ger\u00e7ekle\u015ftirmek planlar\u0131n ba\u015far\u0131 oran\u0131n\u0131 artt\u0131racak ve b\u00fcy\u00fck yol kat etmemizi sa\u011flayabilecektir\u201d diye konu\u015ftu.<\/p>\n<p><strong>\u201cAfetler toplumlar i\u00e7in asla kader de\u011fildir\u201d<\/strong><\/p>\n<p>Afetlerin toplumlar i\u00e7in kader olmad\u0131\u011f\u0131na dikkat \u00e7eken Prof. Dr. Erenel, \u015f\u00f6yle devam etti:<\/p>\n<p>\u201cAfetleri veya afetlerin verebilece\u011fi b\u00fcy\u00fck zararl\u0131 \u00f6nlemede \u00e7ok ba\u015far\u0131l\u0131 ad\u0131mlar atm\u0131\u015f bir\u00e7ok \u00fclke var. 9.5 b\u00fcy\u00fckl\u00fck ile d\u00fcnya tarihinin en \u015fiddetli depremlerden birini ya\u015fayan \u015eili bu afetten \u00e7\u0131kard\u0131\u011f\u0131 dersle depremle ilgili e\u011fitimlerini artm\u0131\u015f, al\u0131nacak tedbirleri detaylar\u0131yla planlanm\u0131\u015f ve ger\u00e7ek\u00e7i senaryolarla tatbikatlar ger\u00e7ekle\u015ftirerek bir sonraki 8.5 b\u00fcy\u00fckl\u00fc\u011f\u00fcndeki depremden asgari d\u00fczeyde zararla etkilenmi\u015ftir. Afetler toplumlar i\u00e7in asla kader de\u011fildir. Bizler de haz\u0131rl\u0131k s\u00fcre\u00e7lerini h\u0131zland\u0131rarak \u00fcniversitelerimize zorunlu afet y\u00f6netimi dersleri koymal\u0131 ve afetlere ger\u00e7ek\u00e7i bir \u015fekilde haz\u0131rlanmal\u0131y\u0131z. Anadolu\u2019da bildi\u011fimiz en y\u0131k\u0131c\u0131 felaketlerden biri olan 1932 y\u0131l\u0131nda ger\u00e7ekle\u015fen Erzincan depremini \u00f6rnek verecek olursak; teknolojinin ve karayollar\u0131n\u0131n geli\u015fmedi\u011fi, arama kurtarma ekip ve ekipmanlar\u0131n\u0131n yeterli olmad\u0131\u011f\u0131 bir tarihte, Do\u011fu Anadolu b\u00f6lgemizin eksi 35 derecelere varan so\u011fu\u011funda ger\u00e7ekle\u015fen bu deprem her t\u00fcrl\u00fc \u015fartlara haz\u0131rl\u0131kl\u0131 olmam\u0131z gerekti\u011finin bir \u00f6rne\u011fidir. Bu \u00f6rnek; afetlere haz\u0131rl\u0131kta ger\u00e7ek\u00e7i olman\u0131n, \u00e7a\u011fa, iklime ve co\u011frafyaya g\u00f6re senaryo \u00e7izerek tatbikat yapman\u0131n ve elbette e\u011fitimlerde s\u00fcreklili\u011fi sa\u011flaman\u0131n \u00f6nemini bir kez daha ortaya koymaktad\u0131r.\u201d<\/p>\n<p><strong>\u201cDeprem an\u0131nda merdivenlere ya da \u00e7\u0131k\u0131\u015flara do\u011fru ko\u015fmay\u0131n\u201d<\/strong><\/p>\n<p>Vatanda\u015flar\u0131n deprem an\u0131nda ilk yapmas\u0131 gerekenlerlerle ilgili de bilgi veren Prof. Dr. Erenel, \u015funlar\u0131 s\u00f6yledi:<\/p>\n<p>\u201cG\u00fcnl\u00fck ya\u015fam i\u00e7inde deprem farkl\u0131 alanlarda\/konumlarda yakalanabiliriz. Evimizde yakaland\u0131\u011f\u0131m\u0131z zaman panik yapmamak gerekir. Haz\u0131rl\u0131klar kapsam\u0131nda d\u00fc\u015fmesi veya k\u0131r\u0131lmas\u0131 her t\u00fcrl\u00fc obje ve e\u015fyay\u0131 sabitlememiz uygun olacakt\u0131r. Sa\u011flam sandalyelerle desteklenmi\u015f masa alt\u0131na veya dolgun ve hacimli koltuk, kanepe, i\u00e7i dolu sand\u0131k gibi koruma sa\u011flayabilecek e\u015fya yan\u0131na \u00e7\u00f6melerek veya uzanarak kendinize hayat \u00fc\u00e7geni olu\u015fturun. Ba\u015f\u0131n\u0131z\u0131 iki elinizin aras\u0131na alarak veya bir koruyucu (yast\u0131k, kitap vb.) malzeme ile koruyun. Sars\u0131nt\u0131 ge\u00e7ene dek bekleyin. Gece uyurken yata\u011f\u0131n\u0131z\u0131n yan\u0131nda terlik bulundurmay\u0131 unutmay\u0131n. Cam, pencere, d\u0131\u015far\u0131ya bakan duvar ve kap\u0131lardan, ayd\u0131nlatma tesisat\u0131 veya armat\u00fcr\u00fc gibi \u00fczerinize d\u00fc\u015fecek her t\u00fcr e\u015fyadan uzak durun. Sars\u0131nt\u0131 ba\u015flad\u0131\u011f\u0131nda yataktaysan\u0131z orada kal\u0131n. \u00dczerinize d\u00fc\u015fecek a\u011f\u0131r bir e\u015fya yoksa bir yast\u0131kla ba\u015f\u0131n\u0131z\u0131 koruyun; varsa en yak\u0131ndaki g\u00fcvenli alana ge\u00e7in. Size yak\u0131n \u00e7ok sa\u011flam ve y\u00fcke dayan\u0131kl\u0131 bildi\u011finiz bir kap\u0131 de\u011filse, kap\u0131y\u0131 kullanmay\u0131n. Merdivenlere ya da \u00e7\u0131k\u0131\u015flara do\u011fru ko\u015fmay\u0131n. Sars\u0131nt\u0131 bitene kadar i\u00e7eride kal\u0131n, ancak sars\u0131nt\u0131 bitince d\u0131\u015far\u0131 \u00e7\u0131kmak g\u00fcvenlidir. Sars\u0131nt\u0131 s\u0131ras\u0131nda binay\u0131 terk etmeye \u00e7al\u0131\u015fmay\u0131n. Balkona \u00e7\u0131kmay\u0131n. Balkonlardan ya da pencerelerden atlamay\u0131n. Asans\u00f6r kullanmay\u0131n. Merdivenlere ko\u015fmay\u0131n. Unutmay\u0131n\u0131z bir d\u00fcd\u00fck bir lamba sizi hayata ba\u011flayacakt\u0131r. Y\u0131k\u0131nt\u0131 alt\u0131nda kal\u0131nmas\u0131 halinde paniklemeden durumunuzu kontrol ediniz. Hareket kabiliyetiniz k\u0131s\u0131tlanm\u0131\u015fsa \u00e7\u0131k\u0131\u015f i\u00e7in hayat\u0131n\u0131z\u0131 riske atacak hareketlere kalk\u0131\u015fmay\u0131n\u0131z. Enerjinizi en tasarruflu \u015fekilde kullanmak i\u00e7in hareketlerinizi kontrol alt\u0131nda tutunuz. El ve ayaklar\u0131n\u0131z\u0131 kullanabiliyorsan\u0131z su, kalorifer, gaz tesisatlar\u0131na, zemine vurmak suretiyle varl\u0131\u011f\u0131n\u0131z\u0131 duyurmaya \u00e7al\u0131\u015f\u0131n. Sesinizi kullanabiliyorsan\u0131z kurtarma ekiplerinin seslerini duymaya ve onlara seslenmeye \u00e7al\u0131\u015f\u0131n. Ancak enerjinizi kontroll\u00fc kullan\u0131n.\u201d<\/p>\n<p><strong>\u201cKoku al\u0131rsan\u0131z gaz vanas\u0131n\u0131 kapat\u0131n\u201d<\/strong><\/p>\n<p>Prof. Dr. Erenel depremden sonra yap\u0131lmas\u0131 gerekenlere dair ise, \u201cDepremlerden sonra \u00e7\u0131kan yang\u0131nlar olduk\u00e7a s\u0131k g\u00f6r\u00fclen ikincil afetlerdir. Bu nedenle e\u011fer gaz kokusu al\u0131rsan\u0131z, do\u011fal gaz vanas\u0131n\u0131 kapat\u0131n. Camlar\u0131 ve kap\u0131lar\u0131 a\u00e7\u0131n. Binay\u0131 hemen terk edin. E\u011fer gaz kokusu alm\u0131yorsan\u0131z s\u0131ras\u0131yla elektrik, do\u011fal gaz ve su vanalar\u0131n\u0131 kapat\u0131n, soba ve \u0131s\u0131t\u0131c\u0131lar\u0131 s\u00f6nd\u00fcr\u00fcn. \u00a0Acil durum \u00e7antan\u0131z\u0131 yan\u0131n\u0131za al\u0131n ve acil durum eylem plan\u0131 yapt\u0131ysan\u0131z bu plana sad\u0131k kalarak mahalledeki toplanma noktan\u0131za gidin. Radyo ve televizyon gibi kitle ileti\u015fim ara\u00e7lar\u0131yla yap\u0131lacak uyar\u0131lar\u0131 dinleyin. Cadde ve sokaklar\u0131 acil yard\u0131m ara\u00e7lar\u0131 i\u00e7in bo\u015f b\u0131rak\u0131n. Her b\u00fcy\u00fck depremden sonra mutlaka art\u00e7\u0131 depremler olur. Art\u00e7\u0131 depremler zaman i\u00e7erisinde seyrekle\u015fir ve b\u00fcy\u00fckl\u00fckleri azal\u0131r. Art\u00e7\u0131 depremler hasarl\u0131 binalarda zarara yol a\u00e7abilir. Bu nedenle sars\u0131nt\u0131lar tamamen bitene kadar hasarl\u0131 binalara girmeyin. Art\u00e7\u0131 depremler s\u0131ras\u0131nda da ana depremde yap\u0131lmas\u0131 gerekenleri uygulay\u0131n. Evinizi veya binan\u0131z\u0131 terk ederken k\u0131ymetli e\u015fyalar\u0131n\u0131z\u0131, kal\u0131n giyecek, battaniye gibi e\u015fyalar\u0131 yan\u0131n\u0131za al\u0131n\u0131z, ayakkab\u0131lar\u0131n\u0131z\u0131 giyin, biraz yiyecek ve i\u00e7me suyu temin edin. Cep telefonlar\u0131n\u0131 gereksiz yere kullanmay\u0131n\u201d dedi.<\/p>\n<p><strong>\u201cDeprem \u00f6ld\u00fcrmez, ihmal \u00f6ld\u00fcr\u00fcr\u201d<\/strong><\/p>\n<p>\u201c\u2019Deprem \u00f6ld\u00fcrmez, ihmal \u00f6ld\u00fcr\u00fcr\u2019 s\u00f6z\u00fc, depremlerin do\u011fal bir olay oldu\u011funu, ancak bu olaylar\u0131n sonucunda ya\u015fanan can ve mal kayb\u0131n\u0131n \u00e7o\u011funlukla haz\u0131rl\u0131ks\u0131zl\u0131k ve ihmallerden kaynakland\u0131\u011f\u0131n\u0131 ifade eder\u201d diyen Erenel s\u00f6zlerini \u015f\u00f6yle s\u00fcrd\u00fcrd\u00fc:<\/p>\n<p>\u201cBu s\u00f6z, insanlar\u0131n depreme kar\u015f\u0131 yeterli \u00f6nlemleri almad\u0131klar\u0131, binalar\u0131n g\u00fcvenli\u011fini sa\u011flamad\u0131klar\u0131 veya acil durum planlar\u0131 yapmad\u0131klar\u0131 takdirde, depremin yaratt\u0131\u011f\u0131 zarar\u0131n artaca\u011f\u0131na dikkat \u00e7eker. 45 saniye s\u00fcren 1999 Marmara Depreminin T\u00fcrkiye Cumhuriyeti\u2019ne ekonomik maliyeti ba\u011f\u0131ms\u0131z kurumlar taraf\u0131ndan yap\u0131lan ara\u015ft\u0131rmalara g\u00f6re 20 milyar dolard\u0131r. Bu maliyet d\u00fcnya \u00fczerinde afetlerin yaratt\u0131\u011f\u0131 ekonomik etkileri a\u00e7\u0131s\u0131ndan 6. S\u0131rada yer almaktad\u0131r. T\u00fcm d\u00fcnyay\u0131 etkileyen pandemi sebebiyle ortaya \u00e7\u0131kan ekonomik ve sa\u011fl\u0131k krizinin tam ortas\u0131nda ger\u00e7ekle\u015febilecek olas\u0131 bir \u0130stanbul depreminin T\u00fcrkiye Cumhuriyeti\u2019ni ciddi bir refah kayb\u0131na u\u011frataca\u011f\u0131 hatta beka sorunlar\u0131na dahi yol a\u00e7abilece\u011fi a\u00e7\u0131k\u00e7a g\u00f6r\u00fclmektedir. Afet ve Acil durumlarda kaybetti\u011fimiz her vatanda\u015f\u0131m\u0131z, yeti\u015ftirilen bir insan\u0131n, be\u015fer\u00ee sermayemizi olu\u015fturan nitelikli insan g\u00fcc\u00fcm\u00fcz\u00fc elimizden kaymas\u0131 kaybetmemiz d\u0131\u015f\u0131nda, yanan, y\u0131k\u0131lan veya kullan\u0131lamaz hale gelen her t\u00fcrl\u00fc ara\u00e7, tesis ve binalar ise b\u00fcy\u00fck bir milli servet kayb\u0131 olarak kar\u015f\u0131m\u0131za \u00e7\u0131kmaktad\u0131r. Meydana gelebilecek afetlerden toplumun en az zararla kurtulabilmesi i\u00e7in gerekli teknik, y\u00f6netsel ve yasal \u00f6nlemlerin afetten \u00f6nce al\u0131nmas\u0131; \u00f6nlemenin m\u00fcmk\u00fcn oldu\u011fu hallerde afetin \u00f6nlenmesi, m\u00fcmk\u00fcn olmad\u0131\u011f\u0131 hallerde ise kurtarma, ilk yard\u0131m ve iyile\u015ftirme \u00e7al\u0131\u015fmalar\u0131n\u0131n m\u00fcmk\u00fcn olan en h\u0131zl\u0131, verimli ve etkin \u015fekilde ger\u00e7ekle\u015fmesinin sa\u011flanmas\u0131 son derece \u00f6nem ta\u015f\u0131maktad\u0131r.\u201d<\/p>\n<p>\u00a0<\/p>\n<p>\u00a0<\/p>\n<p>Kaynak: (BYZHA) Beyaz Haber Ajans\u0131<\/p>\n","protected":false},"excerpt":{"rendered":"<p>\u0130stinye \u00dcniversitesi \u0130ktisadi, \u0130dari ve Sosyal Bilimler Fak\u00fcltesi Lojistik Y\u00f6netimi B\u00f6l\u00fcm Ba\u015fkan\u0131 Fahri Erenel, \u00fcniversitenin toplumsal sorumluluk vizyonundan hareketle haz\u0131rlanan \u201cDepreme Disiplinleraras\u0131 Bak\u0131\u015f\u201d kitab\u0131n\u0131n ortaya \u00e7\u0131k\u0131\u015f s\u00fcrecini ve ama\u00e7lar\u0131n\u0131 anlatt\u0131.<\/p>\n","protected":false},"author":1,"featured_media":39777,"comment_status":"open","ping_status":"open","sticky":false,"template":"","format":"standard","meta":{"footnotes":""},"categories":[4],"tags":[1194,378,60,3085,1030],"class_list":["post-39776","post","type-post","status-publish","format-standard","has-post-thumbnail","hentry","category-gundem","tag-afet","tag-calisma","tag-deprem","tag-depremin","tag-toplum"],"_links":{"self":[{"href":"https:\/\/bihavadis.com\/index.php\/wp-json\/wp\/v2\/posts\/39776","targetHints":{"allow":["GET"]}}],"collection":[{"href":"https:\/\/bihavadis.com\/index.php\/wp-json\/wp\/v2\/posts"}],"about":[{"href":"https:\/\/bihavadis.com\/index.php\/wp-json\/wp\/v2\/types\/post"}],"author":[{"embeddable":true,"href":"https:\/\/bihavadis.com\/index.php\/wp-json\/wp\/v2\/users\/1"}],"replies":[{"embeddable":true,"href":"https:\/\/bihavadis.com\/index.php\/wp-json\/wp\/v2\/comments?post=39776"}],"version-history":[{"count":1,"href":"https:\/\/bihavadis.com\/index.php\/wp-json\/wp\/v2\/posts\/39776\/revisions"}],"predecessor-version":[{"id":39778,"href":"https:\/\/bihavadis.com\/index.php\/wp-json\/wp\/v2\/posts\/39776\/revisions\/39778"}],"wp:featuredmedia":[{"embeddable":true,"href":"https:\/\/bihavadis.com\/index.php\/wp-json\/wp\/v2\/media\/39777"}],"wp:attachment":[{"href":"https:\/\/bihavadis.com\/index.php\/wp-json\/wp\/v2\/media?parent=39776"}],"wp:term":[{"taxonomy":"category","embeddable":true,"href":"https:\/\/bihavadis.com\/index.php\/wp-json\/wp\/v2\/categories?post=39776"},{"taxonomy":"post_tag","embeddable":true,"href":"https:\/\/bihavadis.com\/index.php\/wp-json\/wp\/v2\/tags?post=39776"}],"curies":[{"name":"wp","href":"https:\/\/api.w.org\/{rel}","templated":true}]}}