{"id":39803,"date":"2026-02-21T11:27:04","date_gmt":"2026-02-21T11:27:04","guid":{"rendered":"https:\/\/bihavadis.com\/?p=39803"},"modified":"2026-02-21T11:27:04","modified_gmt":"2026-02-21T11:27:04","slug":"kadikoyluler-iftar-sofralarinda-bulusuyor","status":"publish","type":"post","link":"https:\/\/bihavadis.com\/index.php\/2026\/02\/21\/kadikoyluler-iftar-sofralarinda-bulusuyor\/","title":{"rendered":"Kad\u0131k\u00f6yl\u00fcler \u0130ftar Sofralar\u0131nda Bulu\u015fuyor"},"content":{"rendered":"<p><b>Ramazan ay\u0131n\u0131n dayan\u0131\u015fma ve payla\u015fma ruhunu kente yayan Kad\u0131k\u00f6y Belediyesi, il\u00e7e genelinde d\u00fczenledi\u011fi programlarla binlerce vatanda\u015f\u0131 ayn\u0131 sofrada bulu\u015fturuyor. Cami temizli\u011finden sokak iftarlar\u0131na, ihtiya\u00e7 sahibi ailelere erzak deste\u011finden s\u0131cak yemek da\u011f\u0131t\u0131m\u0131na kadar bir\u00e7ok hizmet Ramazan boyunca aral\u0131ks\u0131z s\u00fcrd\u00fcr\u00fcl\u00fcyor.<\/b><br \/>Kad\u0131k\u00f6y Belediyesi Ramazan ay\u0131 boyunca her g\u00fcn kurdu\u011fu iftar sofralar\u0131nda binlerce Kad\u0131k\u00f6yl\u00fcy\u00fc misafir ediyor.\u00a0 Kad\u0131k\u00f6y Belediyesi taraf\u0131ndan Ramazan ay\u0131nda geleneksel olarak d\u00fczenlenen sokak iftarlar\u0131 bu y\u0131l da devam ediyor. Hasanpa\u015fa Mahallesi\u2019ndeki Kad\u0131k\u00f6y Belediyesi Atat\u00fcrk An\u0131t\u0131 \u00d6n\u00fc ve Dumlup\u0131nar Mahallesi\u2019ndeki Fikirtepe Saray D\u00fc\u011f\u00fcn Salonu\u2019nda sabit iftar sofralar\u0131 Ramazan ay\u0131 boyunca her g\u00fcn kurulacak. E\u011fitim Mahallesi\u2019nde olu\u015fturulan \u201cgel-al\u201d noktas\u0131nda ise vatanda\u015flar yemeklerini kendi kaplar\u0131na alabilecekler. Ayr\u0131ca Kad\u0131k\u00f6y\u2019\u00fcn her mahallesinde bir g\u00fcn iftar sofralar\u0131 kurulacak. Belediye, Ramazan ay\u0131 boyunca yakla\u015f\u0131k 120 bin ki\u015filik s\u0131cak yemek da\u011f\u0131tacak.<br \/>Ramazan ay\u0131n\u0131n birlik, beraberlik ve dayan\u0131\u015fma ay\u0131 oldu\u011funa dikkat \u00e7eken Kad\u0131k\u00f6y Belediye Ba\u015fkan\u0131 Mesut K\u00f6seda\u011f\u0131, \u201cRamazan, payla\u015fman\u0131n ve bir arada olman\u0131n de\u011ferini hat\u0131rlatan ay. Biz de Kad\u0131k\u00f6y\u2019de Ramazan ay\u0131 boyunca kurdu\u011fumuz iftar sofralar\u0131yla kom\u015fular\u0131m\u0131z\u0131 ayn\u0131 masada bulu\u015fturmay\u0131 istiyoruz. Ramazan\u2019\u0131n bereketini ve dayan\u0131\u015fma ruhunu birlikte ya\u015famak i\u00e7in t\u00fcm kom\u015fular\u0131m\u0131z\u0131 iftar sofralar\u0131m\u0131za bekliyoruz.\u201d dedi.<\/p>\n<p><b>KADIK\u00d6Y\u2019DEK\u0130 CAM\u0130LERDE RAMAZAN TEM\u0130ZL\u0130\u011e\u0130 YAPILDI<\/b><br \/>Kad\u0131k\u00f6y Belediyesi, Ramazan ay\u0131 dolay\u0131s\u0131yla il\u00e7edeki ibadethanelerde kapsaml\u0131 bir temizlik \u00e7al\u0131\u015fmas\u0131 ger\u00e7ekle\u015ftirdi. Vatanda\u015flar\u0131n ibadetlerini daha hijyenik ve sa\u011fl\u0131kl\u0131 ortamlarda ger\u00e7ekle\u015ftirebilmesi amac\u0131yla y\u00fcr\u00fct\u00fclen \u00e7al\u0131\u015fmalar kapsam\u0131nda, il\u00e7e genelindeki 21 mahallede bulunan camiler \u00f6zel temizlik ekipleri taraf\u0131ndan temizlenerek bak\u0131m i\u015flemleri tamamland\u0131.<\/p>\n<p><b>\u0130HT\u0130YA\u00c7 SAH\u0130B\u0130 A\u0130LELERE RAMAZAN ERZAKI DESTE\u011e\u0130<\/b><br \/>Kad\u0131k\u00f6y Belediyesi Sosyal Destek Hizmetleri M\u00fcd\u00fcrl\u00fc\u011f\u00fc taraf\u0131ndan, il\u00e7ede ya\u015fayan ve ihtiya\u00e7 sahibi oldu\u011fu belirlenen ailelere Ramazan ay\u0131 boyunca temel g\u0131da \u00fcr\u00fcnlerinden olu\u015fan erzak paketleri ula\u015ft\u0131r\u0131l\u0131yor.<br \/>Sabit iftar sofralar\u0131n\u0131n d\u0131\u015f\u0131nda, Kad\u0131k\u00f6y\u2019\u00fcn her mahallesinde bir g\u00fcn kurulacak olan iftar sofralar\u0131n\u0131n bilgisi i\u00e7in:<br \/>\u00a0https:\/\/kadikoyapi.kadikoy.bel.tr\/aeeb7a203a724c83b748c74cf66c590a.pdf<\/p>\n<p>\u00a0<\/p>\n<p>\u00a0<\/p>\n<p>Kaynak: (BYZHA) Beyaz Haber Ajans\u0131<\/p>\n","protected":false},"excerpt":{"rendered":"<p>Ramazan ay\u0131n\u0131n dayan\u0131\u015fma ve payla\u015fma ruhunu kente yayan Kad\u0131k\u00f6y Belediyesi, il\u00e7e genelinde d\u00fczenledi\u011fi programlarla binlerce vatanda\u015f\u0131 ayn\u0131 sofrada bulu\u015fturuyor.<\/p>\n","protected":false},"author":1,"featured_media":39804,"comment_status":"open","ping_status":"open","sticky":false,"template":"","format":"standard","meta":{"footnotes":""},"categories":[4],"tags":[5587,1648,3521,2714],"class_list":["post-39803","post","type-post","status-publish","format-standard","has-post-thumbnail","hentry","category-gundem","tag-iftar-sofralari","tag-kadikoy","tag-kadikoy-belediyesi","tag-ramazan"],"_links":{"self":[{"href":"https:\/\/bihavadis.com\/index.php\/wp-json\/wp\/v2\/posts\/39803","targetHints":{"allow":["GET"]}}],"collection":[{"href":"https:\/\/bihavadis.com\/index.php\/wp-json\/wp\/v2\/posts"}],"about":[{"href":"https:\/\/bihavadis.com\/index.php\/wp-json\/wp\/v2\/types\/post"}],"author":[{"embeddable":true,"href":"https:\/\/bihavadis.com\/index.php\/wp-json\/wp\/v2\/users\/1"}],"replies":[{"embeddable":true,"href":"https:\/\/bihavadis.com\/index.php\/wp-json\/wp\/v2\/comments?post=39803"}],"version-history":[{"count":1,"href":"https:\/\/bihavadis.com\/index.php\/wp-json\/wp\/v2\/posts\/39803\/revisions"}],"predecessor-version":[{"id":39805,"href":"https:\/\/bihavadis.com\/index.php\/wp-json\/wp\/v2\/posts\/39803\/revisions\/39805"}],"wp:featuredmedia":[{"embeddable":true,"href":"https:\/\/bihavadis.com\/index.php\/wp-json\/wp\/v2\/media\/39804"}],"wp:attachment":[{"href":"https:\/\/bihavadis.com\/index.php\/wp-json\/wp\/v2\/media?parent=39803"}],"wp:term":[{"taxonomy":"category","embeddable":true,"href":"https:\/\/bihavadis.com\/index.php\/wp-json\/wp\/v2\/categories?post=39803"},{"taxonomy":"post_tag","embeddable":true,"href":"https:\/\/bihavadis.com\/index.php\/wp-json\/wp\/v2\/tags?post=39803"}],"curies":[{"name":"wp","href":"https:\/\/api.w.org\/{rel}","templated":true}]}}