{"id":39810,"date":"2026-02-21T11:33:06","date_gmt":"2026-02-21T11:33:06","guid":{"rendered":"https:\/\/bihavadis.com\/?p=39810"},"modified":"2026-02-21T11:33:06","modified_gmt":"2026-02-21T11:33:06","slug":"bahceli-erken-secim-gundemde-yok","status":"publish","type":"post","link":"https:\/\/bihavadis.com\/index.php\/2026\/02\/21\/bahceli-erken-secim-gundemde-yok\/","title":{"rendered":"Bah\u00e7eli: Erken se\u00e7im g\u00fcndemde yok"},"content":{"rendered":"<p>\n<p>MHP Genel Ba\u015fkan\u0131 Devlet Bah\u00e7eli, &#8220;CHP Genel Ba\u015fkan\u0131n\u0131n erken se\u00e7im ezberine tak\u0131lmas\u0131 ve \u015fahs\u0131ma beyhude \u00e7a\u011fr\u0131lar yapmas\u0131 tam bir siyasi ahmakl\u0131kt\u0131r. Se\u00e7imin ne zaman yap\u0131laca\u011f\u0131 bellidir. Erken se\u00e7im diye bir \u015fey asla g\u00fcndemde yer almayacakt\u0131r&#8221; dedi.<\/p>\n<p>MHP Genel Ba\u015fkan\u0131 Bah\u00e7eli, TBMM&#8217;de partisinin grup toplant\u0131s\u0131nda konu\u015ftu. Bah\u00e7eli, insanl\u0131\u011f\u0131 zorlu bir gelece\u011fin bekledi\u011fini belirterek, &#8220;Bu nedenle gerek milli kaderimiz, gerekse de k\u00fcresel kaderimiz \u00fczerinde s\u00f6z ve iddia sahibi olmaktan ba\u015fka di\u011fer t\u00fcm se\u00e7eneklere kapal\u0131 olmak durumunday\u0131z. &#8216;Ter\u00f6rs\u00fcz T\u00fcrkiye&#8217;, &#8216;Ter\u00f6rs\u00fcz B\u00f6lge&#8217; hedefleri T\u00fcrk milletinin kaderine arac\u0131s\u0131z ve fas\u0131las\u0131z sahip \u00e7\u0131kma hamlesidir. Kim veya kimler bu hedeflere dudak b\u00fck\u00fcyorsa; kurakt\u0131r, kuklad\u0131r, korkakt\u0131r, karanl\u0131ktad\u0131r. Kim veya kimler s\u00f6z ve eylemleriyle bu hedefleri baltalama amac\u0131ndaysa maksatl\u0131d\u0131r, marazl\u0131d\u0131r, mahsurludur, ma\u015fad\u0131r. Kim ve kimler, makesin yerine makusu tercih ediyor, g\u00fcl\u00fcn yerine \u00e7amura ba\u015fvuruyor, bu suretle &#8216;Ter\u00f6rs\u00fcz T\u00fcrkiye&#8217;, &#8216;Ter\u00f6rs\u00fcz B\u00f6lge&#8217; hedeflerini sekteye u\u011fratmak i\u00e7in tetikte bekliyorsa, \u00fclke ve millet aleyhine tertip i\u00e7inde olan g\u00fcd\u00fcml\u00fc i\u015fbirlik\u00e7idir. S\u00f6z\u00fcn do\u011fru olmas\u0131 kadar millete mensubiyet ve sadakat hissiyat\u0131n\u0131n da a\u011f\u0131r basmas\u0131, a\u011f\u0131rl\u0131\u011f\u0131nca da m\u00fccevher gibi parlamas\u0131 usulen de esasen de gerek ve yeter \u015fartt\u0131r&#8221; dedi.<\/p>\n<p>&#8216;K\u00dcRT KARDE\u015eLER\u0130M\u0130ZLE YPG&#8217;Y\u0130 YAN YANA GET\u0130RMEK, GAF\u0130LL\u0130KT\u0130R&#8217;<\/p>\n<p>Suriye&#8217;deki geli\u015fmelere de\u011finen Bah\u00e7eli, &#8220;Suriye&#8217;deki malum olaylar\u0131 T\u00fcrkiye&#8217;ye ta\u015f\u0131y\u0131p K\u00fcrt karde\u015flerimizi provoke etmeye \u00e7al\u0131\u015fman\u0131n iyi niyetle ba\u011fda\u015f\u0131r bir taraf\u0131 asla yoktur ve olamayacakt\u0131r. K\u00fcrt karde\u015flerimizle ter\u00f6r \u00f6rg\u00fct\u00fc YPG&#8217;yi yan yana getirmek, \u00fcst \u00fcste \u00f6rt\u00fc\u015ft\u00fcrmek fahi\u015f bir gafilliktir. Suriye Cumhuriyeti&#8217;nde yeni bir denklem, yeni bir paradigma, yeni bir yap\u0131 olu\u015fmu\u015ftur. Bu durum beklenen, olmas\u0131 gereken gayedir, ayr\u0131ca devletin egemenlik haklar\u0131yla, siyasal, toplumsal ve toprak b\u00fct\u00fcnl\u00fc\u011f\u00fcyle ili\u015fkilidir, ayn\u0131 zamanda bunu destekleyen, tescilleyen geli\u015fmedir. 30 Ocak 2026 tarihinde, \u015eam y\u00f6netimi ile SDG\/YPG aras\u0131nda, 10 Mart Mutabakat\u0131 ile 18 Ocak Mutabakat\u0131 temelinde kapsaml\u0131 bir ate\u015fkes ile askeri ve idari yap\u0131lar\u0131n Suriye Cumhuriyeti&#8217;ne a\u015famal\u0131 entegrasyonu hususunda anla\u015fmaya varm\u0131\u015flard\u0131r. Bu geli\u015fme, Suriye&#8217;nin egemenli\u011finin g\u00fc\u00e7lendirilmesi ve uzun vadeli istikrar\u0131n sa\u011flanmas\u0131 a\u00e7\u0131s\u0131ndan belirleyici ve memnuniyet verici bir kav\u015fak noktas\u0131d\u0131r. Devlet otoritesi sa\u011flanm\u0131\u015ft\u0131r. Suriye&#8217;de devlet i\u00e7inde devletin olmayaca\u011f\u0131, paralel bir ordunun hayalden ibaret kalaca\u011f\u0131 netle\u015fmi\u015ftir. Art\u0131k kom\u015fu \u00fclkemiz Suriye&#8217;nin haritas\u0131 tek bir renge b\u00fcr\u00fcnm\u00fc\u015f, Siyonist-emperyalizme kiral\u0131k tetik\u00e7ilik yapanlar i\u015fgal ettikleri alanlardan \u00e7\u0131kar\u0131lm\u0131\u015ft\u0131r&#8221; ifadelerini kulland\u0131.<\/p>\n<p>&#8216;BEN D\u00d6NMEZEM YOLUMDAN&#8217;<\/p>\n<p>27 \u015eubat 2025 tarihinde ter\u00f6r \u00f6rg\u00fct\u00fc PKK eleba\u015f\u0131 Abdullah \u00d6calan taraf\u0131ndan yap\u0131lan &#8216;Bar\u0131\u015f ve Demokratik Toplum \u00c7a\u011fr\u0131s\u0131&#8217;n\u0131n 337 g\u00fcn sonra Suriye&#8217;de de m\u00fcspet kar\u015f\u0131l\u0131\u011f\u0131n\u0131 buldu\u011funu ve b\u00f6ylece \u00e7ok \u00f6nemli bir etab\u0131n ge\u00e7ildi\u011fini s\u00f6yleyen Bah\u00e7eli, &#8220;Onun bunun sa\u00e7ma sapan telkin ve tazyikine kap\u0131lmadan, su kat\u0131lmam\u0131\u015f b\u00fchtanlara ald\u0131r\u0131\u015f etmeden elimizi vicdan\u0131m\u0131za koyup d\u00fc\u015f\u00fcnelim ve sorgulayal\u0131m; PKK&#8217;n\u0131n kurucu \u00f6nderli\u011fi 27 \u015eubat 2025 tarihinden itibaren verdi\u011fi t\u00fcm s\u00f6zlerin ard\u0131nda durdu mu? Durdu. B\u00f6l\u00fcc\u00fc ter\u00f6r \u00f6rg\u00fct\u00fcn\u00fcn la\u011fvedilmesini ve silahlar\u0131n yak\u0131lmas\u0131n\u0131 sa\u011flad\u0131 m\u0131? Sa\u011flad\u0131. 27 \u015eubat \u00e7a\u011fr\u0131s\u0131 PKK&#8217;yla birlikte \u00f6rg\u00fct\u00fcn t\u00fcm bile\u015fenleri i\u00e7in ba\u011flay\u0131c\u0131 oldu mu? Oldu. Madem maksat has\u0131l oldu, o halde bize d\u00fc\u015fen de PKK&#8217;n\u0131n kurucu \u00f6nderli\u011fine DEM Parti&#8217;den t\u00fcm \u00f6rg\u00fct uzant\u0131lar\u0131na kadar sayg\u0131 g\u00f6sterilmesini istemek ve beklemektir. Araplar, K\u00fcrtler, T\u00fcrkmenler, di\u011fer halklar\u0131n birlik, dirlik ve karde\u015flik i\u00e7inde ya\u015famas\u0131 i\u00e7in tarihi bir f\u0131rsat kap\u0131s\u0131 aralanm\u0131\u015f ve herkes somut geli\u015fmeleri benimsemi\u015ftir. T\u00fcrkiye&#8217;de oldu\u011fu gibi, Suriye&#8217;de de provokasyonlar\u0131n ya\u015fanmas\u0131 m\u00fcmk\u00fcnd\u00fcr ve beklenmelidir. Buna kar\u015f\u0131 azami derece ve d\u00fczeyde sab\u0131rl\u0131, tedbirli, temkinli olmak herkesin ortak \u00e7\u0131kar\u0131nad\u0131r. Nusaybin&#8217;de bayra\u011f\u0131m\u0131z\u0131 indiren al\u00e7aklar, Diyarbak\u0131r ve Tarsus&#8217;ta sahaya \u00e7\u0131kan provokat\u00f6rler, Ayn el Arap \u00fczerinden milli birli\u011fimizi yaralamaya kalk\u0131\u015fan siyasi odaklar ne yaparsa yaps\u0131nlar, Pir Sultan Abdal&#8217;\u0131n s\u00f6zleriyle alay\u0131na sesleniyorum; &#8216;Koyun beni hak a\u015fk\u0131na yanay\u0131m, d\u00f6nen d\u00f6ns\u00fcn ben d\u00f6nmezem yolumdan. Yolumdan d\u00f6n\u00fcp mahrum mu kalay\u0131m, d\u00f6nen d\u00f6ns\u00fcn ben d\u00f6nmezem yolumdan&#8221; dedi.<\/p>\n<p>&#8216;T\u00dcRK-K\u00dcRT KARDE\u015eL\u0130\u011e\u0130N\u0130 BOZMAYI PLANLAYANLAR KAYBEDECEK&#8217;<\/p>\n<p>Nefreti a\u015f\u0131layanlar\u0131n ve fitneyi k\u00f6r\u00fckleyenlerin kaybedece\u011fine dikkat \u00e7eken Bah\u00e7eli, \u015f\u00f6yle konu\u015ftu: <\/p>\n<p>&#8220;Ebedi T\u00fcrk-K\u00fcrt karde\u015fli\u011fini bozmay\u0131 planlayanlar kaybedecek. K\u00fcrt karde\u015flerimizi mahut ter\u00f6r \u00f6rg\u00fct\u00fcyle bir ve e\u015fit g\u00f6renler kaybedecek. B\u00f6l\u00fcc\u00fc ter\u00f6r \u00f6rg\u00fct\u00fcn\u00fcn K\u00fcrt karde\u015flerimizi vesayet alt\u0131nda tutmas\u0131na hizmet edenler, bunu dileyenler, bunu g\u00f6rmek i\u00e7in \u00e7\u0131lg\u0131na d\u00f6nenler iki cihanda da yatacak yer bulamayacaklar. T\u00fcrk bizim, K\u00fcrt bizim, T\u00fcrk milleti de biziz ve hepimiziz. CHP Genel Ba\u015fkan\u0131n\u0131n Suriye devletinin ter\u00f6rle m\u00fccadelesini endi\u015fe verici bulmas\u0131, Say\u0131n Ahmet \u015eara&#8217;n\u0131n Suriye&#8217;nin tamam\u0131n\u0131 temsil etmedi\u011fini dile getirmesi h\u00fcsran verici bir hezeyand\u0131r. Esad&#8217;\u0131 kalbinde ta\u015f\u0131yan, akl\u0131n\u0131 ve g\u00f6nl\u00fcn\u00fc de YPG&#8217;ye kapt\u0131ran bu zat\u0131n ne s\u00f6z\u00fc s\u00f6z ne de siyaseti mert ve millidir. &#8216;HT\u015e&#8217;ye kravat takmakla olmaz&#8217; demi\u015f. Anlayaca\u011f\u0131n\u0131z halt etmi\u015f, gene \u00e7uvallam\u0131\u015f. Sen de YPG&#8217;nin kravat\u0131n\u0131 takabilirsin, Mazlum Abdi&#8217;yle el ele verebilirsin, da\u011f ta\u015f gezerek fesat, nifak \u00fcretimi yapabilirsin. Say\u0131n \u00d6zel, z\u0131rvay\u0131 b\u0131rak sadede gel. G\u00fcr\u00fclt\u00fc pat\u0131rt\u0131 \u00e7\u0131karman\u0131n siyaset olmad\u0131\u011f\u0131n\u0131, laf ola beri gele t\u00fcr\u00fcnden konu\u015fmalar\u0131n seni komik durumlara d\u00fc\u015f\u00fcrd\u00fc\u011f\u00fcn\u00fc anla ve kabullen. Dilinin alt\u0131ndaki baklay\u0131 \u00e7\u0131kar, Suriye&#8217;nin siyasi ve toprak b\u00fct\u00fcnl\u00fc\u011f\u00fcn\u00fc sa\u011flamas\u0131ndan dolay\u0131 uykular\u0131n\u0131n ka\u00e7t\u0131\u011f\u0131n\u0131 da itiraf et.&#8221;<\/p>\n<p>&#8216;ERKEN SE\u00c7\u0130M EZBER\u0130NE TAKILMASI AHMAHLIK&#8217;<\/p>\n<p>Bah\u00e7eli, CHP Genel Ba\u015fkan\u0131 \u00d6zg\u00fcr \u00d6zel&#8217;in erken se\u00e7im \u00e7a\u011fr\u0131lar\u0131na ili\u015fkin de &#8220;CHP Genel Ba\u015fkan\u0131n\u0131n erken se\u00e7im ezberine tak\u0131lmas\u0131 ve \u015fahs\u0131ma beyhude \u00e7a\u011fr\u0131lar yapmas\u0131 tam bir siyasi ahmakl\u0131kt\u0131r. Se\u00e7imin ne zaman yap\u0131laca\u011f\u0131 bellidir. Erken se\u00e7im diye bir \u015fey asla g\u00fcndemde yer almayacakt\u0131r. CHP Genel Ba\u015fkan\u0131, &#8216;se\u00e7im kap\u0131s\u0131n\u0131 arala&#8217; diye m\u0131r\u0131ldansa da bizim Cumhur \u0130ttifak\u0131 olarak aralayaca\u011f\u0131m\u0131z kap\u0131 T\u00fcrk ve T\u00fcrkiye Y\u00fczy\u0131l\u0131&#8217;n\u0131n c\u00fcmle kap\u0131s\u0131d\u0131r. Ba\u015fka kap\u0131lara y\u00fcz s\u00fcrmek, ba\u015fka kap\u0131lardan medet ummak CHP&#8217;nin beklentisi ve dile\u011fi olsa da Milliyet\u00e7i Hareket Partisi ile Cumhur \u0130ttifak\u0131&#8217;n\u0131n b\u00f6yle ucuz ve bayat g\u00fcndemlerin pe\u015finden savrulmas\u0131, o kap\u0131 bu kap\u0131 gezip dola\u015fmas\u0131 siyasi ak\u0131l ve mant\u0131k d\u0131\u015f\u0131d\u0131r. CHP Genel Ba\u015fkan\u0131 merak etmesin, se\u00e7im g\u00fcn\u00fc gelip \u00e7att\u0131\u011f\u0131nda T\u00fcrk milleti y\u00fcksek iradesiyle istismarc\u0131, inkarc\u0131, r\u00fc\u015fvet\u00e7i, kumarc\u0131, komisyoncu, vurguncu organize yolsuzluk \u00e7etesine T\u00fcrkiye&#8217;nin ka\u00e7 bucak oldu\u011funu muhakkak g\u00f6sterecektir&#8221; dedi.<\/p>\n<p>&#8216;ABD&#8217;N\u0130N \u0130RAN&#8217;I VURMASI VANDALLIK OLACAKTIR&#8217;<\/p>\n<p>Bah\u00e7eli, ABD&#8217;nin \u0130ran&#8217;a kar\u015f\u0131 g\u00fcndeme ald\u0131\u011f\u0131 askeri operasyon ihtimaliyle ilgili de &#8220;Bu sadece kom\u015fu \u00fclke \u0130ran ve b\u00f6lgemiz i\u00e7in de\u011fil, d\u00fcnyan\u0131n tamam\u0131n\u0131 yak\u0131c\u0131 \u015fekilde etkileyecek asal bir tehlikedir. \u0130ran&#8217;a askeri hareket yoluyla s\u00f6zde \u0131l\u0131ml\u0131, ger\u00e7ekte zincirlenmi\u015f ve dev\u015firilmi\u015f k\u00f6stebek liderleri i\u015f ba\u015f\u0131na getirme senaryosu \u00e7ok vahim sonu\u00e7lar\u0131 pe\u015f pe\u015fe tetikleyecektir. Venezuela&#8217;dan sonra s\u0131ray\u0131 \u0130ran&#8217;\u0131n almas\u0131 felaketlere a\u00e7\u0131k davetiye \u00e7\u0131karmaktan ba\u015fka bir anlama gelmeyecektir. Siyonizm&#8217;in d\u00fcrtmesiyle ABD&#8217;nin \u0130ran&#8217;\u0131 vurmas\u0131 hi\u00e7bir \u015fekilde kabul edilemez bir emperyalist vandall\u0131k olacakt\u0131r. B\u00f6ylesine bir hak ve yetki hi\u00e7bir \u00fclkenin uhdesinde de\u011fildir. \u0130ran&#8217;\u0131n veya di\u011fer egemen e\u015fitli\u011fe haiz ba\u011f\u0131ms\u0131z devletlerin gelece\u011fini m\u00fcessir \u015fekilde tayin ve temin edecek tek g\u00fc\u00e7 kendi halklar\u0131n\u0131n irade haysiyetidir. Bu itibarla ABD ile \u0130ran aras\u0131nda diyalog ve diplomasi \u00f6ne \u00e7\u0131kmal\u0131d\u0131r. Say\u0131n Cumhurba\u015fkan\u0131m\u0131z\u0131n taraflar\u0131 uzla\u015ft\u0131rma ve yat\u0131\u015ft\u0131rma \u00e7abas\u0131 sayg\u0131nd\u0131r ve takdire lay\u0131kt\u0131r. \u0130ran&#8217;\u0131n huzur ve g\u00fcvenli\u011fi, ayn\u0131 \u015fekilde Suriye&#8217;nin huzur ve g\u00fcvenli\u011fi, b\u00f6lgesel istikrar\u0131n kilit ta\u015f\u0131d\u0131r. Bu ta\u015f\u0131 yerinden oynatmak, \u0130ran&#8217;a askeri operasyon yapmak zincirleme ve alt\u0131ndan kalk\u0131lmas\u0131 kolay olmayan sorunlar\u0131 dalga dalga g\u00fcn y\u00fcz\u00fcne \u00e7\u0131karacakt\u0131r. Rusya ve Ukrayna&#8217;dan sonra \u0130ran&#8217;\u0131 da i\u00e7ine alacak sava\u015f ve s\u0131cak \u00e7at\u0131\u015fma havas\u0131n\u0131n k\u00fcresel boyut kazanmas\u0131 halinde kabus senaryolar\u0131 kuvveden fiile ge\u00e7ecektir. Katar&#8217;\u0131n ara buluculu\u011fu, T\u00fcrkiye&#8217;nin yo\u011fun gayretleri ABD ile \u0130ran aras\u0131ndaki anla\u015fmazl\u0131\u011fa sebep olan konu ba\u015fl\u0131klar\u0131n\u0131n mutabakatla \u00e7\u00f6z\u00fcm\u00fcne katk\u0131 sa\u011flamal\u0131d\u0131r. B\u00f6lgemiz yeni bir sava\u015f\u0131 kald\u0131ramaz&#8221; diye konu\u015ftu.<\/p>\n<p>&#8216;TEM\u0130Z S\u0130YASET\u0130 VE TEM\u0130Z TOPLUMU T\u00dcM D\u00dcNYA ADINA \u0130ST\u0130YORUZ&#8217;<\/p>\n<p>Tam bunlar oluyorken, birdenbire 3 milyon sayfan\u0131n \u00fczerinde olan Epstein belgesinin d\u00fcnya g\u00fcndemine oturdu\u011funu s\u00f6yleyen Bah\u00e7eli, &#8220;Skandal itiraflar, deh\u015fet verici \u00e7arp\u0131kl\u0131klar ne hikmetse ABD&#8217;nin Suriye&#8217;de SDG\/YPG&#8217;ye s\u0131rt d\u00f6n\u00fcp Ahmet \u015eara&#8217;y\u0131 destekledi\u011fi, ayr\u0131ca \u0130ran&#8217;a y\u00f6nelik sald\u0131r\u0131 planlar\u0131n\u0131n ortaya \u00e7\u0131kt\u0131\u011f\u0131 bir zamana tesad\u00fcf etmi\u015ftir. \u0130\u015fkence g\u00f6ren \u00e7ocuklardan taciz ve tecav\u00fcze u\u011frayan re\u015fit olmayan k\u0131z \u00e7ocuklar\u0131na var\u0131ncaya kadar kan donduran i\u011fren\u00e7liklerin ya\u015fanmas\u0131, pek \u00e7ok siyaset\u00e7i, devlet adam\u0131 ve me\u015fhur ismin kar\u0131\u015ft\u0131\u011f\u0131 ve kat\u0131ld\u0131\u011f\u0131 skandallar furyas\u0131, &#8216;insan\u0131m&#8217; diyen herkesin midesini buland\u0131rmaktad\u0131r. Cinsel istismar su\u00e7lusu milyarder Jeffrey Epstein&#8217;e ili\u015fkin olarak yay\u0131mlanan belgelerin zamanlama itibariyle manidar bir d\u00f6nemde de\u015fifre edilmesi hem tuhaf hem de ak\u0131llar\u0131 kar\u0131\u015ft\u0131ran soru i\u015faretleriyle doludur. \u0130nsanl\u0131k ay\u0131plar\u0131n\u0131n, insani felaketlerin, kirli ili\u015fkilerin merkezinde yer ald\u0131\u011f\u0131 bu tehdit mekanizmas\u0131n\u0131n organize halde siyasi ve stratejik hedefleri g\u00f6zetti\u011fi kanaatimce \u00e7ok m\u00fcmk\u00fcnd\u00fcr. \u0130nsani de\u011fer ve miras\u0131n ayaklar alt\u0131nda \u00e7i\u011fnenmesi, \u00e7ocuklar\u0131n bu faciada kullan\u0131lmalar\u0131 nice \u00e7at\u0131lar\u0131 u\u00e7uracak, nice \u015f\u00f6hretli insan\u0131 rezil edecek k\u0131rattad\u0131r. Biz temiz siyaseti ve temiz toplumu yaln\u0131zca T\u00fcrkiye i\u00e7in de\u011fil, t\u00fcm d\u00fcnya ad\u0131na da istiyoruz. \u015eerefli, g\u00fcvenli, namuslu, evrensel insani de\u011ferlere muvaf\u0131k halde ya\u015faman\u0131n bir ba\u015fka yolunun olmad\u0131\u011f\u0131n\u0131, olamayaca\u011f\u0131n\u0131 d\u00fc\u015f\u00fcn\u00fcyoruz&#8221; ifadelerini kulland\u0131.<\/p>\n<p>&#8216;BU VATAN VAROLU\u015e SEBEM\u0130M\u0130ZD\u0130R&#8217;<\/p>\n<p>Bah\u00e7eli, Meclis i\u00e7inde ya da d\u0131\u015f\u0131nda yer alanlar ne yaparsa yaps\u0131nlar, Milliyet\u00e7i Hareket Partisi&#8217;nin do\u011fru bildi\u011fi yoldan ayr\u0131lmayaca\u011f\u0131n\u0131 s\u00f6yleyerek, &#8220;Onlar Milliyet\u00e7i Hareket Partisi&#8217;yle, Milliyet\u00e7i Hareket Partisi de T\u00fcrkiye ve d\u00fcnya sorunlar\u0131 ile u\u011fra\u015fmaya devam edecektir. Biz siyaseti, siyaset olsun diye de\u011fil, milletimize ve \u00fclkemize hizmet i\u00e7in yap\u0131yoruz. \u00c7\u00fcnk\u00fc ba\u015fkalar\u0131 gibi ilkeleri, nezaketi, ho\u015fg\u00f6r\u00fcy\u00fc unutma l\u00fcks\u00fcne sahip de\u011filiz. Hi\u00e7bir T\u00fcrk milliyet\u00e7isi, hi\u00e7bir dava ve g\u00f6n\u00fcl insan\u0131, g\u00fcn\u00fcbirlik ya\u015fayamaz, savurgan ve sorumsuz davranamaz. Elleri \u00f6p\u00fclesi \u015eeyh Edebali&#8217;nin Osman Gazi&#8217;ye dedi\u011fi gibi, ger\u00e7ek inan\u00e7 ve dava insanlar\u0131 &#8216;sabah do\u011fup ak\u015fam \u00f6lenlerden olamaz. Milliyet\u00e7i Hareket Partisi ve Cumhur \u0130ttifak\u0131 nereden kaynaklan\u0131rsa kaynaklans\u0131n k\u00fc\u00e7\u00fck siyasi hesaplar\u0131n kendi ayaklar\u0131na pranga vurmas\u0131na izin vermeyecektir. Hi\u00e7bir T\u00fcrkiye sevdal\u0131s\u0131 buna g\u00f6z yummayacakt\u0131r. Bilakis, her g\u00fcn biraz daha kenetlenip b\u00fcy\u00fcyerek S\u00fcper G\u00fc\u00e7 T\u00fcrkiye yolundaki y\u00fcr\u00fcy\u00fc\u015f\u00fcm\u00fcz devam edecektir. Bu aziz vatan hepimizindir, temel varolu\u015f sebebimizdir. Bunun i\u00e7in her \u015feyimizdir, her \u015feyden de azizdir. Milliyet\u00e7i Hareket Partisi b\u00f6yle bir anlay\u0131\u015f\u0131n samimi temsilcisi, y\u00fcrekli savunucusudur, can pahas\u0131na olsa bile \u00fclkesinden ve \u00fclk\u00fclerinden taviz vermeyecektir. Anadolu huzura, \u00d6calan umuda, Ahmetler makama ve Demirta\u015f yuvas\u0131na d\u00f6n\u00fcnceye kadar karar\u0131m\u0131z nettir&#8221; dedi. <\/p>\n","protected":false},"excerpt":{"rendered":"<p>MHP Ba\u015fkan\u0131 Bah\u00e7eli, CHP liderinin erken se\u00e7im \u00e7a\u011fr\u0131lar\u0131n\u0131 &#8216;siyasi ahmakl\u0131k&#8217; olarak nitelendirdi.<\/p>\n","protected":false},"author":1,"featured_media":39811,"comment_status":"open","ping_status":"open","sticky":false,"template":"","format":"standard","meta":{"footnotes":""},"categories":[12],"tags":[2621,236,2215,361,517],"class_list":["post-39810","post","type-post","status-publish","format-standard","has-post-thumbnail","hentry","category-siyaset","tag-bahceli","tag-gun","tag-ola","tag-suriye","tag-turk"],"_links":{"self":[{"href":"https:\/\/bihavadis.com\/index.php\/wp-json\/wp\/v2\/posts\/39810","targetHints":{"allow":["GET"]}}],"collection":[{"href":"https:\/\/bihavadis.com\/index.php\/wp-json\/wp\/v2\/posts"}],"about":[{"href":"https:\/\/bihavadis.com\/index.php\/wp-json\/wp\/v2\/types\/post"}],"author":[{"embeddable":true,"href":"https:\/\/bihavadis.com\/index.php\/wp-json\/wp\/v2\/users\/1"}],"replies":[{"embeddable":true,"href":"https:\/\/bihavadis.com\/index.php\/wp-json\/wp\/v2\/comments?post=39810"}],"version-history":[{"count":1,"href":"https:\/\/bihavadis.com\/index.php\/wp-json\/wp\/v2\/posts\/39810\/revisions"}],"predecessor-version":[{"id":39812,"href":"https:\/\/bihavadis.com\/index.php\/wp-json\/wp\/v2\/posts\/39810\/revisions\/39812"}],"wp:featuredmedia":[{"embeddable":true,"href":"https:\/\/bihavadis.com\/index.php\/wp-json\/wp\/v2\/media\/39811"}],"wp:attachment":[{"href":"https:\/\/bihavadis.com\/index.php\/wp-json\/wp\/v2\/media?parent=39810"}],"wp:term":[{"taxonomy":"category","embeddable":true,"href":"https:\/\/bihavadis.com\/index.php\/wp-json\/wp\/v2\/categories?post=39810"},{"taxonomy":"post_tag","embeddable":true,"href":"https:\/\/bihavadis.com\/index.php\/wp-json\/wp\/v2\/tags?post=39810"}],"curies":[{"name":"wp","href":"https:\/\/api.w.org\/{rel}","templated":true}]}}