{"id":39851,"date":"2026-02-21T12:06:06","date_gmt":"2026-02-21T12:06:06","guid":{"rendered":"https:\/\/bihavadis.com\/?p=39851"},"modified":"2026-02-21T12:06:06","modified_gmt":"2026-02-21T12:06:06","slug":"nyt-abd-karayiplerde-konuslu-ucak-gemisi-grubunu-orta-doguya-gonderecek","status":"publish","type":"post","link":"https:\/\/bihavadis.com\/index.php\/2026\/02\/21\/nyt-abd-karayiplerde-konuslu-ucak-gemisi-grubunu-orta-doguya-gonderecek\/","title":{"rendered":"NYT: ABD, Karayipler&#8217;de konu\u015flu u\u00e7ak gemisi grubunu Orta Do\u011fu&#8217;ya g\u00f6nderecek"},"content":{"rendered":"<p>New York Times (NYT) gazetesinin haberine g\u00f6re, ABD y\u00f6netimi, \u0130ran&#8217;a y\u00f6nelik olas\u0131 sald\u0131r\u0131 planlar\u0131 kapsam\u0131nda yeni ad\u0131m att\u0131.<\/p>\n<p>Gazeteye konu\u015fan d\u00f6rt h\u00fck\u00fcmet yetkilisi, Karayipler&#8217;de konu\u015flu u\u00e7ak gemisi <em><b>&#8220;U.S.S. Gerald R. Ford&#8221; <\/b><\/em>ve beraberindeki gemilerin Orta Do\u011fu&#8217;ya g\u00f6nderilmesinin kararla\u015ft\u0131r\u0131ld\u0131\u011f\u0131n\u0131 belirtti.<\/p>\n<p><strong>MAYIS&#8217;A KADAR ANA L\u0130MANA D\u00d6NMEYECEKLER<\/strong><\/p>\n<p>\u0130simleri a\u00e7\u0131klanmayan yetkililer, u\u00e7ak gemisi ve grubunun, nisan sonu ile may\u0131s ba\u015f\u0131na kadar ana limana d\u00f6nmeyece\u011fini s\u00f6yledi.<\/p>\n<p><img decoding=\"async\" src=\"https:\/\/bihavadis.com\/wp-content\/uploads\/2026\/02\/nyt-abd-karayiplerde-konuslu-ucak-gemisi-grubunu-orta-doguya-gonderecek-0-WOGfeEsr.jpg\"\/><\/p>\n<p><strong>LINCOLN VE BERABER\u0130NDEK\u0130 GRUBA KATILACAKLAR<\/strong><\/p>\n<p>U\u00e7ak gemisi grubu, Orta Do\u011fu&#8217;da halihaz\u0131rda bulunan bir di\u011fer u\u00e7ak gemisi <em><b>&#8220;USS Abraham Lincoln&#8221; <\/b><\/em>ve beraberindeki taarruz grubuna kat\u0131lacak.<\/p>\n<p><strong>\u0130RAN&#8217;A OLASI SALDIRI HAZIRLI\u011eI \u0130DD\u0130ALARI G\u00dcNDEMDEYD\u0130<\/strong><\/p>\n<p>Son g\u00fcnlerde ABD medyas\u0131nda, \u0130ran&#8217;a olas\u0131 sald\u0131r\u0131ya haz\u0131rl\u0131k kapsam\u0131nda Orta Do\u011fu&#8217;ya ikinci bir u\u00e7ak gemisi sald\u0131r\u0131 grubunun g\u00f6nderilmesi konusunda haz\u0131rl\u0131k yap\u0131ld\u0131\u011f\u0131na dair iddialar \u00e7\u0131km\u0131\u015ft\u0131.<\/p>\n<p><strong>USS ABRAHAN L\u0130NCOLN U\u00c7AK GEM\u0130S\u0130 ORTA DO\u011eU&#8217;YA KONU\u015eLANMI\u015eTI<\/strong><\/p>\n<p>Washington&#8217;un \u0130ran&#8217;\u0131n n\u00fckleer programlar\u0131na ili\u015fkin taleplerine yan\u0131t vermemesi halinde olas\u0131 bir sald\u0131r\u0131ya haz\u0131rl\u0131k kapsam\u0131nda Orta Do\u011fu\u2019da e\u015fi benzeri g\u00f6r\u00fclmemi\u015f bir ABD askeri y\u0131\u011f\u0131na\u011f\u0131 yapmas\u0131 nedeniyle b\u00f6lge giderek artan gerilimlere sahne oluyor.<\/p>\n<p><strong>\u0130RAN&#8217;I &#8216;DAHA K\u00d6T\u00dc B\u0130R SALDIRI&#8217; \u0130LE TEHD\u0130T ETM\u0130\u015eT\u0130<\/strong><\/p>\n<p>ABD Ba\u015fkan\u0131 Donald Trump, 28 Ocak&#8217;ta sosyal medya hesab\u0131ndan yapt\u0131\u011f\u0131 a\u00e7\u0131klamada, \u0130ran&#8217;a do\u011fru devasa <em><b>&#8220;Armada&#8221;<\/b><\/em>n\u0131n (ABD donanmas\u0131na ait b\u00fcy\u00fck deniz g\u00fcc\u00fc) ilerledi\u011fini belirterek, Tahran y\u00f6netimine anla\u015fma \u00e7a\u011fr\u0131s\u0131nda bulunmu\u015f, aksi halde<em><b> &#8220;daha k\u00f6t\u00fc bir sald\u0131r\u0131&#8221;<\/b><\/em> d\u00fczenlenece\u011fini kaydetmi\u015fti.<\/p>\n<p><strong>&#8220;F\u0130LO G\u00d6REV\u0130N\u0130 YER\u0130NE GET\u0130RMEYE HAZIR&#8221;<\/strong><\/p>\n<p>Trump, bu Armada&#8217;n\u0131n <em><b>&#8220;USS Abraham Lincoln&#8221; <\/b><\/em>u\u00e7ak gemisi \u00f6nc\u00fcl\u00fc\u011f\u00fcnde ve Venezuela&#8217;ya g\u00f6nderilenden daha b\u00fcy\u00fck bir filo oldu\u011funa i\u015faret ederek, <em><b>&#8220;(Filo) Venezuela&#8217;daki gibi, gerekirse h\u0131zla ve \u015fiddetle g\u00f6revini yerine getirmeye haz\u0131r, istekli ve kabiliyetli.&#8221;<\/b><\/em> ifadesini kullanm\u0131\u015ft\u0131.<\/p>\n<p>ABD Merkez Komutanl\u0131\u011f\u0131 (CENTCOM) da 26 Ocak&#8217;ta <em><b>&#8220;USS Abraham Lincoln&#8221; <\/b><\/em>u\u00e7ak gemisi taarruz grubunun <em><b>&#8220;b\u00f6lgesel g\u00fcvenlik ve istikrar\u0131 desteklemek&#8221;<\/b><\/em> amac\u0131yla Orta Do\u011fu\u2019ya konu\u015fland\u0131r\u0131ld\u0131\u011f\u0131n\u0131 duyurmu\u015ftu.<\/p>\n<p><img decoding=\"async\" src=\"https:\/\/bihavadis.com\/wp-content\/uploads\/2026\/02\/nyt-abd-karayiplerde-konuslu-ucak-gemisi-grubunu-orta-doguya-gonderecek-1-iIClNub3.jpg\"\/><\/p>\n","protected":false},"excerpt":{"rendered":"<p>ABD&#8217;nin, Karayipler&#8217;deki u\u00e7ak gemisi grubunu Orta Do\u011fu&#8217;ya sevk edece\u011fi duyuruldu. U.S.S. Gerald R. Ford&#8217;un da bulundu\u011fu gemilerin, \u0130ran tehditlerine kar\u015f\u0131 al\u0131nacak \u00f6nlemlere destek olaca\u011f\u0131 belirtiliyor.<\/p>\n","protected":false},"author":1,"featured_media":39852,"comment_status":"open","ping_status":"open","sticky":false,"template":"","format":"standard","meta":{"footnotes":""},"categories":[6],"tags":[272,407,794,4492],"class_list":["post-39851","post","type-post","status-publish","format-standard","has-post-thumbnail","hentry","category-dunya","tag-abd","tag-orta","tag-saldiri","tag-ucak-gemisi"],"_links":{"self":[{"href":"https:\/\/bihavadis.com\/index.php\/wp-json\/wp\/v2\/posts\/39851","targetHints":{"allow":["GET"]}}],"collection":[{"href":"https:\/\/bihavadis.com\/index.php\/wp-json\/wp\/v2\/posts"}],"about":[{"href":"https:\/\/bihavadis.com\/index.php\/wp-json\/wp\/v2\/types\/post"}],"author":[{"embeddable":true,"href":"https:\/\/bihavadis.com\/index.php\/wp-json\/wp\/v2\/users\/1"}],"replies":[{"embeddable":true,"href":"https:\/\/bihavadis.com\/index.php\/wp-json\/wp\/v2\/comments?post=39851"}],"version-history":[{"count":1,"href":"https:\/\/bihavadis.com\/index.php\/wp-json\/wp\/v2\/posts\/39851\/revisions"}],"predecessor-version":[{"id":39855,"href":"https:\/\/bihavadis.com\/index.php\/wp-json\/wp\/v2\/posts\/39851\/revisions\/39855"}],"wp:featuredmedia":[{"embeddable":true,"href":"https:\/\/bihavadis.com\/index.php\/wp-json\/wp\/v2\/media\/39852"}],"wp:attachment":[{"href":"https:\/\/bihavadis.com\/index.php\/wp-json\/wp\/v2\/media?parent=39851"}],"wp:term":[{"taxonomy":"category","embeddable":true,"href":"https:\/\/bihavadis.com\/index.php\/wp-json\/wp\/v2\/categories?post=39851"},{"taxonomy":"post_tag","embeddable":true,"href":"https:\/\/bihavadis.com\/index.php\/wp-json\/wp\/v2\/tags?post=39851"}],"curies":[{"name":"wp","href":"https:\/\/api.w.org\/{rel}","templated":true}]}}