{"id":3986,"date":"2026-01-29T00:51:06","date_gmt":"2026-01-29T00:51:06","guid":{"rendered":"https:\/\/bihavadis.com\/?p=3986"},"modified":"2026-01-29T00:51:06","modified_gmt":"2026-01-29T00:51:06","slug":"sigaraya-maruz-kalanlarin-kansere-yakalanma-riski-yuzde-30","status":"publish","type":"post","link":"https:\/\/bihavadis.com\/index.php\/2026\/01\/29\/sigaraya-maruz-kalanlarin-kansere-yakalanma-riski-yuzde-30\/","title":{"rendered":"Sigaraya maruz kalanlar\u0131n kansere yakalanma riski y\u00fczde 30"},"content":{"rendered":"<div> <img decoding=\"async\" src=\"https:\/\/bihavadis.com\/wp-content\/uploads\/2026\/01\/sigaraya-maruz-kalanlarin-kansere-yakalanma-riski-yuzde-30-0-19VXP8SL.jpg\"\/> <\/div>\n<p>D\u00fcnya Sa\u011fl\u0131k \u00d6rg\u00fct\u00fc (WHO) verilerine g\u00f6re her 4 saniyede 1 ki\u015fi, yani y\u0131lda 8 milyon ki\u015fi sigara kullan\u0131m\u0131 sebebiyle \u00f6l\u00fcrken buna ra\u011fmen baz\u0131 \u00fclkelerde yeterli bilgi ve bilincin olu\u015fmam\u0131\u015f olmas\u0131 sigara kullan\u0131m\u0131n\u0131 her ge\u00e7en g\u00fcn art\u0131r\u0131yor. Sigaran\u0131n neden oldu\u011fu akci\u011fer kanseri y\u0131lda 1.8 milyon ki\u015finin \u00f6l\u00fcm\u00fcne sebep olurken, sigara i\u00e7enlerin sigara i\u00e7meyenlere k\u0131yasla ya\u015famlar\u0131 boyunca akci\u011fer kanserine yakalanma olas\u0131l\u0131\u011f\u0131 22 kat daha fazla oluyor. Evde veya i\u015fyerinde sigaraya maruz kalan pasif i\u00e7ici ki\u015filerin akci\u011fer kanserine yakalanma riski de sigaraya maruz kalmayan ki\u015filere oranla y\u00fczde 30 daha fazla. Bununla beraber t\u00fct\u00fcn kullan\u0131m\u0131n\u0131 b\u0131rakt\u0131ktan 10 y\u0131l sonras\u0131nda akci\u011fer kanseri riski, sigara i\u00e7enlere k\u0131yasla yakla\u015f\u0131k yar\u0131 yar\u0131ya kadar d\u00fc\u015f\u00fcyor.<\/p>\n<p><b>TEMA: AKC\u0130\u011eER SA\u011eLI\u011eI<\/b><\/p>\n<p><span>Bu nedenle WHO ve k\u00fcresel ortaklar\u0131n\u0131n karar\u0131yla her y\u0131l 31 May\u0131s\u2019ta kutlanan \u2018D\u00fcnya Sigaras\u0131z G\u00fcn\u00fc\u2019, t\u00fct\u00fcn kullan\u0131m\u0131 ve pasif i\u00e7icili\u011fin zararlar\u0131 ile \u00f6l\u00fcmc\u00fcl etkileri hakk\u0131nda fark\u0131ndal\u0131k olu\u015fturmay\u0131 ama\u00e7l\u0131yor. Bu y\u0131l \u2018Akci\u011fer sa\u011fl\u0131\u011f\u0131\u2019 temas\u0131yla yap\u0131lacak kutlamalar\u0131n \u00f6nemine de\u011finen Prof. Dr. G\u00fclten Kaptan, t\u00fct\u00fcn\u00fcn kanserden kronik solunum yollar\u0131 hastal\u0131\u011f\u0131na kadar akci\u011fer sa\u011fl\u0131\u011f\u0131 \u00fczerindeki olumsuz etkilerinin ara\u015ft\u0131r\u0131lmas\u0131 ve sigaraya maruz kalmam\u0131\u015f akci\u011ferlerin insanlar\u0131n sa\u011fl\u0131\u011f\u0131 i\u00e7in oynad\u0131\u011f\u0131 temel rollerin ara\u015ft\u0131r\u0131larak ki\u015fileri bilin\u00e7lendirme hareketinin g\u00fc\u00e7lendirilmesi gerekti\u011fini s\u00f6yledi. <\/span><\/p>\n<p><b>&#8220;GEREKL\u0130 ADIMLAR ATILMALI&#8221;<\/b><\/p>\n<p><span>2019 D\u00fcnya Sigaras\u0131z G\u00fcn\u00fc\u2019n\u00fcn t\u00fct\u00fcn t\u00fcketimini azaltmak i\u00e7in etkili politikalar\u0131 savunurken ayn\u0131 zamanda t\u00fct\u00fcn kontrol\u00fc i\u00e7in yap\u0131lan m\u00fccadelede payda\u015flar\u0131 birden fazla sekt\u00f6re dahil eden bir eylem \u00e7a\u011fr\u0131s\u0131 olarak da d\u00fc\u015f\u00fcn\u00fclebilece\u011fini belirten Kaptan, <strong>\u201cGereken bilincin olu\u015fturularak akci\u011ferlerin sa\u011fl\u0131kl\u0131 olmas\u0131n\u0131n \u00f6nemi vurgulanmal\u0131, sonras\u0131nda da sa\u011fl\u0131kl\u0131 ya\u015famak i\u00e7in gerekli olan ad\u0131mlar at\u0131lmal\u0131\u201d <\/strong>dedi. <\/span><\/p>\n<p><b>&#8220;\u00c7\u00d6Z\u00dcM \u00d6NER\u0130LER\u0130 OLU\u015eTURULMALI&#8221;<\/b><\/p>\n<p><span>Nelerde fark\u0131ndal\u0131k olu\u015fturmak gerekti\u011fi konusunda WHO\u2019nun bir\u00e7ok riski ele ald\u0131\u011f\u0131n\u0131 da ifade eden Kaptan, s\u00f6zlerine \u015f\u00f6yle devam etti: <strong>\u201cBunlardan baz\u0131lar\u0131 sigara i\u00e7mek ve pasif i\u00e7icilik nedeniyle dumana maruz kalmaktan kaynaklanan riskler. Bununla beraber kronik solunum yolu hastal\u0131klar\u0131 ve akci\u011fer kanseri dahil olmak \u00fczere t\u00fct\u00fcn\u00fcn neden oldu\u011fu akci\u011fer hastal\u0131klar\u0131n\u0131n k\u00fcresel olarak \u00f6l\u00fcm ve hastal\u0131k oranlar\u0131n\u0131 art\u0131rd\u0131\u011f\u0131n\u0131n bilincine var\u0131lmal\u0131. T\u00fct\u00fcn kullan\u0131m\u0131 ile t\u00fcberk\u00fclozdan \u00f6l\u00fcmler aras\u0131ndaki ba\u011flant\u0131 ve bu konuda elde edilen verilere dayal\u0131 kan\u0131tlar\u0131n incelenerek pasif i\u00e7icili\u011fe maruz kalan kitlelerin de incelenmesi gerekiyor. Kamu ve h\u00fck\u00fcmetlerin, kitlelerin t\u00fct\u00fcn kullan\u0131m\u0131 nedeniyle ortaya \u00e7\u0131kan akci\u011fer sa\u011fl\u0131\u011f\u0131 risklerini azaltmak i\u00e7in uygulanabilir \u00f6nlemleri almalar\u0131na dair \u00e7\u00f6z\u00fcm \u00f6nerilerinin olu\u015fturulmas\u0131 ama\u00e7lan\u0131yor.\u201d <\/strong><\/span><\/p>\n<div>\n<div>  <\/div>\n<\/div>\n","protected":false},"excerpt":{"rendered":"<p>WHO verilerine g\u00f6re y\u0131lda 8 milyon ki\u015finin sigara kullan\u0131m\u0131 nedeniyle \u00f6ld\u00fc\u011f\u00fcn\u00fc belirten Dr. Kaptan, bu y\u00fczden bu y\u0131l D\u00fcnya Sigaras\u0131z G\u00fcn\u00fc temas\u0131n\u0131n \u2018Akci\u011fer sa\u011fl\u0131\u011f\u0131\u2019 olarak belirlendi\u011fini s\u00f6yledi.<\/p>\n","protected":false},"author":1,"featured_media":3987,"comment_status":"open","ping_status":"open","sticky":false,"template":"","format":"standard","meta":{"footnotes":""},"categories":[11],"tags":[692,653,567,419,693],"class_list":["post-3986","post","type-post","status-publish","format-standard","has-post-thumbnail","hentry","category-saglik","tag-akciger","tag-kisi","tag-sigara","tag-tutun","tag-yil"],"_links":{"self":[{"href":"https:\/\/bihavadis.com\/index.php\/wp-json\/wp\/v2\/posts\/3986","targetHints":{"allow":["GET"]}}],"collection":[{"href":"https:\/\/bihavadis.com\/index.php\/wp-json\/wp\/v2\/posts"}],"about":[{"href":"https:\/\/bihavadis.com\/index.php\/wp-json\/wp\/v2\/types\/post"}],"author":[{"embeddable":true,"href":"https:\/\/bihavadis.com\/index.php\/wp-json\/wp\/v2\/users\/1"}],"replies":[{"embeddable":true,"href":"https:\/\/bihavadis.com\/index.php\/wp-json\/wp\/v2\/comments?post=3986"}],"version-history":[{"count":1,"href":"https:\/\/bihavadis.com\/index.php\/wp-json\/wp\/v2\/posts\/3986\/revisions"}],"predecessor-version":[{"id":3989,"href":"https:\/\/bihavadis.com\/index.php\/wp-json\/wp\/v2\/posts\/3986\/revisions\/3989"}],"wp:featuredmedia":[{"embeddable":true,"href":"https:\/\/bihavadis.com\/index.php\/wp-json\/wp\/v2\/media\/3987"}],"wp:attachment":[{"href":"https:\/\/bihavadis.com\/index.php\/wp-json\/wp\/v2\/media?parent=3986"}],"wp:term":[{"taxonomy":"category","embeddable":true,"href":"https:\/\/bihavadis.com\/index.php\/wp-json\/wp\/v2\/categories?post=3986"},{"taxonomy":"post_tag","embeddable":true,"href":"https:\/\/bihavadis.com\/index.php\/wp-json\/wp\/v2\/tags?post=3986"}],"curies":[{"name":"wp","href":"https:\/\/api.w.org\/{rel}","templated":true}]}}