{"id":39865,"date":"2026-02-21T12:18:08","date_gmt":"2026-02-21T12:18:08","guid":{"rendered":"https:\/\/bihavadis.com\/?p=39865"},"modified":"2026-02-21T12:18:08","modified_gmt":"2026-02-21T12:18:08","slug":"fenerbahcenin-bitti-denilen-kante-ve-en-nesyri-transferleri-iptal-oldu","status":"publish","type":"post","link":"https:\/\/bihavadis.com\/index.php\/2026\/02\/21\/fenerbahcenin-bitti-denilen-kante-ve-en-nesyri-transferleri-iptal-oldu\/","title":{"rendered":"Fenerbah\u00e7e&#8217;nin bitti denilen Kante ve En-Nesyri transferleri iptal oldu"},"content":{"rendered":"<p>Ara transfer d\u00f6neminde Musaba, Guendouzi ve Mert G\u00fcnok&#8217;u kadrosuna katan Fenerbah\u00e7e, d\u00fcnyaca \u00fcnl\u00fc orta saha N&#8217;Golo Kante&#8217;yi de sar\u0131-lacivertli formayla bulu\u015fturmak i\u00e7in yo\u011fun mesai harcad\u0131. Ancak Kante transferiyle birlikte Al-Ittihad&#8217;\u0131n Youssef En-Nesyri hamlesi son anda iptal oldu.<\/p>\n<p><b>TAKAS FORM\u00dcL\u00dcNDE EL SIKI\u015eILMI\u015eTI<\/b><\/p>\n<p>Fenerbah\u00e7e, N&#8217;Golo Kante transferi i\u00e7in Al-Ittihad ile Youssef En-Nesyri ve 4 milyon Euro kar\u015f\u0131l\u0131\u011f\u0131nda anla\u015fmaya varm\u0131\u015ft\u0131. Fasl\u0131 golc\u00fc En-Nesyri, Kocaelispor deplasman\u0131nda ilk 11&#8217;de sahaya \u00e7\u0131km\u0131\u015f, kar\u015f\u0131la\u015fma sonras\u0131 tak\u0131m arkada\u015flar\u0131yla vedala\u015fmas\u0131 transferin tamamland\u0131\u011f\u0131 \u015feklinde yorumlanm\u0131\u015ft\u0131.<\/p>\n<p><b>KANTE SA\u011eLIK KONTROL\u00dcNDEN GE\u00c7M\u0130\u015eT\u0130<\/b><\/p>\n<p>Sar\u0131-lacivertli y\u00f6netim, transfer s\u00fcrecinde \u00f6nemli bir a\u015famay\u0131 daha geride b\u0131rakm\u0131\u015f, Kante Arabistan&#8217;da sa\u011fl\u0131k kontrol\u00fcnden ge\u00e7irilmi\u015fti. Frans\u0131z y\u0131ld\u0131z\u0131n ma\u00e7 kadrosuna al\u0131nmamas\u0131 da transferin an meselesi oldu\u011fu \u015feklinde de\u011ferlendirilmi\u015fti.<\/p>\n<div>\n<figure><img decoding=\"async\" src=\"https:\/\/bihavadis.com\/wp-content\/uploads\/2026\/02\/fenerbahcenin-bitti-denilen-kante-ve-en-nesyri-transferleri-iptal-oldu-0-8kJu27FS.jpg\"\/><\/figure>\n<\/div>\n<p><b>&#8220;SORUN YOK&#8221; DENM\u0130\u015eT\u0130<\/b><\/p>\n<p>Fenerbah\u00e7e Y\u00f6neticisi Ali G\u00fcrb\u00fcz, Kocaelispor galibiyeti sonras\u0131 yapt\u0131\u011f\u0131 a\u00e7\u0131klamada Kante transferinde problem olmad\u0131\u011f\u0131n\u0131 vurgulayarak, &#8220;Zaman\u0131m\u0131z az ama eksiklerimizi 1-2 g\u00fcn i\u00e7inde tamamlayaca\u011f\u0131z. Kante transferinde \u015fu an bir sorun yok&#8221; ifadelerini kullanm\u0131\u015ft\u0131.<\/p>\n<p><b>EVRAKLAR YET\u0130\u015eMED\u0130, TRAMSFERLER \u0130PTAL OLDU<\/b><\/p>\n<p>Ancak bug\u00fcn gelen geli\u015fme sar\u0131-lacivertli camiada hayal k\u0131r\u0131kl\u0131\u011f\u0131 yaratt\u0131. Fenerbah\u00e7e&#8217;nin N&#8217;Golo Kante, Al-Ittihad&#8217;\u0131n ise Youssef En-Nesyri transferlerinin, iki kul\u00fcb\u00fcn de evraklar\u0131 sisteme zaman\u0131nda y\u00fcklememesi nedeniyle iptal oldu\u011fu \u00f6\u011frenildi. B\u00f6ylece taraflar\u0131n anla\u015ft\u0131\u011f\u0131 takas ve transfer plan\u0131 resmen rafa kalkt\u0131.<\/p>\n","protected":false},"excerpt":{"rendered":"<p>Fenerbah\u00e7e&#8217;nin bir s\u00fcredir transferi i\u00e7in yo\u011fun u\u011fra\u015flar verdi\u011fi N&#8217;Golo Kante transferi ger\u00e7ekle\u015fmedi. Takasta kullan\u0131lacak olan Youssef En-Nesyri de sar\u0131-lacivertli tak\u0131mda kald\u0131. \u0130ki transferin evraklar yeti\u015fmedi\u011fi i\u00e7in iptal oldu\u011fu ifade edildi.<\/p>\n","protected":false},"author":1,"featured_media":39866,"comment_status":"open","ping_status":"open","sticky":false,"template":"","format":"standard","meta":{"footnotes":""},"categories":[14],"tags":[1395,404],"class_list":["post-39865","post","type-post","status-publish","format-standard","has-post-thumbnail","hentry","category-spor","tag-kante","tag-transfer"],"_links":{"self":[{"href":"https:\/\/bihavadis.com\/index.php\/wp-json\/wp\/v2\/posts\/39865","targetHints":{"allow":["GET"]}}],"collection":[{"href":"https:\/\/bihavadis.com\/index.php\/wp-json\/wp\/v2\/posts"}],"about":[{"href":"https:\/\/bihavadis.com\/index.php\/wp-json\/wp\/v2\/types\/post"}],"author":[{"embeddable":true,"href":"https:\/\/bihavadis.com\/index.php\/wp-json\/wp\/v2\/users\/1"}],"replies":[{"embeddable":true,"href":"https:\/\/bihavadis.com\/index.php\/wp-json\/wp\/v2\/comments?post=39865"}],"version-history":[{"count":1,"href":"https:\/\/bihavadis.com\/index.php\/wp-json\/wp\/v2\/posts\/39865\/revisions"}],"predecessor-version":[{"id":39868,"href":"https:\/\/bihavadis.com\/index.php\/wp-json\/wp\/v2\/posts\/39865\/revisions\/39868"}],"wp:featuredmedia":[{"embeddable":true,"href":"https:\/\/bihavadis.com\/index.php\/wp-json\/wp\/v2\/media\/39866"}],"wp:attachment":[{"href":"https:\/\/bihavadis.com\/index.php\/wp-json\/wp\/v2\/media?parent=39865"}],"wp:term":[{"taxonomy":"category","embeddable":true,"href":"https:\/\/bihavadis.com\/index.php\/wp-json\/wp\/v2\/categories?post=39865"},{"taxonomy":"post_tag","embeddable":true,"href":"https:\/\/bihavadis.com\/index.php\/wp-json\/wp\/v2\/tags?post=39865"}],"curies":[{"name":"wp","href":"https:\/\/api.w.org\/{rel}","templated":true}]}}