{"id":39889,"date":"2026-02-21T12:36:38","date_gmt":"2026-02-21T12:36:38","guid":{"rendered":"https:\/\/bihavadis.com\/?p=39889"},"modified":"2026-02-21T12:36:38","modified_gmt":"2026-02-21T12:36:38","slug":"kargo-gemisi-2-gun-boyunca-kurtarma-talebinde-bulunmadi","status":"publish","type":"post","link":"https:\/\/bihavadis.com\/index.php\/2026\/02\/21\/kargo-gemisi-2-gun-boyunca-kurtarma-talebinde-bulunmadi\/","title":{"rendered":"Kargo Gemisi 2 G\u00fcn Boyunca Kurtarma Talebinde Bulunmad\u0131"},"content":{"rendered":"<p> Sar\u0131yer a\u00e7\u0131klar\u0131nda karaya oturan 100 metre uzunlu\u011fundaki Komor Adalar\u0131 bayrakl\u0131 kargo gemisinin, kurtar\u0131lma talebinde bulunmadan bekleyi\u015fi s\u00fcr\u00fcyor.<\/p>\n<p> Romanya&#8217;daki K\u00f6stence Liman\u0131&#8217;ndan ayr\u0131larak \u0130stanbul Bo\u011faz\u0131 a\u00e7\u0131klar\u0131na seyreden Komor Adalar\u0131 bayrakl\u0131, 100 metrelik &#8220;Razouk&#8221; isimli kargo gemisinin, K\u0131s\u0131rkaya a\u00e7\u0131klar\u0131nda hen\u00fcz bilinmeyen nedenle karaya oturmas\u0131n\u0131n ard\u0131ndan b\u00f6lgeye sevk edilen Sahil G\u00fcvenlik Komutanl\u0131\u011f\u0131 ve K\u0131y\u0131 Emniyeti Genel M\u00fcd\u00fcrl\u00fc\u011f\u00fc ekipleri de tedbiren b\u00f6lgede durmaya devam ediyor.<\/p>\n<p>Geminin karaya oturmas\u0131n\u0131n \u00fczerinden iki g\u00fcn ge\u00e7mesine ra\u011fmen herhangi bir yard\u0131m talebinde bulunulmad\u0131\u011f\u0131 \u00f6\u011frenildi.<\/p>\n<p>Olay<\/p>\n<p>Romanya&#8217;daki K\u00f6stence Liman\u0131&#8217;ndan ayr\u0131larak \u0130stanbul Bo\u011faz\u0131 a\u00e7\u0131klar\u0131na seyreden Komor Adalar\u0131 bayrakl\u0131, 100 metrelik &#8220;Razouk&#8221; isimli kargo gemisi, K\u0131s\u0131rkaya a\u00e7\u0131klar\u0131nda karaya oturmu\u015ftu.<\/p>\n<p>\u0130hbar \u00fczerine b\u00f6lgeye Sahil G\u00fcvenlik Komutanl\u0131\u011f\u0131 ve K\u0131y\u0131 Emniyeti Genel M\u00fcd\u00fcrl\u00fc\u011f\u00fc ekipleri sevk edilmi\u015fti.<\/p>\n","protected":false},"excerpt":{"rendered":"<p>Komor Adalar\u0131 bayrakl\u0131 kargo gemisi &#8216;Razouk&#8217;, Sar\u0131yer a\u00e7\u0131klar\u0131nda karaya oturdu, yard\u0131m talebi yok.<\/p>\n","protected":false},"author":1,"featured_media":39890,"comment_status":"open","ping_status":"open","sticky":false,"template":"","format":"standard","meta":{"footnotes":""},"categories":[9,4,13],"tags":[],"class_list":["post-39889","post","type-post","status-publish","format-standard","has-post-thumbnail","hentry","category-genel","category-gundem","category-son-dakika"],"_links":{"self":[{"href":"https:\/\/bihavadis.com\/index.php\/wp-json\/wp\/v2\/posts\/39889","targetHints":{"allow":["GET"]}}],"collection":[{"href":"https:\/\/bihavadis.com\/index.php\/wp-json\/wp\/v2\/posts"}],"about":[{"href":"https:\/\/bihavadis.com\/index.php\/wp-json\/wp\/v2\/types\/post"}],"author":[{"embeddable":true,"href":"https:\/\/bihavadis.com\/index.php\/wp-json\/wp\/v2\/users\/1"}],"replies":[{"embeddable":true,"href":"https:\/\/bihavadis.com\/index.php\/wp-json\/wp\/v2\/comments?post=39889"}],"version-history":[{"count":1,"href":"https:\/\/bihavadis.com\/index.php\/wp-json\/wp\/v2\/posts\/39889\/revisions"}],"predecessor-version":[{"id":39891,"href":"https:\/\/bihavadis.com\/index.php\/wp-json\/wp\/v2\/posts\/39889\/revisions\/39891"}],"wp:featuredmedia":[{"embeddable":true,"href":"https:\/\/bihavadis.com\/index.php\/wp-json\/wp\/v2\/media\/39890"}],"wp:attachment":[{"href":"https:\/\/bihavadis.com\/index.php\/wp-json\/wp\/v2\/media?parent=39889"}],"wp:term":[{"taxonomy":"category","embeddable":true,"href":"https:\/\/bihavadis.com\/index.php\/wp-json\/wp\/v2\/categories?post=39889"},{"taxonomy":"post_tag","embeddable":true,"href":"https:\/\/bihavadis.com\/index.php\/wp-json\/wp\/v2\/tags?post=39889"}],"curies":[{"name":"wp","href":"https:\/\/api.w.org\/{rel}","templated":true}]}}