{"id":39892,"date":"2026-02-21T12:39:09","date_gmt":"2026-02-21T12:39:09","guid":{"rendered":"https:\/\/bihavadis.com\/?p=39892"},"modified":"2026-02-21T12:39:09","modified_gmt":"2026-02-21T12:39:09","slug":"fenerbahcede-trabzonspor-maci-icin-prim-karari","status":"publish","type":"post","link":"https:\/\/bihavadis.com\/index.php\/2026\/02\/21\/fenerbahcede-trabzonspor-maci-icin-prim-karari\/","title":{"rendered":"Fenerbah\u00e7e&#8217;de Trabzonspor ma\u00e7\u0131 i\u00e7in prim karar\u0131"},"content":{"rendered":"<p>Fenerbah\u00e7e, bir g\u00fcnl\u00fck iznin ard\u0131ndan yeniden Samand\u0131ra&#8217;da topland\u0131 ve Trabzonspor ma\u00e7\u0131n\u0131n haz\u0131rl\u0131klar\u0131na kald\u0131\u011f\u0131 yerden devam etti.<\/p>\n<p>\u015eampiyonluk yolunda kritik viraj olarak g\u00f6r\u00fclen kar\u015f\u0131la\u015fma \u00f6ncesinde tak\u0131mda morallerin y\u00fcksek oldu\u011fu g\u00f6zlendi.<\/p>\n<p>D\u00fcnk\u00fc antrenmanda futbolcular\u0131n son derece ne\u015feli oldu\u011fu dikkat \u00e7ekerken, idman y\u00fcksek tempoda ge\u00e7ti.<\/p>\n<p><strong>TEDESCO SIK SIK UYARDI<\/strong><\/p>\n<p>Teknik direkt\u00f6r Domenico Tedesco, \u00f6\u011frencilerinin h\u0131rsl\u0131 performans\u0131ndan memnun kald\u0131.<\/p>\n<p>\u0130talyan \u00e7al\u0131\u015ft\u0131r\u0131c\u0131, taktik b\u00f6l\u00fcmde antrenman\u0131 s\u0131k s\u0131k durdurarak uyar\u0131larda bulundu.<\/p>\n<p>Trabzonspor&#8217;un g\u00fc\u00e7l\u00fc ve zay\u0131f y\u00f6nlerini oyuncular\u0131na detayl\u0131 \u015fekilde aktaran Tedesco, sahada nas\u0131l bir oyun plan\u0131 uygulanmas\u0131 gerekti\u011fini uygulamal\u0131 olarak g\u00f6sterdi.<\/p>\n<p><img decoding=\"async\" src=\"https:\/\/bihavadis.com\/wp-content\/uploads\/2026\/02\/fenerbahcede-trabzonspor-maci-icin-prim-karari-0-mRMKasHN.jpg\"\/><\/p>\n<p><strong>MERCAN D\u00d6ND\u00dc<\/strong><\/p>\n<p>Fenerbah\u00e7e&#8217;de y\u00fczleri g\u00fcld\u00fcren bir geli\u015fme de ya\u015fand\u0131.<\/p>\n<p>10 Ocak&#8217;ta Galatasaray ile oynanan S\u00fcper Kupa ma\u00e7\u0131nda sakatlanan Levent Mercan, uzun s\u00fcren tedavi s\u00fcrecinin ard\u0131ndan tak\u0131mla \u00e7al\u0131\u015fmalara ba\u015flad\u0131.<\/p>\n<p>25 ya\u015f\u0131ndaki oyuncu, antrenman\u0131n tamam\u0131nda yer ald\u0131 ve herhangi bir sorun ya\u015famad\u0131. \u00d6te yandan Brown&#8217;\u0131n sakatl\u0131\u011f\u0131n\u0131n s\u00fcrd\u00fc\u011f\u00fc \u00f6\u011frenildi.<\/p>\n<p><img decoding=\"async\" src=\"https:\/\/bihavadis.com\/wp-content\/uploads\/2026\/02\/fenerbahcede-trabzonspor-maci-icin-prim-karari-1-hGI9CITP.jpg\"\/><\/p>\n<p><strong>GAL\u0130B\u0130YETE \u00d6ZEL PR\u0130M<\/strong><\/p>\n<p>Fenerbah\u00e7e Y\u00f6netimi&#8217;nin bug\u00fcn yap\u0131lacak son idmanda tak\u0131m\u0131 ziyaret etmesi bekleniyor.<\/p>\n<p>Ba\u015fkan Sadettin Saran ve y\u00f6neticilerin teknik heyet ile futbolculara moral konu\u015fmas\u0131 yapaca\u011f\u0131, ayr\u0131ca kritik kar\u015f\u0131la\u015fma i\u00e7in \u00f6zel prim a\u00e7\u0131klayaca\u011f\u0131 ifade edildi.<\/p>\n<p>Sar\u0131-lacivertliler, son antrenman\u0131n ard\u0131ndan saat 16.30&#8217;da Sabiha G\u00f6k\u00e7en Havaliman\u0131&#8217;ndan kalkacak \u00f6zel u\u00e7akla Trabzon&#8217;a hareket edecek.<\/p>\n<p>Kafile, konaklayaca\u011f\u0131 otele yerle\u015ferek ma\u00e7 saatini bekleyecek.<\/p>\n<p><img decoding=\"async\" src=\"https:\/\/bihavadis.com\/wp-content\/uploads\/2026\/02\/fenerbahcede-trabzonspor-maci-icin-prim-karari-2-Z3ypN33T.jpg\"\/><\/p>\n<p><img decoding=\"async\" src=\"https:\/\/bihavadis.com\/wp-content\/uploads\/2026\/02\/fenerbahcede-trabzonspor-maci-icin-prim-karari-3-C7ua6wCe.jpg\"\/><\/p>\n","protected":false},"excerpt":{"rendered":"<p>S\u00fcper Lig\u2019de \u015fampiyonluk ad\u0131na kritik Trabzonspor deplasman\u0131na \u00e7\u0131kacak Fenerbah\u00e7e\u2019de Ba\u015fkan Sadettin Saran, Samand\u0131ra\u2019ya iniyor. Saran, Trabzonspor ma\u00e7\u0131 \u00f6ncesi ald\u0131\u011f\u0131 prim karar\u0131n\u0131 tak\u0131ma duyuracak.<\/p>\n","protected":false},"author":1,"featured_media":39893,"comment_status":"open","ping_status":"open","sticky":false,"template":"","format":"standard","meta":{"footnotes":""},"categories":[14],"tags":[],"class_list":["post-39892","post","type-post","status-publish","format-standard","has-post-thumbnail","hentry","category-spor"],"_links":{"self":[{"href":"https:\/\/bihavadis.com\/index.php\/wp-json\/wp\/v2\/posts\/39892","targetHints":{"allow":["GET"]}}],"collection":[{"href":"https:\/\/bihavadis.com\/index.php\/wp-json\/wp\/v2\/posts"}],"about":[{"href":"https:\/\/bihavadis.com\/index.php\/wp-json\/wp\/v2\/types\/post"}],"author":[{"embeddable":true,"href":"https:\/\/bihavadis.com\/index.php\/wp-json\/wp\/v2\/users\/1"}],"replies":[{"embeddable":true,"href":"https:\/\/bihavadis.com\/index.php\/wp-json\/wp\/v2\/comments?post=39892"}],"version-history":[{"count":1,"href":"https:\/\/bihavadis.com\/index.php\/wp-json\/wp\/v2\/posts\/39892\/revisions"}],"predecessor-version":[{"id":39898,"href":"https:\/\/bihavadis.com\/index.php\/wp-json\/wp\/v2\/posts\/39892\/revisions\/39898"}],"wp:featuredmedia":[{"embeddable":true,"href":"https:\/\/bihavadis.com\/index.php\/wp-json\/wp\/v2\/media\/39893"}],"wp:attachment":[{"href":"https:\/\/bihavadis.com\/index.php\/wp-json\/wp\/v2\/media?parent=39892"}],"wp:term":[{"taxonomy":"category","embeddable":true,"href":"https:\/\/bihavadis.com\/index.php\/wp-json\/wp\/v2\/categories?post=39892"},{"taxonomy":"post_tag","embeddable":true,"href":"https:\/\/bihavadis.com\/index.php\/wp-json\/wp\/v2\/tags?post=39892"}],"curies":[{"name":"wp","href":"https:\/\/api.w.org\/{rel}","templated":true}]}}