{"id":39913,"date":"2026-02-21T12:54:05","date_gmt":"2026-02-21T12:54:05","guid":{"rendered":"https:\/\/bihavadis.com\/?p=39913"},"modified":"2026-02-21T12:54:05","modified_gmt":"2026-02-21T12:54:05","slug":"konyanin-2043-ulasim-vizyonu-paydaslarla-masaya-yatirildi","status":"publish","type":"post","link":"https:\/\/bihavadis.com\/index.php\/2026\/02\/21\/konyanin-2043-ulasim-vizyonu-paydaslarla-masaya-yatirildi\/","title":{"rendered":"Konya&#8217;n\u0131n 2043 Ula\u015f\u0131m Vizyonu Payda\u015flarla Masaya Yat\u0131r\u0131ld\u0131"},"content":{"rendered":"<p><strong>Konya B\u00fcy\u00fck\u015fehir Belediyesi koordinasyonunda y\u00fcr\u00fct\u00fclen \u201cKonya S\u00fcrd\u00fcr\u00fclebilir Kentsel Ula\u015f\u0131m Ana Plan\u0131\u201d \u00e7al\u0131\u015fmalar\u0131 kapsam\u0131nda geni\u015f kat\u0131l\u0131ml\u0131 bir \u00e7al\u0131\u015ftay d\u00fczenlendi. 112 kurum ve kurulu\u015ftan temsilcilerin kat\u0131ld\u0131\u011f\u0131 \u00e7al\u0131\u015ftayda Konya\u2019n\u0131n ula\u015f\u0131m gelece\u011fine k\u0131sa, orta ve uzun vadeli kararlara y\u00f6nelik de\u011ferlendirmelerde bulundu.<\/strong><\/p>\n<hr\/>\n<p>Konya B\u00fcy\u00fck\u015fehir Belediyesi taraf\u0131ndan \u201cS\u00fcrd\u00fcr\u00fclebilir Kentsel Ula\u015f\u0131m Ana Plan\u0131\u201d (KONSUAP) \u00e7al\u0131\u015ftay\u0131 d\u00fczenlendi.\u00a0<\/p>\n<p>B\u00fcy\u00fck\u015fehir Belediyesi Ta\u015f Bina K\u00fclt\u00fcr Sanat\u2019ta d\u00fczenlenen \u00e7al\u0131\u015ftay\u0131n a\u00e7\u0131l\u0131\u015f\u0131nda konu\u015fan B\u00fcy\u00fck\u015fehir Belediyesi Genel Sekreteri Ercan Uslu, \u201cUla\u015f\u0131m belediyecili\u011fin altyap\u0131 hizmetleriyle birlikte en temel, sessiz lokomotiflerinden birisi. Aksad\u0131\u011f\u0131 zaman \u00f6nemi fark edilebilecek durumda \u00e7o\u011fu zaman. \u2018\u0130sti\u015fare eden yan\u0131lmaz buyuruyor\u2019 Peygamber Efendimiz. \u0130n\u015fallah do\u011fru sonu\u00e7lar\u0131n \u00e7\u0131kaca\u011f\u0131na inan\u0131yoruz. \u00c7\u0131kacak sonu\u00e7lar\u0131n \u015fehrimiz i\u00e7in hay\u0131rlar getirmesini diliyorum\u201d ifadelerini kulland\u0131.<\/p>\n<p>B\u00fcy\u00fck\u015fehir Belediyesi Ula\u015f\u0131m Dairesi Ba\u015fkan\u0131 Hasan G\u00f6rg\u00fcl\u00fc\u2019n\u00fcn yan\u0131 s\u0131ra Konya genelinden 112 kurum ve kurulu\u015ftan temsilcilerin kat\u0131ld\u0131\u011f\u0131 \u00e7al\u0131\u015ftayda, KONSUAP s\u00fcrecinde elde edilen mevcut durum analizleri ve veri toplama \u00e7al\u0131\u015fmalar\u0131 payda\u015flar\u0131n g\u00f6r\u00fc\u015f\u00fcne sunuldu.\u00a0<\/p>\n<p><strong>KISA, ORTA VE UZUN VADEL\u0130 PLANLAMA KARARLARININ OLU\u015eTURULMASI HEDEFLEN\u0130YOR<\/strong><\/p>\n<p>\u00c7al\u0131\u015ftayda ula\u015f\u0131m altyap\u0131s\u0131n\u0131n kapasite durumu, yol ve kav\u015fak performanslar\u0131, toplu ta\u015f\u0131ma sistemlerinin hizmet d\u00fczeyi, yaya ve bisiklet eri\u015filebilirli\u011fi ile \u00f6zel ara\u00e7 kullan\u0131m\u0131na ba\u011fl\u0131 bask\u0131lar b\u00fct\u00fcnc\u00fcl bir \u00e7er\u00e7evede ele al\u0131nd\u0131.\u00a0<\/p>\n<p>Ayr\u0131ca Konya\u2019n\u0131n demografik, sosyoekonomik ve mek\u00e2nsal geli\u015fme e\u011filimleri dikkate al\u0131narak 2043 y\u0131l\u0131nda ortaya \u00e7\u0131kmas\u0131 \u00f6ng\u00f6r\u00fclen kapasite yetersizlikleri, trafik s\u0131k\u0131\u015f\u0131kl\u0131klar\u0131, toplu ta\u015f\u0131ma talep bask\u0131lar\u0131, \u00e7evresel etkiler ve eri\u015filebilirlik sorunlar\u0131 de\u011ferlendirildi.<\/p>\n<p>Teknik analizlerin payda\u015flarla birlikte ele al\u0131nmas\u0131, kurum ve kurulu\u015flar\u0131n g\u00f6r\u00fc\u015f ve \u00f6nerilerinin al\u0131narak planlama s\u00fcrecine katk\u0131 sa\u011flanmas\u0131 ama\u00e7lanan \u00e7al\u0131\u015ftayda bir sonraki a\u015famada ise teknik analiz ve modelleme \u00e7al\u0131\u015fmalar\u0131 ile elde edilen payda\u015f katk\u0131lar\u0131 bir araya getirilerek k\u0131sa, orta ve uzun vadeli planlama kararlar\u0131n\u0131n olu\u015fturulmas\u0131 hedeflendi.<\/p>\n<p><strong>KONSUAP \u0130LE KAPSAMLI ANAL\u0130ZLER Y\u00dcR\u00dcT\u00dcL\u00dcYOR<\/strong><\/p>\n<p>2025 y\u0131l\u0131n\u0131n Mart ay\u0131ndan bu yana devam eden KONSUAP \u00e7er\u00e7evesinde toplu ta\u015f\u0131ma sistemleri, karayolu altyap\u0131s\u0131 ve trafik y\u00f6netimi, otopark sistemi, yaya ve bisiklet ula\u015f\u0131m\u0131, \u015fehir i\u00e7i y\u00fck ta\u015f\u0131mac\u0131l\u0131\u011f\u0131, \u015fehirleraras\u0131 ula\u015f\u0131m ba\u011flant\u0131lar\u0131 ile kurumsal ve yasal yap\u0131lanma ba\u015fl\u0131klar\u0131nda kapsaml\u0131 analizler y\u00fcr\u00fct\u00fcl\u00fcyor.<\/p>\n<p>\u00c7al\u0131\u015fmalar kapsam\u0131nda g\u00fc\u00e7l\u00fc bir analitik altyap\u0131 olu\u015fturmak amac\u0131yla kurumlarla i\u015f birli\u011fi yap\u0131larak veriler toplan\u0131rken kurumlardan temin edilemeyen veriler i\u00e7in saha \u00e7al\u0131\u015fmalar\u0131 ger\u00e7ekle\u015ftirildi, \u015fehir genelinde 106 noktada say\u0131mlar yap\u0131ld\u0131. 31.000 vatanda\u015fla y\u00fcz y\u00fcze anketler ger\u00e7ekle\u015ftirildi. Elde edilen t\u00fcm veriler birlikte de\u011ferlendirilerek Konya genelinde ula\u015f\u0131m ve trafik sistemine ili\u015fkin mevcut sorunlar, yap\u0131sal yetersizlikler ve darbo\u011fazlar ayr\u0131nt\u0131l\u0131 bi\u00e7imde ortaya konuldu.<\/p>\n<p>KONSUAP kapsam\u0131nda 2043 hedef y\u0131l\u0131 itibar\u0131yla Konya\u2019da olu\u015facak ula\u015f\u0131m talebinin, toplu ta\u015f\u0131ma odakl\u0131, \u00e7evre dostu ve s\u00fcrd\u00fcr\u00fclebilir bir ula\u015f\u0131m sistemiyle kar\u015f\u0131lanmas\u0131na y\u00f6nelik yat\u0131r\u0131m \u00f6ncelikleri ile i\u015fletme ve y\u00f6netim politikalar\u0131n\u0131n belirlenmesi ama\u00e7lan\u0131yor.<\/p>\n<p>\u00a0<\/p>\n<p>\u00a0<\/p>\n<p>Kaynak: (BYZHA) Beyaz Haber Ajans\u0131<\/p>\n","protected":false},"excerpt":{"rendered":"<p>Konya B\u00fcy\u00fck\u015fehir Belediyesi koordinasyonunda y\u00fcr\u00fct\u00fclen \u201cKonya S\u00fcrd\u00fcr\u00fclebilir Kentsel Ula\u015f\u0131m Ana Plan\u0131\u201d \u00e7al\u0131\u015fmalar\u0131 kapsam\u0131nda geni\u015f kat\u0131l\u0131ml\u0131 bir \u00e7al\u0131\u015ftay d\u00fczenlendi.<\/p>\n","protected":false},"author":1,"featured_media":39914,"comment_status":"open","ping_status":"open","sticky":false,"template":"","format":"standard","meta":{"footnotes":""},"categories":[4],"tags":[4595,426,1570,1068,701],"class_list":["post-39913","post","type-post","status-publish","format-standard","has-post-thumbnail","hentry","category-gundem","tag-calistay","tag-konya","tag-kurum","tag-tas","tag-ulasim"],"_links":{"self":[{"href":"https:\/\/bihavadis.com\/index.php\/wp-json\/wp\/v2\/posts\/39913","targetHints":{"allow":["GET"]}}],"collection":[{"href":"https:\/\/bihavadis.com\/index.php\/wp-json\/wp\/v2\/posts"}],"about":[{"href":"https:\/\/bihavadis.com\/index.php\/wp-json\/wp\/v2\/types\/post"}],"author":[{"embeddable":true,"href":"https:\/\/bihavadis.com\/index.php\/wp-json\/wp\/v2\/users\/1"}],"replies":[{"embeddable":true,"href":"https:\/\/bihavadis.com\/index.php\/wp-json\/wp\/v2\/comments?post=39913"}],"version-history":[{"count":1,"href":"https:\/\/bihavadis.com\/index.php\/wp-json\/wp\/v2\/posts\/39913\/revisions"}],"predecessor-version":[{"id":39915,"href":"https:\/\/bihavadis.com\/index.php\/wp-json\/wp\/v2\/posts\/39913\/revisions\/39915"}],"wp:featuredmedia":[{"embeddable":true,"href":"https:\/\/bihavadis.com\/index.php\/wp-json\/wp\/v2\/media\/39914"}],"wp:attachment":[{"href":"https:\/\/bihavadis.com\/index.php\/wp-json\/wp\/v2\/media?parent=39913"}],"wp:term":[{"taxonomy":"category","embeddable":true,"href":"https:\/\/bihavadis.com\/index.php\/wp-json\/wp\/v2\/categories?post=39913"},{"taxonomy":"post_tag","embeddable":true,"href":"https:\/\/bihavadis.com\/index.php\/wp-json\/wp\/v2\/tags?post=39913"}],"curies":[{"name":"wp","href":"https:\/\/api.w.org\/{rel}","templated":true}]}}