{"id":39927,"date":"2026-02-21T13:03:04","date_gmt":"2026-02-21T13:03:04","guid":{"rendered":"https:\/\/bihavadis.com\/?p=39927"},"modified":"2026-02-21T13:03:04","modified_gmt":"2026-02-21T13:03:04","slug":"izmirde-emeklilere-30-milyon-lirayi-asan-destek","status":"publish","type":"post","link":"https:\/\/bihavadis.com\/index.php\/2026\/02\/21\/izmirde-emeklilere-30-milyon-lirayi-asan-destek\/","title":{"rendered":"\u0130zmir&#8217;de emeklilere 30 milyon liray\u0131 a\u015fan destek"},"content":{"rendered":"<p>\u0130zmir B\u00fcy\u00fck\u015fehir Belediyesi, ramazan \u00f6ncesi ihtiya\u00e7 sahibi emeklileri unutmad\u0131. Al\u0131\u015fveri\u015f ve kira deste\u011fi kapsam\u0131nda 2026 y\u0131l\u0131n\u0131n ilk \u00f6deme d\u00f6nemi i\u00e7in 30 milyon 157 bin 500 TL\u2019lik destek sa\u011fland\u0131. Ba\u015fkan Dr. Cemil Tugay, \u201cRamazan\u2019\u0131n bereketini \u015fehrimizde birlikte payla\u015fmaya, dayan\u0131\u015fmay\u0131 b\u00fcy\u00fctmeye devam edece\u011fiz\u201d dedi.<\/p>\n<p>\u0130zmir B\u00fcy\u00fck\u015fehir Belediye Ba\u015fkan\u0131 Dr. Cemil Tugay\u2019\u0131n sosyal belediyecilik anlay\u0131\u015f\u0131 do\u011frultusunda hayata ge\u00e7irdi\u011fi Emekli Dayan\u0131\u015fma Kart\u0131 uygulamas\u0131 emeklileri ramazan ay\u0131 yakla\u015f\u0131rken rahatlatt\u0131. \u0130htiya\u00e7 sahibi emeklilere kira, market ve su faturas\u0131 deste\u011fini i\u00e7eren proje kapsam\u0131nda y\u0131l\u0131n ilk \u00f6deme s\u00fcreci tamamland\u0131. Al\u0131\u015fveri\u015f deste\u011fi \u00e7er\u00e7evesinde, 9 bin 792 emekliye ki\u015fi ba\u015f\u0131 2 bin 500 TL olmak \u00fczere toplamda 24 milyon 480 bin lira, kira deste\u011fi kapsam\u0131nda ise 2 bin 271 emekliye yine ki\u015fi ba\u015f\u0131 2 bin 500 TL olmak \u00fczere toplamda 5 milyon 677 bin 500 TL \u00f6deme yap\u0131ld\u0131. 2026 y\u0131l\u0131n\u0131n ilk \u00f6deme d\u00f6neminde emekli al\u0131\u015fveri\u015f ve kira destekleri kapsam\u0131nda \u00f6denen genel toplam tutar 30 milyon 157 bin 500 lira oldu.<\/p>\n<p><strong>Tugay: Dayan\u0131\u015fmay\u0131 b\u00fcy\u00fctmeye devam edece\u011fiz<\/strong><br \/>\u0130zmir B\u00fcy\u00fck\u015fehir Belediye Ba\u015fkan\u0131 Dr. Cemil Tugay, \u201cRamazan\u2019a girerken emeklilerimizi yaln\u0131z b\u0131rakm\u0131yor, b\u00fct\u00e7elerine destek oluyoruz. Emekli Dayan\u0131\u015fma Kart\u0131m\u0131zla y\u0131l\u0131n ilk \u00f6demesini ger\u00e7ekle\u015ftirdik. Emeklilerimizin kartlar\u0131na 30 milyon liray\u0131 a\u015fan kira, market ve fatura deste\u011fini yat\u0131rd\u0131k. Ramazan\u2019\u0131n bereketini \u015fehrimizde birlikte payla\u015fmaya, dayan\u0131\u015fmay\u0131 b\u00fcy\u00fctmeye devam edece\u011fiz\u201d dedi.<\/p>\n<p><strong>Bu y\u0131l 2 bin 500 liraya \u00e7\u0131kar\u0131lm\u0131\u015ft\u0131<\/strong><\/p>\n<p>2026 y\u0131l\u0131nda ihtiya\u00e7 sahibi emeklilere sa\u011flanan kira, market ve su faturas\u0131 destekleri art\u0131r\u0131lm\u0131\u015f, kira ve market yard\u0131mlar\u0131 ayl\u0131k 1000\u2019er liradan 2 bin 500 TL\u2019ye y\u00fckseltilmi\u015fti. Su faturalar\u0131nda ise 0\u20134 metrek\u00fcp su t\u00fcketimine ili\u015fkin bedelin tamam\u0131n\u0131n \u00fccretsiz olmas\u0131, kalan tutar\u0131n ise y\u00fczde 50\u2019sinin kar\u015f\u0131lanmas\u0131 uygulamas\u0131 bu y\u0131l da devam edecek.<\/p>\n<p>\u00a0<\/p>\n<p>\u00a0<\/p>\n<p>Kaynak: (BYZHA) Beyaz Haber Ajans\u0131<\/p>\n","protected":false},"excerpt":{"rendered":"<p>\u0130zmir B\u00fcy\u00fck\u015fehir Belediyesi, ramazan \u00f6ncesi ihtiya\u00e7 sahibi emeklileri unutmad\u0131. Al\u0131\u015fveri\u015f ve kira deste\u011fi kapsam\u0131nda 2026 y\u0131l\u0131n\u0131n ilk \u00f6deme d\u00f6nemi i\u00e7in 30 milyon 157 bin 500 TL\u2019lik destek sa\u011fland\u0131.<\/p>\n","protected":false},"author":1,"featured_media":39928,"comment_status":"open","ping_status":"open","sticky":false,"template":"","format":"standard","meta":{"footnotes":""},"categories":[8],"tags":[2671,845,842,801,266],"class_list":["post-39927","post","type-post","status-publish","format-standard","has-post-thumbnail","hentry","category-ekonomi","tag-dayanisma","tag-emekli","tag-kira","tag-lira","tag-milyon"],"_links":{"self":[{"href":"https:\/\/bihavadis.com\/index.php\/wp-json\/wp\/v2\/posts\/39927","targetHints":{"allow":["GET"]}}],"collection":[{"href":"https:\/\/bihavadis.com\/index.php\/wp-json\/wp\/v2\/posts"}],"about":[{"href":"https:\/\/bihavadis.com\/index.php\/wp-json\/wp\/v2\/types\/post"}],"author":[{"embeddable":true,"href":"https:\/\/bihavadis.com\/index.php\/wp-json\/wp\/v2\/users\/1"}],"replies":[{"embeddable":true,"href":"https:\/\/bihavadis.com\/index.php\/wp-json\/wp\/v2\/comments?post=39927"}],"version-history":[{"count":1,"href":"https:\/\/bihavadis.com\/index.php\/wp-json\/wp\/v2\/posts\/39927\/revisions"}],"predecessor-version":[{"id":39929,"href":"https:\/\/bihavadis.com\/index.php\/wp-json\/wp\/v2\/posts\/39927\/revisions\/39929"}],"wp:featuredmedia":[{"embeddable":true,"href":"https:\/\/bihavadis.com\/index.php\/wp-json\/wp\/v2\/media\/39928"}],"wp:attachment":[{"href":"https:\/\/bihavadis.com\/index.php\/wp-json\/wp\/v2\/media?parent=39927"}],"wp:term":[{"taxonomy":"category","embeddable":true,"href":"https:\/\/bihavadis.com\/index.php\/wp-json\/wp\/v2\/categories?post=39927"},{"taxonomy":"post_tag","embeddable":true,"href":"https:\/\/bihavadis.com\/index.php\/wp-json\/wp\/v2\/tags?post=39927"}],"curies":[{"name":"wp","href":"https:\/\/api.w.org\/{rel}","templated":true}]}}