{"id":39980,"date":"2026-02-21T13:48:05","date_gmt":"2026-02-21T13:48:05","guid":{"rendered":"https:\/\/bihavadis.com\/?p=39980"},"modified":"2026-02-21T13:48:05","modified_gmt":"2026-02-21T13:48:05","slug":"milas-belediyesi-gida-kolisi-dagitimlarini-surduruyor","status":"publish","type":"post","link":"https:\/\/bihavadis.com\/index.php\/2026\/02\/21\/milas-belediyesi-gida-kolisi-dagitimlarini-surduruyor\/","title":{"rendered":"Milas Belediyesi G\u0131da Kolisi Da\u011f\u0131t\u0131mlar\u0131n\u0131 S\u00fcrd\u00fcr\u00fcyor"},"content":{"rendered":"<p><span><span><span><span><span>Milas Belediyesi birlik, beraberlik ve dayan\u0131\u015fman\u0131n simgesi olan Ramazan ay\u0131nda g\u0131da kolisi yard\u0131m\u0131 ger\u00e7ekle\u015ftiriyor.<\/span><\/span><\/span><\/span><\/span><\/p>\n<p><span><span><span><span><span>Sosyal belediyecili\u011fi \u00f6nceleyen ve bu do\u011frultuda \u00e7al\u0131\u015fmalar ger\u00e7ekle\u015ftiren Milas Belediyesi, Ramazan ay\u0131nda ailelere yard\u0131m elini uzat\u0131yor. Ramazan ay\u0131 boyunca g\u0131da kolilerini ihtiya\u00e7 sahiplerine ula\u015ft\u0131racak olan Milas Belediyesi Ramazan Ay\u0131\u2019n\u0131n payla\u015fma ruhuna ortak oluyor. <\/span><\/span><\/span><\/span><\/span><\/p>\n<p><span><span><span><span><span>Daha \u00f6nceden sistemde kay\u0131tl\u0131 olan ve incelemeleri tamamlanan ihtiya\u00e7 sahibi ailelere teslim edilen g\u0131da kolileri Milas Belediyesi Sosyal Hizmetler M\u00fcd\u00fcrl\u00fc\u011f\u00fc ekipleri taraf\u0131ndan kap\u0131 kap\u0131 dola\u015farak evlere teslim ediliyor, dileyen ihtiya\u00e7 sahibi vatanda\u015flar\u0131m\u0131z ise Milas Belediyesi Sosyal Hizmetler M\u00fcd\u00fcrl\u00fc\u011f\u00fc binas\u0131ndan kolilerini alabiliyor. <\/span><\/span><\/span><\/span><\/span><\/p>\n<p><span><span><span><span><span>Hijyen standartlar\u0131na uygun bir \u015fekilde \u00f6zenle paketlenen kolilerde ailelerin temel mutfak ihtiyac\u0131n\u0131 kar\u015f\u0131layacak \u00fcr\u00fcnler yer al\u0131yor.\u00a0 Ramazan ay\u0131n\u0131n manevi iklimini dayan\u0131\u015fma ile g\u00fc\u00e7lendirmek amac\u0131yla ba\u015flat\u0131lan bu yard\u0131m \u00e7al\u0131\u015fmas\u0131yla, \u015fehirdeki yard\u0131ma muhta\u00e7 ailelerin sofralar\u0131na destek olunmas\u0131 hedefleniyor.<\/span><\/span><\/span><\/span><\/span><\/p>\n<p><span><span><span><b><span><span>\u015eehit ailelerine g\u0131da kolisi deste\u011fi\u2026<\/span><\/span><\/b><\/span><\/span><\/span><\/p>\n<p><span><span><span><span><span>Milas Belediyesi taraf\u0131ndan \u015fehit ve gazi aileleri, Milas Sakatlar Derne\u011fi \u00fcyeleri ve muhtarl\u0131klar\u0131n belirledi\u011fi isimlere de g\u0131da kolileri teslim edilerek Ramazan Ay\u0131\u2019n\u0131n payla\u015fma ruhuna ortak olunuyor. <\/span><\/span><\/span><\/span><\/span><\/p>\n<p><span><span><span><b><span><span>Ba\u015fkan Topuz kolileri paketledi\u2026<\/span><\/span><\/b><\/span><\/span><\/span><\/p>\n<p><span><span><span><span><span>Milas Belediye Ba\u015fkan\u0131 Fevzi Topuz, g\u0131da kolilerinin paketlendi\u011fi Milas Belediyesi Sosyal Hizmetler M\u00fcd\u00fcrl\u00fc\u011f\u00fc Binas\u0131\u2019n\u0131 ziyaret ederek vatanda\u015flara da\u011f\u0131t\u0131m\u0131 yap\u0131lan g\u0131da kolilerini kendi elleriyle doldurdu. 18 kalem malzemeden olu\u015fan temel g\u0131da yard\u0131mlar\u0131n\u0131 paketleyen Ba\u015fkan Topuz, sonras\u0131nda paketleri vatanda\u015flara teslim etti. <\/span><\/span><\/span><\/span><\/span><\/p>\n<p><span><span><span><b><span><span>\u2018T\u00fcm \u0130slam aleminin Ramazan ay\u0131n\u0131 kutluyorum\u2019\u2026<\/span><\/span><\/b><\/span><\/span><\/span><\/p>\n<p><span><span><span><span><span>G\u0131da kolisi da\u011f\u0131t\u0131m\u0131n\u0131n ard\u0131ndan konu\u015fan Milas Belediye Ba\u015fkan\u0131 Fevzi Topuz, \u201cRamazan ay\u0131na bir kez daha kavu\u015fman\u0131n huzurunu ya\u015f\u0131yoruz. Ramazan yard\u0131mla\u015fman\u0131n, dayan\u0131\u015fman\u0131n ve karde\u015flik ba\u011flar\u0131n\u0131n g\u00fc\u00e7lendi\u011fi en \u00f6zel zamand\u0131r. Milas Belediyesi olarak bu kutsal ay\u0131n bereketini ihtiya\u00e7 sahibi ailelerimize ta\u015f\u0131may\u0131 kendimize vazife edindik. Haz\u0131rlad\u0131\u011f\u0131m\u0131z g\u0131da kolileri ile ihtiya\u00e7 sahibi ailelerimizin sofralar\u0131na misafir oluyor, birlik ve beraberli\u011fimizin s\u0131cakl\u0131\u011f\u0131n\u0131 payla\u015f\u0131yoruz. Bu sene \u015fehit ve gazi ailelerimiz, sakatlar derne\u011fi \u00fcyelerimiz ve muhtarl\u0131klardan gelen isimler do\u011frultusunda da g\u0131da kolilerini teslim ederek payla\u015fma ruhuna ortak oluyoruz. Payla\u015fman\u0131n ve dayan\u0131\u015fman\u0131n g\u00fczelli\u011fini en \u00e7ok hissetti\u011fimiz m\u00fcbarek Ramazan ay\u0131n\u0131n sofran\u0131za bereket, evinize huzur ve sa\u011fl\u0131k getirmesini temenni ediyor, t\u00fcm \u0130slam aleminin Ramazan ay\u0131n\u0131 kutluyorum\u201d dedi. <\/span><\/span><\/span><\/span><\/span><\/p>\n<p>\u00a0<\/p>\n<p>\u00a0<\/p>\n<p>Kaynak: (BYZHA) Beyaz Haber Ajans\u0131<\/p>\n","protected":false},"excerpt":{"rendered":"<p>Milas Belediyesi birlik, beraberlik ve dayan\u0131\u015fman\u0131n simgesi olan Ramazan ay\u0131nda g\u0131da kolisi yard\u0131m\u0131 ger\u00e7ekle\u015ftiriyor.<\/p>\n","protected":false},"author":1,"featured_media":39981,"comment_status":"open","ping_status":"open","sticky":false,"template":"","format":"standard","meta":{"footnotes":""},"categories":[4],"tags":[5601,5282,1704,1481,579],"class_list":["post-39980","post","type-post","status-publish","format-standard","has-post-thumbnail","hentry","category-gundem","tag-gida-kolileri","tag-milas-belediyesi","tag-ramazan-ayi","tag-teslim","tag-yardim"],"_links":{"self":[{"href":"https:\/\/bihavadis.com\/index.php\/wp-json\/wp\/v2\/posts\/39980","targetHints":{"allow":["GET"]}}],"collection":[{"href":"https:\/\/bihavadis.com\/index.php\/wp-json\/wp\/v2\/posts"}],"about":[{"href":"https:\/\/bihavadis.com\/index.php\/wp-json\/wp\/v2\/types\/post"}],"author":[{"embeddable":true,"href":"https:\/\/bihavadis.com\/index.php\/wp-json\/wp\/v2\/users\/1"}],"replies":[{"embeddable":true,"href":"https:\/\/bihavadis.com\/index.php\/wp-json\/wp\/v2\/comments?post=39980"}],"version-history":[{"count":1,"href":"https:\/\/bihavadis.com\/index.php\/wp-json\/wp\/v2\/posts\/39980\/revisions"}],"predecessor-version":[{"id":39982,"href":"https:\/\/bihavadis.com\/index.php\/wp-json\/wp\/v2\/posts\/39980\/revisions\/39982"}],"wp:featuredmedia":[{"embeddable":true,"href":"https:\/\/bihavadis.com\/index.php\/wp-json\/wp\/v2\/media\/39981"}],"wp:attachment":[{"href":"https:\/\/bihavadis.com\/index.php\/wp-json\/wp\/v2\/media?parent=39980"}],"wp:term":[{"taxonomy":"category","embeddable":true,"href":"https:\/\/bihavadis.com\/index.php\/wp-json\/wp\/v2\/categories?post=39980"},{"taxonomy":"post_tag","embeddable":true,"href":"https:\/\/bihavadis.com\/index.php\/wp-json\/wp\/v2\/tags?post=39980"}],"curies":[{"name":"wp","href":"https:\/\/api.w.org\/{rel}","templated":true}]}}